{"id":23515,"date":"2024-05-17T13:28:05","date_gmt":"2024-05-17T13:28:05","guid":{"rendered":"https:\/\/radioritmo.com.ar\/?p=17215"},"modified":"2024-05-17T13:28:05","modified_gmt":"2024-05-17T13:28:05","slug":"dale-q-va-y-un-desafio-para-festejar-su-septimo-aniversario-el-anuncio-junto-al-flaco-pailos","status":"publish","type":"post","link":"https:\/\/latecordoba.com\/index.php\/2024\/05\/17\/dale-q-va-y-un-desafio-para-festejar-su-septimo-aniversario-el-anuncio-junto-al-flaco-pailos\/","title":{"rendered":"Dale Q\u2019 Va y un desaf\u00edo para festejar su s\u00e9ptimo aniversario: el anuncio junto al Flaco Pailos"},"content":{"rendered":"\n<div><img decoding=\"async\" src=\"http:\/\/latecordoba.com\/wp-content\/uploads\/2024\/05\/dale-q-va-y-un-desafio-para-festejar-su-septimo-aniversario-el-anuncio-junto-al-flaco-pailos.jpg\" class=\"ff-og-image-inserted\"><\/div>\n<h2 class=\"article__dropline\">Neno Aguirre y David Ortiz presentaron el nuevo episodio de su miniserie. La repercusi\u00f3n entre los fan\u00e1ticos.<\/h2>\n<p>Desde que&nbsp;<b>Dale Q\u2019 Va<\/b>&nbsp;anunci\u00f3 su regreso, los fan\u00e1ticos est\u00e1n al tanto de cada movimiento de la banda. El conjunto cuartetero present\u00f3 el nuevo cap\u00edtulo de su miniserie y anunci\u00f3&nbsp;<b>el desaf\u00edo de los 7 lugares<\/b>.<\/p>\n<p><b>El Flaco Pailos<\/b>&nbsp;actu\u00f3 en el film e interpretando a un sacerdote asegur\u00f3: \u201cSu representante me habl\u00f3 para que ustedes<b>&nbsp;hagan el desaf\u00edo de los 7 lugares. M\u00e1s no s\u00e9<\/b>, as\u00ed que los tengo que dejar\u201d.<\/p>\n<p class=\"paragraph\">En los episodios anteriores,&nbsp;<b>Neno y David se cruzaron por todos lados con el n\u00famero 7&nbsp;<\/b>como si de una se\u00f1al divina se tratara. Ahora saben que su representante les tiene preparado algo especial y si bien no se dieron m\u00e1s detalles los bailarines plasmaron sus especulaciones en los comentarios.<\/p>\n<p class=\"paragraph\">\u201cVengan a Buenos Aires\u201d, \u201cdigan que uno de esos lugares es Mendoza\u201d y&nbsp;<b>\u201dhay que hacer presentaciones en los 7 estadios m\u00e1s grandes de Argentina\u201d<\/b>, fueron algunos de los tantos mensajes.<\/p>\n<p class=\"paragraph\"><b>Dale Q\u2019 Va<\/b>&nbsp;revelar\u00e1 de qu\u00e9 se trata el desaf\u00edo en el pr\u00f3ximo episodio. Los fans esperan expectantes por nuevas noticias y para calmar un poco las ansias este viernes a las 18 presentar\u00e1n su nuevo tema titulado&nbsp;<i><b>Me bloquea<\/b><\/i>.<\/p>\n","protected":false},"excerpt":{"rendered":"<p> Neno Aguirre y David Ortiz presentaron el nuevo episodio de su miniserie. La repercusi\u00f3n entre los fan\u00e1ticos. Desde que\u00a0Dale Q\u2019 Va\u00a0anunci\u00f3 su regreso, los fan\u00e1ticos est\u00e1n al tanto de cada movimiento de la banda. El conjunto cuartetero present\u00f3 el nuevo cap\u00edtulo de su miniserie y anunci\u00f3\u00a0el desaf\u00edo de los 7 lugares. El Flaco Pailos\u00a0actu\u00f3 en &#8230;  <\/p>\n","protected":false},"author":1,"featured_media":23516,"comment_status":"closed","ping_status":"closed","sticky":false,"template":"","format":"standard","meta":[],"categories":[20],"tags":[],"_links":{"self":[{"href":"https:\/\/latecordoba.com\/index.php\/wp-json\/wp\/v2\/posts\/23515"}],"collection":[{"href":"https:\/\/latecordoba.com\/index.php\/wp-json\/wp\/v2\/posts"}],"about":[{"href":"https:\/\/latecordoba.com\/index.php\/wp-json\/wp\/v2\/types\/post"}],"author":[{"embeddable":true,"href":"https:\/\/latecordoba.com\/index.php\/wp-json\/wp\/v2\/users\/1"}],"replies":[{"embeddable":true,"href":"https:\/\/latecordoba.com\/index.php\/wp-json\/wp\/v2\/comments?post=23515"}],"version-history":[{"count":0,"href":"https:\/\/latecordoba.com\/index.php\/wp-json\/wp\/v2\/posts\/23515\/revisions"}],"wp:featuredmedia":[{"embeddable":true,"href":"https:\/\/latecordoba.com\/index.php\/wp-json\/wp\/v2\/media\/23516"}],"wp:attachment":[{"href":"https:\/\/latecordoba.com\/index.php\/wp-json\/wp\/v2\/media?parent=23515"}],"wp:term":[{"taxonomy":"category","embeddable":true,"href":"https:\/\/latecordoba.com\/index.php\/wp-json\/wp\/v2\/categories?post=23515"},{"taxonomy":"post_tag","embeddable":true,"href":"https:\/\/latecordoba.com\/index.php\/wp-json\/wp\/v2\/tags?post=23515"}],"curies":[{"name":"wp","href":"https:\/\/api.w.org\/{rel}","templated":true}]}}