{"id":23504,"date":"2024-05-17T13:06:30","date_gmt":"2024-05-17T13:06:30","guid":{"rendered":"https:\/\/viapais.com.ar\/tres-arroyos\/agenda-cultural-de-tres-arroyos-para-el-fin-de-semana\/"},"modified":"2024-05-17T13:06:30","modified_gmt":"2024-05-17T13:06:30","slug":"agenda-cultural-de-tres-arroyos-para-el-fin-de-semana","status":"publish","type":"post","link":"https:\/\/latecordoba.com\/index.php\/2024\/05\/17\/agenda-cultural-de-tres-arroyos-para-el-fin-de-semana\/","title":{"rendered":"Agenda Cultural de Tres Arroyos para el fin de semana"},"content":{"rendered":"\n<p><i>V\u00eda Tres Arroyos<\/i> te presenta la <b>agenda cultural<\/b> para Tres Arroyos y las localidades para los <b>d\u00edas 17, 18 y 19 de mayo.<\/b><\/p>\n<h2 class>Biblioteca P\u00fablica Sarmiento \u2013 Avenida Moreno 334<\/h2>\n<p><b>Domingo 19: <\/b>Teatro <a href=\"https:\/\/viapais.com.ar\/tres-arroyos\/llega-viatrix-a-la-biblioteca-sarmiento\/\" target=\"_blank\" rel=\"noopener\"><b>Viatrix<\/b><\/a> &#8211; Espect\u00e1culo de humor, m\u00fasica y circo \u2013 Para toda la familia \u2013 16 horas &#8211; Entradas a la venta en el teatro de la Biblioteca Sarmiento \u2013 valor 2000 pesos.<\/p>\n<figure><picture><img alt=\"Llega Viatrix a la Biblioteca Sarmiento\" class=\" block \" src=\"http:\/\/latecordoba.com\/wp-content\/uploads\/2024\/05\/agenda-cultural-de-tres-arroyos-para-el-fin-de-semana.jpg\" sizes=\"auto\" loading=\"lazy\" data-src=\"http:\/\/latecordoba.com\/wp-content\/uploads\/2024\/05\/agenda-cultural-de-tres-arroyos-para-el-fin-de-semana.jpg\" width=\"1023px\" fetchpriority=\"low\" decoding=\"async\" height=\"1023px\"><\/picture><figcaption class>Llega Viatrix a la Biblioteca Sarmiento Foto: Redacci\u00f3n V\u00eda Tres Arroyos<\/figcaption><\/figure>\n<h2 class>Centro Cultural La Casona \u2013 Avenida Rivadavia 641<\/h2>\n<p><b>Viernes 17:<\/b> Bachtango Fest \u2013 Galer\u00eda de Juegos \u2013 Indumentaria de Baile, Agustina Giuliani \u2013 Glitter Point \u2013 Entradas anticipadas a la venta 2983 \u2013 355320 \u2013 Valor 2000 pesos<\/p>\n<p><b>S\u00e1bado 18:<\/b> <a href=\"https:\/\/viapais.com.ar\/tres-arroyos\/vuelve-el-tributo-a-patricio-rey-y-los-redonditos-de-ricota-en-la-casona\/\" target=\"_blank\" rel=\"noopener\"><b>Tributo a Patricio Rey y los Redonditos de Ricota<\/b><\/a> &#8211; Entradas a la venta en Librer\u00eda los 7 locos, Sarmiento 123 y La Reina del Closet calle 1810 N\u00ba 49.<\/p>\n<figure><picture><img alt=\"Vuelve el Tributo a Patricio Rey y los Redonditos de Ricota en La Casona\" class=\" block \" src=\"http:\/\/latecordoba.com\/wp-content\/uploads\/2024\/05\/agenda-cultural-de-tres-arroyos-para-el-fin-de-semana-1.jpg\" sizes=\"auto\" loading=\"lazy\" data-src=\"http:\/\/latecordoba.com\/wp-content\/uploads\/2024\/05\/agenda-cultural-de-tres-arroyos-para-el-fin-de-semana-1.jpg\" width=\"1023px\" fetchpriority=\"low\" decoding=\"async\" height=\"1461px\"><\/picture><figcaption class>Vuelve el Tributo a Patricio Rey y los Redonditos de Ricota en La Casona Foto: Victoria Saez<\/figcaption><\/figure>\n<h2 class>Centro Cultural La Estaci\u00f3n \u2013 Avenida Ituzaing\u00f3 320<\/h2>\n<p><b>Viernes 17: <\/b>M\u00fasica \u2013 <a href=\"https:\/\/viapais.com.ar\/tres-arroyos\/trio-dapine-se-presentara-en-el-centro-cultural-la-estacion-de-tres-arroyos\/\" target=\"_blank\" rel=\"noopener\"><b>Trio Dapine<\/b><\/a> &#8211; Luciano Monte (Bater\u00eda) Federico Viceconte (Saxo tenor) Nico Pasetti (Contrabajo) \u2013 21 horas \u2013 entradas anticipadas 2983- 551340.<\/p>\n<p><b>S\u00e1bado 18:<\/b> Semana de la Miel &#8211; Muestra de Fraccionadores locales \u2013 De 09 a 12 horas.<\/p>\n<p><b>S\u00e1bado 18:<\/b> Seminario investigar y jugar con el Tango \u2013 Ambos roles, todos los niveles \u2013 Facilita: Lola Sandoval \u2013 costo: 5000 pesos \u2013 Full Pass (Clase + milonga): 6000 pesos \u2013 17:30 horas.<\/p>\n<p><b>S\u00e1bado 18:<\/b> <a href=\"https:\/\/viapais.com.ar\/tres-arroyos\/se-presentara-el-espectaculo-colorin-colorado-en-el-centro-cultural-la-estacion\/\" target=\"_blank\" rel=\"noopener\"><b>Color\u00edn Colorado<\/b><\/a> \u2013 M\u00fasica y Poes\u00eda &#8211; Roberto Bareille, Graciela Murias y Andr\u00e9s Mazzitelli \u2013 20 horas \u2013 Entradas a la venta en el CCE \u2013 Servicio de Buffet.<\/p>\n<figure><picture><img alt=\"\u201cColor\u00edn Colorado\u201d en el Centro Cultural La Estaci\u00f3n\" class=\" block \" src=\"http:\/\/latecordoba.com\/wp-content\/uploads\/2024\/05\/agenda-cultural-de-tres-arroyos-para-el-fin-de-semana-2.jpg\" sizes=\"auto\" loading=\"lazy\" data-src=\"http:\/\/latecordoba.com\/wp-content\/uploads\/2024\/05\/agenda-cultural-de-tres-arroyos-para-el-fin-de-semana-2.jpg\" width=\"1023px\" fetchpriority=\"low\" decoding=\"async\" height=\"1023px\"><\/picture><figcaption class>\u201cColor\u00edn Colorado\u201d en el Centro Cultural La Estaci\u00f3n Foto: Redacci\u00f3n V\u00eda Tres Arroyos<\/figcaption><\/figure>\n<h2 class>Espacio Cultural Bloom Dindi &#8211; Brandsen 646<\/h2>\n<p><b>Viernes 17:<\/b><a href=\"https:\/\/viapais.com.ar\/tres-arroyos\/jam-sesion-de-jazz-en-el-espacio-cultural-bloom-dindi-de-tres-arroyos\/\" target=\"_blank\" rel=\"noopener\"><b> Jam Sesi\u00f3n de Jazz<\/b><\/a> &#8211; Sergio Troiano en guitarra, Juan Subranni en bajo y Toti Angeloni \u2013 23 horas &#8211; entrada libre y gratuita \u2013 podr\u00e1 participar el p\u00fablico presente.<\/p>\n<h2 class>Biblioteca Popular Jos\u00e9 Ingenieros \u2013 Bolivar 132<\/h2>\n<p><b>Viernes 17: <\/b>Taller para las infancias \u201cVeo y Creo\u201d \u2013 de 17:30 a 18:30 horas \u2013 inscripciones al tel\u00e9fono 2983 \u2013 355320 o en instalaciones de la Biblioteca Jos\u00e9 Ingenieros, Bolivar 132 de 08 a 12 horas y de 15 a 19 horas.<\/p>\n<h2 class>Museo de Bellas Artes \u2013 Avenida Moreno 232<\/h2>\n<p><b>Viernes 17: <\/b>inauguraci\u00f3n de la exposici\u00f3n de <a href=\"https:\/\/viapais.com.ar\/tres-arroyos\/la-artista-plastica-susana-quadraccia-petela-expondra-en-el-mubata\/\" target=\"_blank\" rel=\"noopener\"><b>Susana Quadraccia<\/b>, <b>\u201cPetela\u201d<\/b><\/a> \u2013 20 horas \u2013entrada libre y gratuita.<\/p>\n<p><b>S\u00e1bado 18:<\/b> La Noche de los Museos \u2013 de 18 a 24 horas \u2013 Recorrida de la Muestra permanente \u2013 M\u00fasica Manuel Tito \u2013 participa: La Esquina Boutique de Vinos \u2013 Entrada libre y gratuita.<\/p>\n<figure><picture><img alt=\"La artista pl\u00e1stica Susana Quadraccia \u201cPetela\u201d expondr\u00e1 en el Mubata\" class=\" block \" src=\"http:\/\/latecordoba.com\/wp-content\/uploads\/2024\/05\/agenda-cultural-de-tres-arroyos-para-el-fin-de-semana-3.jpg\" sizes=\"auto\" loading=\"lazy\" data-src=\"http:\/\/latecordoba.com\/wp-content\/uploads\/2024\/05\/agenda-cultural-de-tres-arroyos-para-el-fin-de-semana-3.jpg\" width=\"1023px\" fetchpriority=\"low\" decoding=\"async\" height=\"593px\"><\/picture><figcaption class>La artista pl\u00e1stica Susana Quadraccia \u201cPetela\u201d expondr\u00e1 en el Mubata Foto: Redacci\u00f3n V\u00eda Tres Arroyos<\/figcaption><\/figure>\n<h2 class>Museo Mulazzi \u2013 Avenida San Mart\u00edn 323<\/h2>\n<p><b>S\u00e1bado 18:<\/b> La Noche de los Museos \u2013 Visita guiada &#8211; 18 horas.<\/p>\n<p><b>S\u00e1bado 18: <\/b>Ac\u00fastico de Nico David \u2013 20:30 horas \u2013Entrada libre y gratuita.<\/p>\n<p><b>S\u00e1bado 18: <\/b>las actividades por La Noche de los Museos se extender\u00e1n de 18 a 24 horas.<\/p>\n<h2 class>Fundaci\u00f3n Campano \u2013 Hip\u00f3lito Yrigoyen 252<\/h2>\n<p><b>Viernes 17:<\/b> Recital de Lucas Oviedo \u2013 21 horas \u2013 entradas 4000 pesos.<\/p>\n<h2 class>Centro de Jubilados y Pensionados 27 de octubre \u2013 Avenida Moreno 252<\/h2>\n<p><b>Domingo 19:<\/b> Tarde de Juegos de Mesa \u2013 Coordina: Pata Tagliabue \u2013 Actividad al sombrero (sugerido 1000 pesos) &#8211; Reserva de mesas: 640852 (Ada) o 506651 (Nora).<\/p>\n<figure><picture><img alt=\"Tarde de juegos\" class=\" block \" src=\"http:\/\/latecordoba.com\/wp-content\/uploads\/2024\/05\/agenda-cultural-de-tres-arroyos-para-el-fin-de-semana-4.jpg\" sizes=\"auto\" loading=\"lazy\" data-src=\"http:\/\/latecordoba.com\/wp-content\/uploads\/2024\/05\/agenda-cultural-de-tres-arroyos-para-el-fin-de-semana-4.jpg\" width=\"1023px\" fetchpriority=\"low\" decoding=\"async\" height=\"1023px\"><\/picture><figcaption class>Tarde de juegos Foto: Redacci\u00f3n V\u00eda Tres Arroyos<\/figcaption><\/figure>\n<h2 class>SUM de la Escuela N\u00ba 18 \u2013 Blanco de Escalada y Avenida Alem<\/h2>\n<p><b>S\u00e1bado 18:<\/b> Feria de Emprendedores \u2013 Feriantes \u2013 Inflables y juegos \u2013 Posta de Salud Comunitaria \u2013 Merienda \u2013 de 14 a 18 horas.<\/p>\n<h2 class>Club Espa\u00f1ol \u2013 Hip\u00f3lito Yrigoyen 468<\/h2>\n<p><b>S\u00e1bado 18: <\/b>Flamenco Espect\u00e1culo \u2013 Hugo Salvatierra y Cuerpo de Danzas Espa\u00f1olas \u2013 20:30 horas \u2013 Valor de la entrada: 3000 pesos \u2013 anticipadas hasta el 17 de mayo en el Club Espa\u00f1ol de 17 a 20 horas.<\/p>\n<h2 class>Claromec\u00f3 -Parador Samoa<\/h2>\n<p><b>S\u00e1bado 18:<\/b> Pizza Party \u2013 Organiza Sub Comisi\u00f3n de F\u00fatbol del Club Recreativo Claromec\u00f3 \u2013 Baile y cena \u2013 Entradas anticipadas a la venta \u2013 cupos limitados \u2013 valor: 5000 pesos \u2013 21 horas.<\/p>\n","protected":false},"excerpt":{"rendered":"<p>V\u00eda Tres Arroyos te presenta la agenda cultural para Tres Arroyos y las localidades para los d\u00edas 17, 18 y 19 de mayo. Biblioteca P\u00fablica Sarmiento \u2013 Avenida Moreno 334 Domingo 19: Teatro Viatrix &#8211; Espect\u00e1culo de humor, m\u00fasica y circo \u2013 Para toda la familia \u2013 16 horas &#8211; Entradas a la venta en [&hellip;]<\/p>\n","protected":false},"author":1,"featured_media":23505,"comment_status":"closed","ping_status":"closed","sticky":false,"template":"","format":"standard","meta":[],"categories":[15],"tags":[],"_links":{"self":[{"href":"https:\/\/latecordoba.com\/index.php\/wp-json\/wp\/v2\/posts\/23504"}],"collection":[{"href":"https:\/\/latecordoba.com\/index.php\/wp-json\/wp\/v2\/posts"}],"about":[{"href":"https:\/\/latecordoba.com\/index.php\/wp-json\/wp\/v2\/types\/post"}],"author":[{"embeddable":true,"href":"https:\/\/latecordoba.com\/index.php\/wp-json\/wp\/v2\/users\/1"}],"replies":[{"embeddable":true,"href":"https:\/\/latecordoba.com\/index.php\/wp-json\/wp\/v2\/comments?post=23504"}],"version-history":[{"count":0,"href":"https:\/\/latecordoba.com\/index.php\/wp-json\/wp\/v2\/posts\/23504\/revisions"}],"wp:featuredmedia":[{"embeddable":true,"href":"https:\/\/latecordoba.com\/index.php\/wp-json\/wp\/v2\/media\/23505"}],"wp:attachment":[{"href":"https:\/\/latecordoba.com\/index.php\/wp-json\/wp\/v2\/media?parent=23504"}],"wp:term":[{"taxonomy":"category","embeddable":true,"href":"https:\/\/latecordoba.com\/index.php\/wp-json\/wp\/v2\/categories?post=23504"},{"taxonomy":"post_tag","embeddable":true,"href":"https:\/\/latecordoba.com\/index.php\/wp-json\/wp\/v2\/tags?post=23504"}],"curies":[{"name":"wp","href":"https:\/\/api.w.org\/{rel}","templated":true}]}}