{"id":23500,"date":"2024-05-17T03:02:53","date_gmt":"2024-05-17T03:02:53","guid":{"rendered":"https:\/\/viapais.com.ar\/cordoba\/belgrano-el-luifa-artime-poso-con-infantino-y-chiqui-tapia-en-congreso-de-la-fifa\/"},"modified":"2024-05-17T03:02:53","modified_gmt":"2024-05-17T03:02:53","slug":"belgrano-el-luifa-artime-poso-con-infantino-y-chiqui-tapia-en-congreso-de-la-fifa","status":"publish","type":"post","link":"https:\/\/latecordoba.com\/index.php\/2024\/05\/17\/belgrano-el-luifa-artime-poso-con-infantino-y-chiqui-tapia-en-congreso-de-la-fifa\/","title":{"rendered":"Belgrano: el Luifa Artime pos\u00f3 con Infantino y Chiqui Tapia en Congreso de la FIFA"},"content":{"rendered":"<br \/>\n<section readability=\"37.946465913844\">\n<p>En Tailandia el presidente de <a href=\"https:\/\/viapais.com.ar\/cordoba\/el-sorprendente-dato-que-comparten-belgrano-y-river-previo-al-duelo-del-fin-de-semana\/\" target=\"_blank\" rel=\"noopener\"><b>Belgrano, Luis Fabi\u00e1n Artime <\/b><\/a><b>toma parte del Congreso de FIFA que se celebra en ese pa\u00eds. Acompa\u00f1a en la delegaci\u00f3n a <\/b><a href=\"https:\/\/viapais.com.ar\/cordoba\/chiqui-tapia-el-nombre-que-eligio-un-club-de-cordoba-para-bautizar-una-de-sus-canchas\/\" target=\"_blank\" rel=\"noopener\"><b>Claudio Tapia, titular de AFA<\/b><\/a><b>. Y pos\u00f3 en las fotos junto a Chiqui y a <\/b><a href=\"https:\/\/viapais.com.ar\/deportes\/javier-milei-encuentro-con-idolo-de-boca-y-el-presidente-de-la-fifa-en-estados-unidos\/\" target=\"_blank\" rel=\"noopener\"><b>Gianni Infantino<\/b><\/a><b>, <\/b>mandam\u00e1s de la entidad madre del f\u00fatbol mundial.<\/p>\n<article class=\"article card\">\n<div class=\"article-inner \">\n<div class=\"article-image \"><a href=\"https:\/\/viapais.com.ar\/cordoba\/belgrano-sigue-en-la-mala-con-las-lesiones-que-le-paso-a-franco-jara-y-cuando-volvera\/\" title=\"Belgrano sigue en la mala con las lesiones: Qu\u00e9 le pas\u00f3 a Franco Jara y cu\u00e1ndo volver\u00e1.\"><\/p>\n<figure><img alt=\"Belgrano sigue en la mala con las lesiones: Qu\u00e9 le pas\u00f3 a Franco Jara y cu\u00e1ndo volver\u00e1.\" class=\" block \" src=\"http:\/\/latecordoba.com\/wp-content\/uploads\/2024\/05\/belgrano-el-luifa-artime-poso-con-infantino-y-chiqui-tapia-en-congreso-de-la-fifa.jpg\" sizes=\"auto\" loading=\"lazy\" data-src=\"http:\/\/latecordoba.com\/wp-content\/uploads\/2024\/05\/belgrano-el-luifa-artime-poso-con-infantino-y-chiqui-tapia-en-congreso-de-la-fifa.jpg\" width=\"307px\" fetchpriority=\"low\" decoding=\"async\" height=\"173px\"><\/figure>\n<p><\/a><\/div>\n<\/div>\n<\/article>\n<p><b>M\u00e1s de tres mil delegados de 211 asociaciones miembro de la Fifa<\/b> son parte de este gran evento convocado por la mayor organizaci\u00f3n del f\u00fatbol en Bangkok. <b>Artime permencer\u00e1 en el pa\u00eds asi\u00e1tico hasta este viernes 17 de mayo, y se especula que dir\u00e1 presente para el partido con River, el s\u00e1bado a las 18<\/b> en el Nuevo Monumental, segunda fecha del Torneo de la Liga Profesional.<\/p>\n<article class=\"article card\">\n<div class=\"article-inner \">\n<div class=\"article-image \"><a href=\"https:\/\/viapais.com.ar\/cordoba\/velazquez-el-juvenil-de-belgrano-que-debuto-con-gol-quien-lo-llevo-al-club-y-la-opinion-de-sus-dt-en-inferiores\/\" title=\"Vel\u00e1zquez, el juvenil de Belgrano que debut\u00f3 con gol: quien lo llev\u00f3 al club y la opini\u00f3n de sus DT en Inferiores.\"><\/p>\n<figure><img alt=\"Vel\u00e1zquez, el juvenil de Belgrano que debut\u00f3 con gol: quien lo llev\u00f3 al club y la opini\u00f3n de sus DT en Inferiores.\" class=\" block \" src=\"http:\/\/latecordoba.com\/wp-content\/uploads\/2024\/05\/belgrano-el-luifa-artime-poso-con-infantino-y-chiqui-tapia-en-congreso-de-la-fifa.webp\" sizes=\"auto\" loading=\"lazy\" data-src=\"http:\/\/latecordoba.com\/wp-content\/uploads\/2024\/05\/belgrano-el-luifa-artime-poso-con-infantino-y-chiqui-tapia-en-congreso-de-la-fifa.webp\" width=\"307px\" fetchpriority=\"low\" decoding=\"async\" height=\"173px\"><\/figure>\n<p><\/a><\/div>\n<\/div>\n<\/article>\n<figure><picture><img alt=\"Artime en el Congreso de la Fifa. (Belgrano).\" class=\" block \" src=\"http:\/\/latecordoba.com\/wp-content\/uploads\/2024\/05\/belgrano-el-luifa-artime-poso-con-infantino-y-chiqui-tapia-en-congreso-de-la-fifa-1.jpg\" sizes=\"auto\" loading=\"lazy\" data-src=\"http:\/\/latecordoba.com\/wp-content\/uploads\/2024\/05\/belgrano-el-luifa-artime-poso-con-infantino-y-chiqui-tapia-en-congreso-de-la-fifa-1.jpg\" width=\"1023px\" fetchpriority=\"low\" decoding=\"async\" height=\"767px\"><\/picture><figcaption class>Artime en el Congreso de la Fifa. (Belgrano).<\/figcaption><\/figure>\n<p>\u201cEs un honor estar participando del 74\u00ba Congreso de la FIFA y <b>una instancia m\u00e1s de vinculaci\u00f3n e intercambios de experiencias. Un agradecimiento especial a AFA por invitar al Club Atl\u00e9tico Belgrano y su presidente, como representantes del f\u00fatbol argentino<\/b> en este importante evento\u201d, poste\u00f3 el Luifa Artime en sus redes sociales.<\/p>\n<figure><picture><img alt=\"Luifa Artime junto a Chiqui Tapia (Gentileza)\" class=\" block \" src=\"http:\/\/latecordoba.com\/wp-content\/uploads\/2024\/05\/belgrano-el-luifa-artime-poso-con-infantino-y-chiqui-tapia-en-congreso-de-la-fifa-2.jpg\" sizes=\"auto\" loading=\"lazy\" data-src=\"http:\/\/latecordoba.com\/wp-content\/uploads\/2024\/05\/belgrano-el-luifa-artime-poso-con-infantino-y-chiqui-tapia-en-congreso-de-la-fifa-2.jpg\" width=\"1023px\" fetchpriority=\"low\" decoding=\"async\" height=\"575px\"><\/picture><figcaption class>Luifa Artime junto a Chiqui Tapia (Gentileza)<\/figcaption><\/figure>\n<h2 class><b>CHIQUI TAPIA, EN EL PACTO DE MAYO EN C\u00d3RDOBA<\/b><\/h2>\n<p>Se viene <b>el \u201cpacto de mayo\u201d que impulsa la Liga Cordobesa de F\u00fatbol contra la llegada de las Sociedades An\u00f3nimas Deportivas (SAD) al f\u00fatbol argentino<\/b>. Su comit\u00e9 ejecutivo<b> ratific\u00f3 al viernes 24 de mayo <\/b>como fecha para el evento y anunci\u00f3 que ser\u00e1 en los salones del <b>hotel del ACA \u201cC\u00e9sar Carman\u201d.<\/b><\/p>\n<figure><picture><img alt=\"Achile, Tapia y Cavagliatto almorzando juntos este martes en Buenos Aires (Foto: Gentileza IACC).\" class=\" block \" src=\"http:\/\/latecordoba.com\/wp-content\/uploads\/2024\/05\/belgrano-el-luifa-artime-poso-con-infantino-y-chiqui-tapia-en-congreso-de-la-fifa-3.jpg\" sizes=\"auto\" loading=\"lazy\" data-src=\"http:\/\/latecordoba.com\/wp-content\/uploads\/2024\/05\/belgrano-el-luifa-artime-poso-con-infantino-y-chiqui-tapia-en-congreso-de-la-fifa-3.jpg\" width=\"1023px\" fetchpriority=\"low\" decoding=\"async\" height=\"767px\"><\/picture><figcaption class>Achile, Tapia y Cavagliatto almorzando juntos este martes en Buenos Aires (Foto: Gentileza IACC).<\/figcaption><\/figure>\n<p>Ya <b>confirmaron su presencia el titular de AFA y Liga, Claudio Tapia, los presidentes locales, <\/b>de las Ligas del Interior de C\u00f3rdoba y del interior del pa\u00eds como as\u00ed tambi\u00e9n de los clubes que compiten en AFA. \u201cEl tema de la reuni\u00f3n es no a las SAD en el f\u00fatbol argentino. La mayor\u00eda ya ha confirmado su presencia, incluido Tapia. <b>Estar\u00e1n Belgrano, Instituto, Racing, Estudiantes de R\u00edo Cuarto, Argentino de Monte Maiz, Sportivo Belgrano&#8230;\u00bfTalleres?<\/b> Se le notific\u00f3 al delegado de la Liga cuando se habl\u00f3 delante de todos los representantes. Se ver\u00e1 si vienen\u201d, indic\u00f3 <b>Alejandro Fern\u00e1ndez, m\u00e1xima autoridad de LCF.<\/b><\/p>\n<\/section>\n<div class=\"story-tags noreadme-audima\">\n<h3>Temas Relacionados<\/h3>\n<\/div>\n","protected":false},"excerpt":{"rendered":"<p>En Tailandia el presidente de Belgrano, Luis Fabi\u00e1n Artime toma parte del Congreso de FIFA que se celebra en ese pa\u00eds. Acompa\u00f1a en la delegaci\u00f3n a Claudio Tapia, titular de AFA. Y pos\u00f3 en las fotos junto a Chiqui y a Gianni Infantino, mandam\u00e1s de la entidad madre del f\u00fatbol mundial. M\u00e1s de tres mil [&hellip;]<\/p>\n","protected":false},"author":1,"featured_media":23501,"comment_status":"closed","ping_status":"closed","sticky":false,"template":"","format":"standard","meta":[],"categories":[15],"tags":[],"_links":{"self":[{"href":"https:\/\/latecordoba.com\/index.php\/wp-json\/wp\/v2\/posts\/23500"}],"collection":[{"href":"https:\/\/latecordoba.com\/index.php\/wp-json\/wp\/v2\/posts"}],"about":[{"href":"https:\/\/latecordoba.com\/index.php\/wp-json\/wp\/v2\/types\/post"}],"author":[{"embeddable":true,"href":"https:\/\/latecordoba.com\/index.php\/wp-json\/wp\/v2\/users\/1"}],"replies":[{"embeddable":true,"href":"https:\/\/latecordoba.com\/index.php\/wp-json\/wp\/v2\/comments?post=23500"}],"version-history":[{"count":0,"href":"https:\/\/latecordoba.com\/index.php\/wp-json\/wp\/v2\/posts\/23500\/revisions"}],"wp:featuredmedia":[{"embeddable":true,"href":"https:\/\/latecordoba.com\/index.php\/wp-json\/wp\/v2\/media\/23501"}],"wp:attachment":[{"href":"https:\/\/latecordoba.com\/index.php\/wp-json\/wp\/v2\/media?parent=23500"}],"wp:term":[{"taxonomy":"category","embeddable":true,"href":"https:\/\/latecordoba.com\/index.php\/wp-json\/wp\/v2\/categories?post=23500"},{"taxonomy":"post_tag","embeddable":true,"href":"https:\/\/latecordoba.com\/index.php\/wp-json\/wp\/v2\/tags?post=23500"}],"curies":[{"name":"wp","href":"https:\/\/api.w.org\/{rel}","templated":true}]}}