{"id":23478,"date":"2024-05-15T13:01:13","date_gmt":"2024-05-15T13:01:13","guid":{"rendered":"https:\/\/www.radiourbanasf.com.ar\/?p=18982"},"modified":"2024-05-15T13:01:13","modified_gmt":"2024-05-15T13:01:13","slug":"100pre-yoro-confesiones-de-amor-y-desamor-2-0-por-lara91k","status":"publish","type":"post","link":"https:\/\/latecordoba.com\/index.php\/2024\/05\/15\/100pre-yoro-confesiones-de-amor-y-desamor-2-0-por-lara91k\/","title":{"rendered":"\u201c100pre yoro\u201d \u2013 Confesiones de amor y desamor 2.0 por Lara91k"},"content":{"rendered":"\n<div><img decoding=\"async\" src=\"http:\/\/latecordoba.com\/wp-content\/uploads\/2024\/05\/100pre-yoro-confesiones-de-amor-y-desamor-2-0-por-lara91k.jpg\" class=\"ff-og-image-inserted\"><\/div>\n<p><!-- .share-post --> <!-- WhatsApp Share Button for WordPress: http:\/\/peadig.com\/wordpress-plugins\/whatsapp-share-button\/ --><\/p>\n<h2>Lara91k estren\u00f3 su nuevo disco donde abre su coraz\u00f3n a trav\u00e9s de diferentes g\u00e9neros.<\/h2>\n<p>Lara91k lanz\u00f3 <em>100pre yoro<\/em>, su disco m\u00e1s vers\u00e1til hasta el d\u00eda de la fecha. A la vez, es una carta hacia los sentimientos y la intimidad. Luego de su primer disco&nbsp;<em>Como antes<\/em>&nbsp;(2022) y el doblete con los&nbsp;<em>Romance Mixtapes,<\/em>&nbsp;llega este trabajo.<\/p>\n<p>Lara Artesi ya se encontraba en la mesa de los referentes del g\u00e9nero urbano. Esto<strong>&nbsp;gracias a su versatilidad para mezclar g\u00e9neros, desde el pop al r&amp;b, teniendo esa facilidad para agruparlos en sus trabajos<\/strong>.<em>&nbsp;100pre yoro<\/em>&nbsp;reafirma todo lo construido, desde los diferentes matices y capas hasta su universo creativo.<\/p>\n<p><em>Como antes<\/em>&nbsp;era un viaje de crecimiento a trav\u00e9s de diferentes relaciones personales y lugares.&nbsp;<strong><em>100pre yoro<\/em>&nbsp;son confesiones de esta d\u00e9cada sobre el amor y el desamor<\/strong>. No es f\u00e1cil mostrarse vulnerable en un mundo c\u00ednico y hostil, Lara lo hace parecerlo. Las l\u00e1grimas son ese s\u00edmbolo que atraviesa todas las canciones del trabajo.<\/p>\n<p>El \u00e1lbum arranca con uno de los singles lanzados en el \u00faltimo a\u00f1o, \u201cNada mejor\u201d. Lara91k ya tiene un estilo e identidad propia para darle forma a las canciones.&nbsp;<strong>No importa si suena un poco r&amp;b y un poco bossa nova, suena a algo suyo<\/strong>. Medio juguetona, entra en confesiones y sensaciones de falta, conexiones que no est\u00e1n y no quieren aparecer, m\u00e1s que nada en relaciones fugaces.<\/p>\n<p>La figura de la musa se vuelve a repetir en \u201cDear Rita\u201d. Junto al \u00edcono del rap espa\u00f1ol argentino Dano le dan el toque de suavidad al disco.&nbsp;<strong>Mientras bailan sobre la base, aportan sensualidad en este soul mientras se hacen preguntas sobre las relaciones<\/strong>:&nbsp;<em>\u201cYeah, \u00bfpor qu\u00e9 siempre es complicado? \/ en esto del amor estamos desincronizados \/ no puedes estar conmigo, pero te vi por mi barrio\u201d.<\/em><\/p>\n<p>\u201cPeli de terror\u201d, junto al puertorique\u00f1o \u00c1lvaro D\u00edaz, lleva el \u00e1lbum al pop nost\u00e1lgico de sintetizadores. Los dos se permiten mostrarse fr\u00e1giles para hablar<em>: \u201cEsta es mi peli \u2018e terror, y creo \/ Que muero si veo el sol, por eso \/ Es mi \u00fanico ant\u00eddoto tus beso\u2019 \/ Beb\u00e9, no te lo guard\u00e9s, d\u00e1melo, oh-oh-oh\u201d.&nbsp;<\/em>Estas dos colaboraciones muestran lo dual y las diferencias que conviven en armon\u00eda en&nbsp;<em>100pre yoro<\/em>.<\/p>\n<p>En \u201cReyes Magos\u201d vuelve a bajar el ritmo de esta monta\u00f1a rusa de emociones y sonidos. Una balada \u00edntima de tintes oscuros donde la guitarra se encuentra presente: \u201c<em>Dime c\u00f3mo es esta vida cuando el amor se termina \/ no hay m\u00e1s tiempo y todav\u00eda quedan abiertas mis heridas\u201d<\/em>. La versatilidad que encuentra Lara91k est\u00e1 en&nbsp;<strong>\u201cTe me vas\u201d, un corrido mexicano que no pasa desapercibido<\/strong>&nbsp;en el disco, donde la artista lo encara de forma pr\u00e1ctica.<\/p>\n<p>El indie pop de guitarras y sintetizadores vuelve a aparecer en \u201cUn d\u00eda\u201d y \u201c\u00c1tame\u201d. La primera con <strong>Julieta Venegas<\/strong>, donde problematizan problemas con diferente v\u00ednculos con vistas al futuro: \u201c<em>Todo se va \/ nada se queda \/ y si eres tan fr\u00e1gil \/ estemos m\u00e1s cerca\u201d<\/em>. La segunda, m\u00e1s bailable, junto a<strong>&nbsp;Javiera Mena<\/strong>, donde desarrollan ideas sobre relaciones de idas y venidas confusas y las libertades dentro de la misma.<\/p>\n<p>Llegando al final, \u201c100pre\u201d empieza como una balada:&nbsp;<strong>el teclado bien bajo acompa\u00f1a a una Lara que empieza melanc\u00f3lica y cat\u00e1rtica pero a la vez liberadora<\/strong>:&nbsp;<em>\u201c\u00bfC\u00f3mo es que ahora duele m\u00e1s que antes? \/ \u00bfAcaso el coraz\u00f3n nada aprendi\u00f3? \/ Me estoy quedando sola y como antes&nbsp;<\/em><em>\/ no pude mantenerme en el amor\u201d<\/em>. Mientras, va desarroll\u00e1ndose en un techno house, girando el ambiente y sentido del tema. Terminando de forma dolorosa englobando los sentimientos del disco:&nbsp;<em>\u201cNo nos dijimos nada \/ no fuimos m\u00e1s a esa, te quedaste pega\u2019 \/ si me recuerdas, llama \/ ni\u00f1a, dime, \u00bfd\u00f3nde est\u00e1s? \/ no te puedo encontrar\u201d.<\/em><\/p>\n<p><strong><em>100pre yoro<\/em>&nbsp;es una abertura de Lara ante sus emociones buscando su exposici\u00f3n para curar<\/strong>. Es lindo la forma que los plantea, desde el abandono, el dolor hasta la b\u00fasqueda de amor en lo m\u00e1s fugaz. Los pone en una balanza constante en momentos de confusi\u00f3n de la vida.<\/p>\n<p> <!-- WhatsApp Share Button for WordPress: http:\/\/peadig.com\/wordpress-plugins\/whatsapp-share-button\/ -->  <\/p>\n","protected":false},"excerpt":{"rendered":"\n<div style=\"float:right;margin:0 0 20px 20px;\"><img decoding=\"async\" width=\"150\" height=\"150\" src=\"http:\/\/latecordoba.com\/wp-content\/uploads\/2024\/05\/100pre-yoro-confesiones-de-amor-y-desamor-2-0-por-lara91k-1.jpg\" class=\"attachment-thumbnail size-thumbnail wp-post-image\" alt=\"\" loading=\"lazy\" srcset=\"http:\/\/latecordoba.com\/wp-content\/uploads\/2024\/05\/100pre-yoro-confesiones-de-amor-y-desamor-2-0-por-lara91k-1.jpg 150w, http:\/\/latecordoba.com\/wp-content\/uploads\/2024\/05\/100pre-yoro-confesiones-de-amor-y-desamor-2-0-por-lara91k-2.jpg 300w, http:\/\/www.radiourbanasf.com.ar\/wp-content\/uploads\/2024\/05\/100pre-yoro-1.jpg 373w\" sizes=\"(max-width: 150px) 100vw, 150px\" \/><\/div>\n<p>Lara91k estren\u00f3 su nuevo disco donde abre su coraz\u00f3n a trav\u00e9s de diferentes g\u00e9neros. Lara91k lanz\u00f3 100pre yoro, su disco m\u00e1s vers\u00e1til hasta el d\u00eda de la fecha. A la vez, es una carta hacia los sentimientos y la intimidad. Luego de su primer disco\u00a0Como antes\u00a0(2022) y el doblete con los\u00a0Romance Mixtapes,\u00a0llega este trabajo. Lara &#8230;  <\/p>\n","protected":false},"author":1,"featured_media":23479,"comment_status":"closed","ping_status":"closed","sticky":false,"template":"","format":"standard","meta":[],"categories":[20],"tags":[],"_links":{"self":[{"href":"https:\/\/latecordoba.com\/index.php\/wp-json\/wp\/v2\/posts\/23478"}],"collection":[{"href":"https:\/\/latecordoba.com\/index.php\/wp-json\/wp\/v2\/posts"}],"about":[{"href":"https:\/\/latecordoba.com\/index.php\/wp-json\/wp\/v2\/types\/post"}],"author":[{"embeddable":true,"href":"https:\/\/latecordoba.com\/index.php\/wp-json\/wp\/v2\/users\/1"}],"replies":[{"embeddable":true,"href":"https:\/\/latecordoba.com\/index.php\/wp-json\/wp\/v2\/comments?post=23478"}],"version-history":[{"count":0,"href":"https:\/\/latecordoba.com\/index.php\/wp-json\/wp\/v2\/posts\/23478\/revisions"}],"wp:featuredmedia":[{"embeddable":true,"href":"https:\/\/latecordoba.com\/index.php\/wp-json\/wp\/v2\/media\/23479"}],"wp:attachment":[{"href":"https:\/\/latecordoba.com\/index.php\/wp-json\/wp\/v2\/media?parent=23478"}],"wp:term":[{"taxonomy":"category","embeddable":true,"href":"https:\/\/latecordoba.com\/index.php\/wp-json\/wp\/v2\/categories?post=23478"},{"taxonomy":"post_tag","embeddable":true,"href":"https:\/\/latecordoba.com\/index.php\/wp-json\/wp\/v2\/tags?post=23478"}],"curies":[{"name":"wp","href":"https:\/\/api.w.org\/{rel}","templated":true}]}}