{"id":23441,"date":"2024-05-15T13:46:10","date_gmt":"2024-05-15T13:46:10","guid":{"rendered":"https:\/\/radioritmo.com.ar\/?p=17199"},"modified":"2024-05-15T13:46:10","modified_gmt":"2024-05-15T13:46:10","slug":"la-barra-anuncio-su-festejo-de-la-historia-vemos-mas-adelante-que-pasa","status":"publish","type":"post","link":"https:\/\/latecordoba.com\/index.php\/2024\/05\/15\/la-barra-anuncio-su-festejo-de-la-historia-vemos-mas-adelante-que-pasa\/","title":{"rendered":"La Barra anunci\u00f3 su festejo de \u201cLa historia\u201d: \u201cVemos m\u00e1s adelante qu\u00e9 pasa\u201d"},"content":{"rendered":"\n<div><img decoding=\"async\" src=\"http:\/\/latecordoba.com\/wp-content\/uploads\/2024\/05\/la-barra-anuncio-su-festejo-de-la-historia-vemos-mas-adelante-que-pasa.jpg\" class=\"ff-og-image-inserted\"><\/div>\n<h2 class=\"article__dropline\">La banda m\u00e1s grande de C\u00f3rdoba confirm\u00f3 los bailes por su aniversario y dej\u00f3 una inc\u00f3gnita sobre el futuro del grupo que en septiembre cumplir\u00e1 30 a\u00f1os de trayectoria.<\/h2>\n<p>El 2024 no es un a\u00f1o m\u00e1s para&nbsp;<b>La Barra<\/b>. En septiembre estar\u00e1 celebrando su 30\u00b0 aniversario y prepara un show de otro nivel llamado&nbsp;<b>\u201cLa historia\u201d<\/b>. Su nombre no ser\u00e1 casualidad. La idea es brindar un baile con aquellas figuras que tuvieron su paso por la Banda m\u00e1s grande de C\u00f3rdoba como&nbsp;<b>Gabriel Gonz\u00e1lez<\/b>,&nbsp;<b>\u201cChocolino\u201d Ju\u00e1rez<\/b>&nbsp;y&nbsp;<b>Dani Guardia<\/b>.<\/p>\n<p>A trav\u00e9s de una conferencia de prensa brindada por&nbsp;<b>Carlos de Piano<\/b>&nbsp;y&nbsp;<b>Javier la Pepa Brizuela<\/b>, la dupla confirm\u00f3 la fecha del evento que se realizar\u00e1 el&nbsp;<b>viernes 27 y s\u00e1bado 28 de septiembre en Quality Arena<\/b>. Las entradas estar\u00e1n disponibles a partir del martes 14 en boleter\u00edas del estadio y v\u00eda online a trav\u00e9s de Ticketek.<\/p>\n<p>Si bien ambos artistas se mostraron ilusionados y ansiosos por la fiesta que brindar\u00e1n ante sus fan\u00e1ticos, en di\u00e1logo con&nbsp;<i><b>Telenoche&nbsp;<\/b><\/i>dejaron una confesi\u00f3n que llam\u00f3 la atenci\u00f3n con respecto al futuro de la banda. \u201cVemos m\u00e1s adelante qu\u00e9 pasa. Son 30 a\u00f1os de La Barra. Hemos pasado por muchas etapas, hemos hecho muchas cosas, hemos innovado, m\u00e1s no se puede pedir\u201d, expres\u00f3 Javier.<\/p>\n<p>Desde el reencuentro que se dio en 2023 con los&nbsp;<b>cuatro shows consecutivos de La Barra con Dani Guardia<\/b>, los fan\u00e1ticos quedaron asombrados y aguardaban otra presentaci\u00f3n junto a los otros colegas que tuvieron su paso por la orquesta. \u201dEscuchamos el pedido de nuestros fan\u00e1ticos y nos damos el lujo de hacer un encuentro con todas las figuras que pasaron\u201d, expres\u00f3 Carlos.<\/p>\n","protected":false},"excerpt":{"rendered":"<p> La banda m\u00e1s grande de C\u00f3rdoba confirm\u00f3 los bailes por su aniversario y dej\u00f3 una inc\u00f3gnita sobre el futuro del grupo que en septiembre cumplir\u00e1 30 a\u00f1os de trayectoria. El 2024 no es un a\u00f1o m\u00e1s para\u00a0La Barra. En septiembre estar\u00e1 celebrando su 30\u00b0 aniversario y prepara un show de otro nivel llamado\u00a0\u201cLa historia\u201d. Su &#8230;  <\/p>\n","protected":false},"author":1,"featured_media":23442,"comment_status":"closed","ping_status":"closed","sticky":false,"template":"","format":"standard","meta":[],"categories":[20],"tags":[],"_links":{"self":[{"href":"https:\/\/latecordoba.com\/index.php\/wp-json\/wp\/v2\/posts\/23441"}],"collection":[{"href":"https:\/\/latecordoba.com\/index.php\/wp-json\/wp\/v2\/posts"}],"about":[{"href":"https:\/\/latecordoba.com\/index.php\/wp-json\/wp\/v2\/types\/post"}],"author":[{"embeddable":true,"href":"https:\/\/latecordoba.com\/index.php\/wp-json\/wp\/v2\/users\/1"}],"replies":[{"embeddable":true,"href":"https:\/\/latecordoba.com\/index.php\/wp-json\/wp\/v2\/comments?post=23441"}],"version-history":[{"count":0,"href":"https:\/\/latecordoba.com\/index.php\/wp-json\/wp\/v2\/posts\/23441\/revisions"}],"wp:featuredmedia":[{"embeddable":true,"href":"https:\/\/latecordoba.com\/index.php\/wp-json\/wp\/v2\/media\/23442"}],"wp:attachment":[{"href":"https:\/\/latecordoba.com\/index.php\/wp-json\/wp\/v2\/media?parent=23441"}],"wp:term":[{"taxonomy":"category","embeddable":true,"href":"https:\/\/latecordoba.com\/index.php\/wp-json\/wp\/v2\/categories?post=23441"},{"taxonomy":"post_tag","embeddable":true,"href":"https:\/\/latecordoba.com\/index.php\/wp-json\/wp\/v2\/tags?post=23441"}],"curies":[{"name":"wp","href":"https:\/\/api.w.org\/{rel}","templated":true}]}}