{"id":23434,"date":"2024-05-15T13:00:33","date_gmt":"2024-05-15T13:00:33","guid":{"rendered":"https:\/\/www.puntal.com.ar\/stand-up\/festival-stand-up-hablando-humor-n217300"},"modified":"2024-05-15T13:00:33","modified_gmt":"2024-05-15T13:00:33","slug":"festival-de-stand-up-hablando-de-humor","status":"publish","type":"post","link":"https:\/\/latecordoba.com\/index.php\/2024\/05\/15\/festival-de-stand-up-hablando-de-humor\/","title":{"rendered":"Festival de Stand Up Hablando de Humor"},"content":{"rendered":"\n<div><img decoding=\"async\" src=\"http:\/\/latecordoba.com\/wp-content\/uploads\/2024\/05\/festival-de-stand-up-hablando-de-humor.jpg\" class=\"ff-og-image-inserted\"><\/div>\n<div class=\"cuerpo\" data-twitter-link readability=\"45\">\n<p> Al igual que en ediciones anteriores, este 2024 contar\u00e1 con la participaci\u00f3n de artistas de Buenos Aires, C\u00f3rdoba y R\u00edo Cuarto, y espect\u00e1culos centrales de Celeste Kun, Agustina Aguilar (ambas de Buenos Aires), Estaba Cantado y Peroncho de C\u00f3rdoba Capital. Tambi\u00e9n, en Un Tal Ren\u00e9 Banda Norte, se realizar\u00e1n shows rotativos desde el jueves 16 al domingo 19, donde subir\u00e1n a escena comediantes emergentes de la provincia.<\/p>\n<p>La apertura ser\u00e1 de la mano de Gabriel Ventosi con su show \u201cEl flaco 5XL\u201d. La entrada es libre a la gorra<\/p>\n<p><strong>Programa<\/strong><\/p>\n<p><strong> Jueves 16 <\/strong><\/p>\n<p>21:00 h. \u2013 Celeste Kun \u2013 C. C. Leonardo Favio.<\/p>\n<p>22:30 h. \u2013 \u201cEl Rotativo del Festival\u201d con Monna Canton, Mar\u00eda Eugenia Ficco, Lucas Tardivo y An\u00edbal Camargo &#8211; Presentador: Marcos &#8220;Cuca&#8221; Luj\u00e1n &#8211; Un Tal Ren\u00e9 Banda Norte.<\/p>\n<p><strong>Viernes 17 <\/strong><\/p>\n<p>21:00 h. \u2013 Agustina Aguilar presenta \u201cThe Agustina Show\u201d \u2013 C. C. Leonardo Favio.<\/p>\n<p>22:30 h. \u2013 \u201cEl Rotativo del Festival\u201d con Jaz Mosquera, Luchy Saporiti, Luciana Ponso y Nati Tornamira &#8211; Presentador: Marcos &#8220;Cuca&#8221; Luj\u00e1n \u2013 Un Tal Ren\u00e9 Banda Norte.<\/p>\n<p><strong>S\u00e1bado <\/strong><\/p>\n<p>21:00 h. \u2013 Emanuel Rodr\u00edguez presenta &#8220;Peroncho&#8221;\u2013 C. C. Leonardo Favio.<\/p>\n<p>22:30 h. \u2013 \u201cSaraza\u201d, con Rafa Mart\u00ednez y Silvia Garc\u00eda. Invitados: Diego Campos, Juan Macarlupu y Romi Bonavia &#8211; Presentador: Marcos &#8220;Cuca&#8221; Luj\u00e1n \u2013 Un Tal Ren\u00e9 Banda Norte.<\/p>\n<p><strong>Domingo <\/strong><\/p>\n<p>22:30 h. \u2013 Estaba Cantado presenta &#8220;HablanDandoRisas&#8221; &#8211; Presentador: Marcos &#8220;Cuca Luj\u00e1n&#8221; &#8211; Un Tal Ren\u00e9 Banda Norte.<\/p>\n<\/div>\n","protected":false},"excerpt":{"rendered":"\n<p>El evento se llevar\u00e1 a cabo desde hoy y hasta el domingo 19 en el Favio<\/p>\n","protected":false},"author":1,"featured_media":23435,"comment_status":"closed","ping_status":"closed","sticky":false,"template":"","format":"standard","meta":[],"categories":[14],"tags":[],"_links":{"self":[{"href":"https:\/\/latecordoba.com\/index.php\/wp-json\/wp\/v2\/posts\/23434"}],"collection":[{"href":"https:\/\/latecordoba.com\/index.php\/wp-json\/wp\/v2\/posts"}],"about":[{"href":"https:\/\/latecordoba.com\/index.php\/wp-json\/wp\/v2\/types\/post"}],"author":[{"embeddable":true,"href":"https:\/\/latecordoba.com\/index.php\/wp-json\/wp\/v2\/users\/1"}],"replies":[{"embeddable":true,"href":"https:\/\/latecordoba.com\/index.php\/wp-json\/wp\/v2\/comments?post=23434"}],"version-history":[{"count":0,"href":"https:\/\/latecordoba.com\/index.php\/wp-json\/wp\/v2\/posts\/23434\/revisions"}],"wp:featuredmedia":[{"embeddable":true,"href":"https:\/\/latecordoba.com\/index.php\/wp-json\/wp\/v2\/media\/23435"}],"wp:attachment":[{"href":"https:\/\/latecordoba.com\/index.php\/wp-json\/wp\/v2\/media?parent=23434"}],"wp:term":[{"taxonomy":"category","embeddable":true,"href":"https:\/\/latecordoba.com\/index.php\/wp-json\/wp\/v2\/categories?post=23434"},{"taxonomy":"post_tag","embeddable":true,"href":"https:\/\/latecordoba.com\/index.php\/wp-json\/wp\/v2\/tags?post=23434"}],"curies":[{"name":"wp","href":"https:\/\/api.w.org\/{rel}","templated":true}]}}