{"id":22100,"date":"2024-04-10T12:20:35","date_gmt":"2024-04-10T12:20:35","guid":{"rendered":"https:\/\/www.radiourbanasf.com.ar\/?p=18736"},"modified":"2024-04-10T12:20:35","modified_gmt":"2024-04-10T12:20:35","slug":"la-renga-en-uruguay","status":"publish","type":"post","link":"https:\/\/latecordoba.com\/index.php\/2024\/04\/10\/la-renga-en-uruguay\/","title":{"rendered":"La Renga en Uruguay"},"content":{"rendered":"\n<div><img decoding=\"async\" src=\"http:\/\/latecordoba.com\/wp-content\/uploads\/2024\/04\/la-renga-en-uruguay.jpg\" class=\"ff-og-image-inserted\"><\/div>\n<p><!-- .share-post --> <!-- WhatsApp Share Button for WordPress: http:\/\/peadig.com\/wordpress-plugins\/whatsapp-share-button\/ --><\/p>\n<h2>La m\u00edtica banda de rock argentino anuncia en sus redes un encuentro muy especial en Canelones, Uruguay, el cual tendr\u00e1 como bandas invitadas a Nameless y Pecho e Fierro, te contamos detalles.<\/h2>\n<p>El grupo de rock <a href=\"https:\/\/www.cmtv.com.ar\/biografia\/show.php?bnid=164&amp;banda=La_Renga\"><b>La Renga<\/b><\/a>&nbsp;anuncio a trav\u00e9s de sus redes sociales un show para el pr\u00f3ximo s\u00e1bado 13 de abril en el Parque Roosevelt de la ciudad de Canelones, Uruguay. Las entradas para dicho evento ya se encuentran al a venta a trav\u00e9s de&nbsp;<i>Arte Infernal<\/i>&nbsp;(Buenos Aires) o en la plataforma&nbsp;<i>RedTickets<\/i>.<\/p>\n<p>La noche contar\u00e1 con la presencia de&nbsp;<b>Nameless&nbsp;<\/b>y&nbsp;<b>Pecho e Fierro<\/b>&nbsp;como bandas invitadas.<\/p>\n<p>La \u00faltima vez que&nbsp;<b>La Renga&nbsp;<\/b>visit\u00f3 el pa\u00eds vecino fue en octubre de 2022 cuando present\u00f3 el disco \u201c<a href=\"https:\/\/www.cmtv.com.ar\/discos_letras\/show.php?bnid=164&amp;banda=La_Renga&amp;DS_DS=18901&amp;disco=ALEJADO_DE_LA_RED\"><b>Alejado de la red<\/b><\/a>\u201d. Ahora, la banda regresa para seguir compartiendo sus canciones y emocionar a su p\u00fablico.<\/p>\n<p><!-- WhatsApp Share Button for WordPress: http:\/\/peadig.com\/wordpress-plugins\/whatsapp-share-button\/ -->  <\/p>\n","protected":false},"excerpt":{"rendered":"\n<div style=\"float:right;margin:0 0 20px 20px;\"><img decoding=\"async\" width=\"150\" height=\"150\" src=\"http:\/\/latecordoba.com\/wp-content\/uploads\/2024\/04\/la-renga-en-uruguay-1.jpg\" class=\"attachment-thumbnail size-thumbnail wp-post-image\" alt=\"\" loading=\"lazy\" \/><\/div>\n<p>La m\u00edtica banda de rock argentino anuncia en sus redes un encuentro muy especial en Canelones, Uruguay, el cual tendr\u00e1 como bandas invitadas a Nameless y Pecho e Fierro, te contamos detalles. El grupo de rock La Renga\u00a0anuncio a trav\u00e9s de sus redes sociales un show para el pr\u00f3ximo s\u00e1bado 13 de abril en el &#8230;  <\/p>\n","protected":false},"author":1,"featured_media":22101,"comment_status":"closed","ping_status":"closed","sticky":false,"template":"","format":"standard","meta":[],"categories":[20],"tags":[],"_links":{"self":[{"href":"https:\/\/latecordoba.com\/index.php\/wp-json\/wp\/v2\/posts\/22100"}],"collection":[{"href":"https:\/\/latecordoba.com\/index.php\/wp-json\/wp\/v2\/posts"}],"about":[{"href":"https:\/\/latecordoba.com\/index.php\/wp-json\/wp\/v2\/types\/post"}],"author":[{"embeddable":true,"href":"https:\/\/latecordoba.com\/index.php\/wp-json\/wp\/v2\/users\/1"}],"replies":[{"embeddable":true,"href":"https:\/\/latecordoba.com\/index.php\/wp-json\/wp\/v2\/comments?post=22100"}],"version-history":[{"count":0,"href":"https:\/\/latecordoba.com\/index.php\/wp-json\/wp\/v2\/posts\/22100\/revisions"}],"wp:featuredmedia":[{"embeddable":true,"href":"https:\/\/latecordoba.com\/index.php\/wp-json\/wp\/v2\/media\/22101"}],"wp:attachment":[{"href":"https:\/\/latecordoba.com\/index.php\/wp-json\/wp\/v2\/media?parent=22100"}],"wp:term":[{"taxonomy":"category","embeddable":true,"href":"https:\/\/latecordoba.com\/index.php\/wp-json\/wp\/v2\/categories?post=22100"},{"taxonomy":"post_tag","embeddable":true,"href":"https:\/\/latecordoba.com\/index.php\/wp-json\/wp\/v2\/tags?post=22100"}],"curies":[{"name":"wp","href":"https:\/\/api.w.org\/{rel}","templated":true}]}}