{"id":22098,"date":"2024-04-10T13:05:05","date_gmt":"2024-04-10T13:05:05","guid":{"rendered":"https:\/\/radioritmo.com.ar\/?p=16916"},"modified":"2024-04-10T13:05:05","modified_gmt":"2024-04-10T13:05:05","slug":"escucha-la-cancion-de-euge-quevedo-y-daniel-campos-antes-de-su-muerte","status":"publish","type":"post","link":"https:\/\/latecordoba.com\/index.php\/2024\/04\/10\/escucha-la-cancion-de-euge-quevedo-y-daniel-campos-antes-de-su-muerte\/","title":{"rendered":"Escuch\u00e1 la canci\u00f3n de Euge Quevedo y Daniel Campos antes de su muerte"},"content":{"rendered":"\n<div><img decoding=\"async\" src=\"http:\/\/latecordoba.com\/wp-content\/uploads\/2024\/04\/escucha-la-cancion-de-euge-quevedo-y-daniel-campos-antes-de-su-muerte.jpg\" class=\"ff-og-image-inserted\"><\/div>\n<p>El exintegrante de Los Guaran\u00edes grab\u00f3 \u201cHasta el Cansancio\u201d con la artista cuartetera d\u00edas antes de su fallecimiento. El tema se public\u00f3 este fin de semana.<\/p>\n<p>Euge Quevedo emocion\u00f3 a todos durante el fin de semana con uno de sus estrenos. Pero fue un feat cualquiera. Fue compartido junto a <a href=\"https:\/\/www.cadena3.com\/pagina\/tag\/?q=Daniel%20Campos\" target=\"_blank\" rel=\"noopener\">Daniel Campos<\/a>, el folclorista excantante de Los Guaran\u00edes, hijo de Tutu Campos, qui\u00e9n muri\u00f3 recientemente a sus 48 a\u00f1os.<\/p>\n<p>Daniel estaba rearmando su carrera art\u00edstica como solista en un proyecto que se iba a llamar \u201cDaniel y Los del Alba\u201d y dentro de su nuevo material grab\u00f3 una colaboraci\u00f3n junto a Euge Quevedo: se trata de \u201cHasta el cansancio\u201d.<\/p>\n<p>\u201cLa Muela\u201d habl\u00f3 en sus redes y comparti\u00f3 unas emotivas palabras: \u201cTuve la posibilidad, el gran honor de grabar con Daniel Campos, la gran mayor\u00eda sabe que Daniel ha fallecido hace unos d\u00edas por una enfermedad. Yo estudi\u00e9 folclore desde muy chica y me cri\u00e9 con Los Guaran\u00edes, escuchando a Nacho y Daniel. En esa \u00e9poca todos los chicos que bail\u00e1bamos en la academia \u00e9ramos muy fan de Los Guaran\u00edes. Cuando me convocaron me puse muy feliz y cuando fui al estudio, como podr\u00e1n ver en las im\u00e1genes, me encontr\u00e9 con otro Daniel. Qued\u00e9 impactada porque no sab\u00eda que estaba transitando esa enfermedad y en esa oportunidad sent\u00ed m\u00e1s ganas de grabar con \u00e9l y esa posibilidad de hacer m\u00fasica. Yo tengo entendido que cuando \u00e9l estaba internado quer\u00eda que este tema salga igual\u201d, expres\u00f3 Euge con mucha tristeza.<\/p>\n<p><iframe loading=\"lazy\" title=\"Daniel Campos ft Euge Quevedo \/\/ Hasta el Cansancio\" width=\"618\" height=\"348\" src=\"https:\/\/www.youtube.com\/embed\/pKXDSbPNlcA?feature=oembed\" frameborder=\"0\" allow=\"accelerometer; autoplay; clipboard-write; encrypted-media; gyroscope; picture-in-picture; web-share\" referrerpolicy=\"strict-origin-when-cross-origin\" allowfullscreen>[embedded content]<\/iframe><\/p>\n","protected":false},"excerpt":{"rendered":"<p> El exintegrante de Los Guaran\u00edes grab\u00f3 &#8220;Hasta el Cansancio&#8221; con la artista cuartetera d\u00edas antes de su fallecimiento. El tema se public\u00f3 este fin de semana. Euge Quevedo emocion\u00f3 a todos durante el fin de semana con uno de sus estrenos. Pero fue un feat cualquiera. Fue compartido junto a Daniel Campos, el folclorista excantante &#8230;  <\/p>\n","protected":false},"author":1,"featured_media":22099,"comment_status":"closed","ping_status":"closed","sticky":false,"template":"","format":"standard","meta":[],"categories":[20],"tags":[],"_links":{"self":[{"href":"https:\/\/latecordoba.com\/index.php\/wp-json\/wp\/v2\/posts\/22098"}],"collection":[{"href":"https:\/\/latecordoba.com\/index.php\/wp-json\/wp\/v2\/posts"}],"about":[{"href":"https:\/\/latecordoba.com\/index.php\/wp-json\/wp\/v2\/types\/post"}],"author":[{"embeddable":true,"href":"https:\/\/latecordoba.com\/index.php\/wp-json\/wp\/v2\/users\/1"}],"replies":[{"embeddable":true,"href":"https:\/\/latecordoba.com\/index.php\/wp-json\/wp\/v2\/comments?post=22098"}],"version-history":[{"count":0,"href":"https:\/\/latecordoba.com\/index.php\/wp-json\/wp\/v2\/posts\/22098\/revisions"}],"wp:featuredmedia":[{"embeddable":true,"href":"https:\/\/latecordoba.com\/index.php\/wp-json\/wp\/v2\/media\/22099"}],"wp:attachment":[{"href":"https:\/\/latecordoba.com\/index.php\/wp-json\/wp\/v2\/media?parent=22098"}],"wp:term":[{"taxonomy":"category","embeddable":true,"href":"https:\/\/latecordoba.com\/index.php\/wp-json\/wp\/v2\/categories?post=22098"},{"taxonomy":"post_tag","embeddable":true,"href":"https:\/\/latecordoba.com\/index.php\/wp-json\/wp\/v2\/tags?post=22098"}],"curies":[{"name":"wp","href":"https:\/\/api.w.org\/{rel}","templated":true}]}}