{"id":22096,"date":"2024-04-11T13:03:00","date_gmt":"2024-04-11T13:03:00","guid":{"rendered":"https:\/\/www.puntal.com.ar\/centro-cultural-comunitario-leonardo-favio\/la-terminal-se-estrena-el-favio-n215029"},"modified":"2024-04-11T13:03:00","modified_gmt":"2024-04-11T13:03:00","slug":"la-terminal-se-estrena-en-el-favio","status":"publish","type":"post","link":"https:\/\/latecordoba.com\/index.php\/2024\/04\/11\/la-terminal-se-estrena-en-el-favio\/","title":{"rendered":"La terminal se estrena en el Favio"},"content":{"rendered":"\n<div><img decoding=\"async\" src=\"http:\/\/latecordoba.com\/wp-content\/uploads\/2024\/04\/la-terminal-se-estrena-en-el-favio.png\" class=\"ff-og-image-inserted\"><\/div>\n<p> Sinopsis: Una peque\u00f1a estaci\u00f3n de micros en el interior de la Provincia de C\u00f3rdoba. Quienes llegan o parten en los micros interurbanos son, fundamentalmente, trabajadores. Esperan. Van y vienen con su esperanza, con su cansancio. La vida en el lugar consiste en las alteraciones que provocan las partidas y las llegadas de los micros. La quietud se interrumpe, se altera durante un breve lapso, y luego vuelve la calma. La mirada de Font\u00e1n, abre un nuevo intersticio.<\/p>\n<div contenteditable=\"false\" class=\"embed_cont type_freetext\" rel=\"freetext\" id=\"embed9247_wrap\" data-provider=\"YouTube\" readability=\"32\">\n<p>Embed &#8211; \/ The Bus Station &#8211;YIDFF 2023 International Competition | Trailer<span onclick=\"parent.parent.TinyMCETdcuerpo.preview_embed('embed9247')\" class=\"embed_colapse less\" id=\"embed9247_colapse\"><\/span><span onclick=\"parent.parent.TinyMCETdcuerpo.delete_embed('embed9247')\" class=\"embed_delete less\" id=\"embed9247_delete\"><\/span><\/p>\n<div id=\"embed9247_content\" class=\"embed_content\">\n<p> <iframe loading=\"lazy\" width=\"200\" height=\"113\" src=\"https:\/\/www.youtube.com\/embed\/1V0wZh9ylDM?feature=oembed\" frameborder=\"0\" allow=\"accelerometer; autoplay; clipboard-write; encrypted-media; gyroscope; picture-in-picture; web-share\" referrerpolicy=\"strict-origin-when-cross-origin\" allowfullscreen title=\" \/ The Bus Station --YIDFF 2023 International Competition | Trailer\">[embedded content]<\/iframe><\/p>\n<\/p><\/div>\n<\/p><\/div>\n<p>La Terminal es una nueva pel\u00edcula dirigida por el cineasta argentino Gustavo Font\u00e1n que tiene como protagonista al famoso parador de La Falda, C\u00f3rdoba.<\/p>\n<p>La historia de La Terminal mezcla relatos locales de amor y desamor como \u201crestos de experiencias humanas\u201d, seg\u00fan explic\u00f3 el director Gustavo Font\u00e1n en una entrevista al medio otroscines.com. Acerca de este largometraje, inspirado en la reconocida terminal de La Falda, el cineasta cont\u00f3: \u201cNuestra elecci\u00f3n fue observar el movimiento de los micros interurbanos, esos que llevan a trabajadores y estudiantes de pueblo en pueblo\u201d.<\/p>\n<p>Especialmente \u201cpersonas que pasan por ah\u00ed a diario, van y vuelven, cada d\u00eda\u201d. Por otra parte, Font\u00e1n se\u00f1al\u00f3 que \u201cla terminal de La Falda tiene la dimensi\u00f3n exacta para esto porque permite ver c\u00f3mo se llena y se vac\u00eda a cada rato. Se llena y se vac\u00eda. Ese movimiento de superficie me resultaba muy atractivo. Lo que aparece, desaparece sin cesar. Quer\u00edamos filmar ese flujo\u201d.<\/p>\n<p>Acerca del proceso de filmaci\u00f3n en un lugar tan concurrido, el director explic\u00f3 que Atilio S\u00e1nchez (sonidista de la pel\u00edcula) fue el encargado de recolectar los testimonios. \u201cSe acercaba a todas las personas que esperaban o bajaban de los micros y les preguntaba si quer\u00edan contar su historia de amor. Muchas personas se negaron, pero muchas nos contaron historias conmovedoras. Desde el principio sab\u00edamos tambi\u00e9n que usar\u00edamos retazos de esas historias y que estar\u00edan en off, como si el espacio albergara un conjunto de voces que cada tanto se manifiestan\u201d, revel\u00f3.<\/p>\n<p>Sobre el motivo detr\u00e1s de la elecci\u00f3n de la Terminal de La Falda como locaci\u00f3n, el director confes\u00f3: \u201cDe alguna manera, los lugares donde pasaste una buena parte de la infancia te resultan familiares. Todas mis vacaciones de ni\u00f1o ocurrieron en C\u00f3rdoba. En Cosqu\u00edn o en La Falda. No es un recuerdo espec\u00edfico lo que estuvo detr\u00e1s del proyecto sino un aroma, cierta luz. Despu\u00e9s volv\u00ed muchas veces a esos lugares y los regresos renovaron esas sensaciones; las instalaron hasta que se volvieron persistentes\u201d.<\/p>\n","protected":false},"excerpt":{"rendered":"\n<p>La pel\u00edcula documental sobre el parador de La Falda, se podr\u00e1 ver desde hoy en la sala provincial<\/p>\n","protected":false},"author":1,"featured_media":22097,"comment_status":"closed","ping_status":"closed","sticky":false,"template":"","format":"standard","meta":[],"categories":[14],"tags":[],"_links":{"self":[{"href":"https:\/\/latecordoba.com\/index.php\/wp-json\/wp\/v2\/posts\/22096"}],"collection":[{"href":"https:\/\/latecordoba.com\/index.php\/wp-json\/wp\/v2\/posts"}],"about":[{"href":"https:\/\/latecordoba.com\/index.php\/wp-json\/wp\/v2\/types\/post"}],"author":[{"embeddable":true,"href":"https:\/\/latecordoba.com\/index.php\/wp-json\/wp\/v2\/users\/1"}],"replies":[{"embeddable":true,"href":"https:\/\/latecordoba.com\/index.php\/wp-json\/wp\/v2\/comments?post=22096"}],"version-history":[{"count":0,"href":"https:\/\/latecordoba.com\/index.php\/wp-json\/wp\/v2\/posts\/22096\/revisions"}],"wp:featuredmedia":[{"embeddable":true,"href":"https:\/\/latecordoba.com\/index.php\/wp-json\/wp\/v2\/media\/22097"}],"wp:attachment":[{"href":"https:\/\/latecordoba.com\/index.php\/wp-json\/wp\/v2\/media?parent=22096"}],"wp:term":[{"taxonomy":"category","embeddable":true,"href":"https:\/\/latecordoba.com\/index.php\/wp-json\/wp\/v2\/categories?post=22096"},{"taxonomy":"post_tag","embeddable":true,"href":"https:\/\/latecordoba.com\/index.php\/wp-json\/wp\/v2\/tags?post=22096"}],"curies":[{"name":"wp","href":"https:\/\/api.w.org\/{rel}","templated":true}]}}