{"id":22051,"date":"2024-04-10T12:48:38","date_gmt":"2024-04-10T12:48:38","guid":{"rendered":"http:\/\/d2a0d8c1d38c856db5651ed95cd580d5"},"modified":"2024-04-10T12:48:38","modified_gmt":"2024-04-10T12:48:38","slug":"el-gobierno-mando-la-nueva-ley-omnibus-y-los-gobernadores-dicen-que-se-aprueba","status":"publish","type":"post","link":"https:\/\/latecordoba.com\/index.php\/2024\/04\/10\/el-gobierno-mando-la-nueva-ley-omnibus-y-los-gobernadores-dicen-que-se-aprueba\/","title":{"rendered":"El Gobierno mand\u00f3 la nueva Ley \u00d3mnibus y los gobernadores dicen que se aprueba"},"content":{"rendered":"\n<div class=\"media_block\"><img decoding=\"async\" src=\"http:\/\/latecordoba.com\/wp-content\/uploads\/2024\/04\/el-gobierno-mando-la-nueva-ley-omnibus-y-los-gobernadores-dicen-que-se-aprueba.jpg\"><\/div>\n<p>El gobierno nacional envi\u00f3 al Congreso el nuevo proyecto de la&nbsp;reducida Ley \u00d3mnibus junto al paquete fiscal y los gobernadores dialoguistas creen que ser\u00e1 aprobada.<\/p>\n<p>El nuevo texto incluye 279 art\u00edculos con las modificaciones acordadas con la oposici\u00f3n dialoguista&nbsp;en los puntos m\u00e1s pol\u00e9micos, incluso algunos de los que se rechazaron durante el tratamiento en la C\u00e1mara de Diputados. El paquete fiscal incluye otros 101 art\u00edculos y se sumar\u00e1 la reforma laboral que presentar\u00e1 el radicalismo.<\/p>\n<p>Fuentes de la oposici\u00f3n dialoguista adelantaron que hay acuerdo en l\u00edneas generales para la aprobaci\u00f3n del texto, aunque persisten algunas diferencias que terminar\u00e1n de saldarse durante el debate en las comisiones.<\/p>\n<p>&#8220;De no mediar alg\u00fan tipo de imprevisto, la Ley Bases se va a sancionar&#8221;, adelant\u00f3 este mi\u00e9rcoles el gobernador de Tucum\u00e1n, Osvaldo Jaldo. &#8220;Vemos que las cosas se est\u00e1n llevando a cabo con mucho di\u00e1logo y predisposici\u00f3n para llegar a un acuerdo&#8221;, destac\u00f3 el peronista, que ya en el anterior debate aport\u00f3 los votos de sus tres diputados.<\/p>\n<p><a href=\"https:\/\/www.lapoliticaonline.com\/tools\/redirect.php?t=3&amp;i=286939&amp;s=36c4d0e127c17ae26345bb426cc75da6\" target=\"_blank\" class=\"link-type-content content-type-noticia-ar\" rel=\"noopener\">En medio de la negociaci\u00f3n por la ley \u00f3mnibus, Milei dijo que no le importa si la votan: &#8220;Los veo en 2025&#8221;&nbsp;<\/a><\/p>\n<p>Entre los puntos destacados, el nuevo proyecto establece la emergencia p\u00fablica en materia administrativa, econ\u00f3mica, financiera y energ\u00e9tica por un plazo de un a\u00f1o e informes mensuales al Congreso.<\/p>\n<p>El Gobierno tambi\u00e9n pide v\u00eda libre para la &#8220;reforma del Estado&#8221; que habilita a la &#8220;reorganizaci\u00f3n, centralizaci\u00f3n, fusi\u00f3n, escisi\u00f3n, disoluci\u00f3n total o parcial, o transferencia a las provincias&#8221; de los organismos p\u00fablicos, con excepci\u00f3n de las universidades, el Conicet y el INTA.<\/p>\n<p>Tambi\u00e9n se establece el nuevo listados de empresas p\u00fablicas a privatizar total o parcialmente. En el primer grupo est\u00e1n Aerol\u00edneas, Intercargo, Enarsa y los medios p\u00fablicos. En el segundo aparecen Nucleol\u00e9ctrica, el Banco Naci\u00f3n y las que integran su grupo, y Yacimientos Carbon\u00edferos R\u00edo Turbio. Adem\u00e1s, se podr\u00e1n privatizar o concesionar Aysa, Correo Argentino, Sofse, Belgrano Cargas y Corredores Viales.<\/p>\n<figure class=\"vsmimage\" contenteditable=\"false\"><img decoding=\"async\" loading=\"lazy\" alt=\"Gustavo Vald\u00e9s y Rogelio Frigerio\" data-vsmid=\"221901\" data-owidth=\"1181\" data-oheight=\"773\" src=\"data:image\/png;base64,iVBORw0KGgoAAAANSUhEUgAAAx4AAAIGAQMAAADgBss\/AAAAA1BMVEUAAACnej3aAAAAAXRSTlMAQObYZgAAAElJREFUeJztwQENAAAAwqD3T20PBxQAAAAAAAAAAAAAAAAAAAAAAAAAAAAAAAAAAAAAAAAAAAAAAAAAAAAAAAAAAAAAAAAAALwYzF4AAWBhck8AAAAASUVORK5CYII=\" vsmidos=\"1\" vsmsrc=\"\/files\/image\/221\/221901\/660f34508be59_798_518!.jpg?s=2f263ad91b0b7f4f2b2ab870f4b67bac&amp;d=1712755844\" width=\"798\" height=\"518\"><\/figure>\n<p>En el cap\u00edtulo fiscal se incluyen la restituci\u00f3n de Ganancias, modificaciones en Bienes Personales, el blanqueo y la moratoria.<\/p>\n<p>Respecto a Ganancias, el texto establece un piso de 1,2 millones como pretend\u00eda originalmente el gobierno, pero fuentes de la oposici\u00f3n adelantaron que es parte de un acuerdo para que en el debate en comisi\u00f3n los aliados impongan una suba del piso a 1,8 millones para solteros y 2,2 millones para casados con hijos.<\/p>\n<p>Este n\u00famero no es del todo compartido por la oposici\u00f3n dialoguista, ya que los gobernadores patag\u00f3nicos quieren que el piso sea m\u00e1s alto. Adem\u00e1s, el gobierno acept\u00f3 que la restituci\u00f3n no sea retroactiva.<\/p>\n<figure class=\"vsmwidget widget-type-scribd\" vsmtype=\"scribd\" contenteditable=\"false\" readability=\"-2.4864864864865\">\n<p><a title=\"View Nuevo proyecto de Ley de Bases on Scribd\" href=\"https:\/\/www.scribd.com\/document\/721766759\/Nuevo-proyecto-de-Ley-de-Bases#from_embed\">Nuevo proyecto de Ley de Bases<\/a> by <a title=\"View LPO's profile on Scribd\" href=\"https:\/\/www.scribd.com\/user\/629716430\/LPO#from_embed\">LPO<\/a><\/p>\n<\/figure>\n<figure class=\"vsmwidget widget-type-scribd\" vsmtype=\"scribd\" contenteditable=\"false\" readability=\"-2.5555555555556\">\n<p><a title=\"View Proyecto Ley Medidas Fiscales on Scribd\" href=\"https:\/\/www.scribd.com\/document\/721767020\/Proyecto-Ley-Medidas-Fiscales#from_embed\">Proyecto Ley Medidas Fiscales<\/a> by <a title=\"View LPO's profile on Scribd\" href=\"https:\/\/www.scribd.com\/user\/629716430\/LPO#from_embed\">LPO<\/a><\/p>\n<\/figure>\n","protected":false},"excerpt":{"rendered":"\n<div class=\"media_block\"><img decoding=\"async\" src=\"http:\/\/latecordoba.com\/wp-content\/uploads\/2024\/04\/el-gobierno-mando-la-nueva-ley-omnibus-y-los-gobernadores-dicen-que-se-aprueba.jpg\"><\/div>\n<p>El paquete fiscal incluye un nuevo piso de Ganancias en 1,2 millones, pero hay acuerdo para que la oposici\u00f3n lo suba a 1,8 millones durante el debate. Los patag\u00f3nicos piden que sea m\u00e1s alto.  <\/p>\n","protected":false},"author":1,"featured_media":22052,"comment_status":"closed","ping_status":"closed","sticky":false,"template":"","format":"standard","meta":[],"categories":[18],"tags":[],"_links":{"self":[{"href":"https:\/\/latecordoba.com\/index.php\/wp-json\/wp\/v2\/posts\/22051"}],"collection":[{"href":"https:\/\/latecordoba.com\/index.php\/wp-json\/wp\/v2\/posts"}],"about":[{"href":"https:\/\/latecordoba.com\/index.php\/wp-json\/wp\/v2\/types\/post"}],"author":[{"embeddable":true,"href":"https:\/\/latecordoba.com\/index.php\/wp-json\/wp\/v2\/users\/1"}],"replies":[{"embeddable":true,"href":"https:\/\/latecordoba.com\/index.php\/wp-json\/wp\/v2\/comments?post=22051"}],"version-history":[{"count":0,"href":"https:\/\/latecordoba.com\/index.php\/wp-json\/wp\/v2\/posts\/22051\/revisions"}],"wp:featuredmedia":[{"embeddable":true,"href":"https:\/\/latecordoba.com\/index.php\/wp-json\/wp\/v2\/media\/22052"}],"wp:attachment":[{"href":"https:\/\/latecordoba.com\/index.php\/wp-json\/wp\/v2\/media?parent=22051"}],"wp:term":[{"taxonomy":"category","embeddable":true,"href":"https:\/\/latecordoba.com\/index.php\/wp-json\/wp\/v2\/categories?post=22051"},{"taxonomy":"post_tag","embeddable":true,"href":"https:\/\/latecordoba.com\/index.php\/wp-json\/wp\/v2\/tags?post=22051"}],"curies":[{"name":"wp","href":"https:\/\/api.w.org\/{rel}","templated":true}]}}