{"id":22049,"date":"2024-04-10T10:42:22","date_gmt":"2024-04-10T10:42:22","guid":{"rendered":"https:\/\/viapais.com.ar\/tucuman\/amaicha-del-valle-1-festival-del-adobe-y-el-5-encuentro-de-constructores-con-tierra-del-noa\/"},"modified":"2024-04-10T10:42:22","modified_gmt":"2024-04-10T10:42:22","slug":"amaicha-del-valle-1o-festival-del-adobe-y-el-5o-encuentro-de-constructores-con-tierra-del-noa","status":"publish","type":"post","link":"https:\/\/latecordoba.com\/index.php\/2024\/04\/10\/amaicha-del-valle-1o-festival-del-adobe-y-el-5o-encuentro-de-constructores-con-tierra-del-noa\/","title":{"rendered":"Amaicha del Valle: 1\u00ba Festival del Adobe y el 5\u00ba Encuentro de Constructores con Tierra del NOA"},"content":{"rendered":"\n<div><img decoding=\"async\" src=\"http:\/\/latecordoba.com\/wp-content\/uploads\/2024\/04\/amaicha-del-valle-1o-festival-del-adobe-y-el-5o-encuentro-de-constructores-con-tierra-del-noa.jpg\" class=\"ff-og-image-inserted\"><\/div>\n<section readability=\"34.294296909012\">\n<p>Organizadores del 1\u00ba Festival del Adobe y el 5\u00ba Encuentro de Constructores con Tierra del NOA, se reunieron con el presidente del Ente Cultural de Tucum\u00e1n,<b>&nbsp;Humberto Salazar<\/b>. Se trata de los arquitectos del Instituto de Investigaciones Territoriales y Tecnol\u00f3gicas para la Producci\u00f3n del H\u00e1bitat (INTEPH) del CONICET-UNT,<b>&nbsp;Pablo Dorado, Guillermo Rol\u00f3n&nbsp;<\/b>y&nbsp;<b>Gonzalo Garc\u00eda Villar<\/b>. De la reuni\u00f3n particip\u00f3 tambi\u00e9n&nbsp;<b>Marcela Garc\u00eda Mottes,<\/b>&nbsp;responsable de Gesti\u00f3n Cultural de la Direcci\u00f3n de Relaciones Institucionales del Ente Cultural.<\/p>\n<p>El eje del encuentro fue la organizaci\u00f3n del Festival, que tendr\u00e1 lugar en Amaicha del Valle, del 1 al 5 de mayo de este a\u00f1o, y contar\u00e1 con la presencia de artesanos de la zona, como as\u00ed tambi\u00e9n sentar las bases de futuras colaboraciones entre a\u00a1las entidades.<\/p>\n<p>Este importante evento est\u00e1 organizadon en conjunto entre el Observatorio de Construcci\u00f3n con Tierra del Valle Calchaqu\u00ed (OCT), Amaicha del Valle (perteneciente al Instituto de Investigaciones Territoriales y Tecnol\u00f3gicas para la Producci\u00f3n del H\u00e1bitat (INTEPH-CONICET-UNT)), y la Biblioteca Popular \u201cAmado Ju\u00e1rez\u201d, y est\u00e1 apoyado por la Comuna Rural de Amaicha del Valle y la Fundaci\u00f3n Williams. Adem\u00e1s del reconocimiento y respaldo institucional de la Red argentina PROTIERRA y de la Red Iberoamericana PROTERRA. <\/p>\n<h2 class>El 1\u00ba Festival del Adobe y el 5\u00ba Encuentro de Constructores con Tierra del NOA han sido declarados recientemente de Inter\u00e9s Cultural por el Ente Cultural de la Provincia (Res. N.\u00ba 0581\/01 &#8211; ECT)<\/h2>\n<p>Aquellas personas interesadas en inscribirse en algunas de las diferentes actividades del festival deber\u00e1n completar el siguiente formulario online: &nbsp;<a href=\"https:\/\/docs.google.com\/forms\/d\/e\/1FAIpQLSfAdKoD57p66514IK0uSiC9TYUewNvTgK55dK-XvvVufh8dYg\/viewform\" target=\"_blank\" rel=\"noopener\">https:\/\/docs.google.com\/forms\/d\/e\/1FAIpQLSfAdKoD57p66514IK0uSiC9TYUewNvTgK55dK-XvvVufh8dYg\/viewform<\/a><\/p>\n<p>Para inscribirse en el concurso Tierra Creativa, consultar bases y condiciones aqu\u00ed: <a href=\"https:\/\/observatoriotierra.com\/wp-content\/uploads\/2024\/02\/BASES-CONCURSO-tierra-creativa-2.pdf\" target=\"_blank\" rel=\"noopener\">https:\/\/observatoriotierra.com\/wp-content\/uploads\/2024\/02\/BASES-CONCURSO-tierra-creativa-2.pdf<\/a><\/p>\n<p>Para m\u00e1s informaci\u00f3n de este encuentro, pueden ingresar a la p\u00e1gina del Observatorio: <a href=\"https:\/\/observatoriotierra.com\/\" target=\"_blank\" rel=\"noopener\">https:\/\/observatoriotierra.com\/<\/a><\/p>\n<\/section>\n<div class=\"story-tags noreadme-audima\">\n<h3>Temas Relacionados<\/h3>\n<\/div>\n","protected":false},"excerpt":{"rendered":"<p>Organizadores del 1\u00ba Festival del Adobe y el 5\u00ba Encuentro de Constructores con Tierra del NOA, se reunieron con el presidente del Ente Cultural de Tucum\u00e1n,&nbsp;Humberto Salazar. Se trata de los arquitectos del Instituto de Investigaciones Territoriales y Tecnol\u00f3gicas para la Producci\u00f3n del H\u00e1bitat (INTEPH) del CONICET-UNT,&nbsp;Pablo Dorado, Guillermo Rol\u00f3n&nbsp;y&nbsp;Gonzalo Garc\u00eda Villar. De la reuni\u00f3n [&hellip;]<\/p>\n","protected":false},"author":1,"featured_media":22050,"comment_status":"closed","ping_status":"closed","sticky":false,"template":"","format":"standard","meta":[],"categories":[15],"tags":[],"_links":{"self":[{"href":"https:\/\/latecordoba.com\/index.php\/wp-json\/wp\/v2\/posts\/22049"}],"collection":[{"href":"https:\/\/latecordoba.com\/index.php\/wp-json\/wp\/v2\/posts"}],"about":[{"href":"https:\/\/latecordoba.com\/index.php\/wp-json\/wp\/v2\/types\/post"}],"author":[{"embeddable":true,"href":"https:\/\/latecordoba.com\/index.php\/wp-json\/wp\/v2\/users\/1"}],"replies":[{"embeddable":true,"href":"https:\/\/latecordoba.com\/index.php\/wp-json\/wp\/v2\/comments?post=22049"}],"version-history":[{"count":0,"href":"https:\/\/latecordoba.com\/index.php\/wp-json\/wp\/v2\/posts\/22049\/revisions"}],"wp:featuredmedia":[{"embeddable":true,"href":"https:\/\/latecordoba.com\/index.php\/wp-json\/wp\/v2\/media\/22050"}],"wp:attachment":[{"href":"https:\/\/latecordoba.com\/index.php\/wp-json\/wp\/v2\/media?parent=22049"}],"wp:term":[{"taxonomy":"category","embeddable":true,"href":"https:\/\/latecordoba.com\/index.php\/wp-json\/wp\/v2\/categories?post=22049"},{"taxonomy":"post_tag","embeddable":true,"href":"https:\/\/latecordoba.com\/index.php\/wp-json\/wp\/v2\/tags?post=22049"}],"curies":[{"name":"wp","href":"https:\/\/api.w.org\/{rel}","templated":true}]}}