{"id":22043,"date":"2024-04-09T14:44:26","date_gmt":"2024-04-09T14:44:26","guid":{"rendered":"https:\/\/www.eldiariodeturismo.com.ar\/?p=244405"},"modified":"2024-04-09T14:44:26","modified_gmt":"2024-04-09T14:44:26","slug":"munchis-celebra-el-dia-mundial-del-helado-este-viernes-12-de-abril","status":"publish","type":"post","link":"https:\/\/latecordoba.com\/index.php\/2024\/04\/09\/munchis-celebra-el-dia-mundial-del-helado-este-viernes-12-de-abril\/","title":{"rendered":"Munchi\u00b4s celebra el d\u00eda mundial del helado este viernes 12 de abril"},"content":{"rendered":"\n<p dir=\"ltr\"><span>Conmemorando el d\u00eda internacional del helado,&nbsp;<\/span><strong><a href=\"https:\/\/www.munchis.com.ar\/\" target=\"_blank\" rel=\"noopener\" data-saferedirecturl=\"https:\/\/www.google.com\/url?q=https:\/\/www.munchis.com.ar\/&amp;source=gmail&amp;ust=1712758219340000&amp;usg=AOvVaw0UPRFXzPVf-1MRLTOIiQqD\"><span>Munchi\u00b4s<\/span><\/a><\/strong><span><strong>,<\/strong> la empresa pionera en la Argentina en la elaboraci\u00f3n de cremas heladas con leche de vaca jersey, invita a todos los fan\u00e1ticos del helado a disfrutar su sabor preferido con un 35% de descuento durante todo el viernes en sus helader\u00edas en la venta de helado a granel.<\/span><\/p>\n<h5><\/h5>\n<p dir=\"ltr\"><span><img loading=\"lazy\" decoding=\"async\" class=\"alignright wp-image-244406\" src=\"http:\/\/latecordoba.com\/wp-content\/uploads\/2024\/04\/munchis-celebra-el-dia-mundial-del-helado-este-viernes-12-de-abril.jpg\" alt width=\"350\" height=\"525\" srcset=\"http:\/\/latecordoba.com\/wp-content\/uploads\/2024\/04\/munchis-celebra-el-dia-mundial-del-helado-este-viernes-12-de-abril.jpg 200w, https:\/\/www.eldiariodeturismo.com.ar\/wp-content\/uploads\/2024\/04\/Munchis-066.jpg 400w\" sizes=\"(max-width: 350px) 100vw, 350px\">El helado lleg\u00f3 a la Argentina en el a\u00f1o 1902 y hoy es reconocido a nivel mundial por su calidad. Seg\u00fan un informe de la Asociaci\u00f3n Fabricantes Artesanales de Helados y Afines (AFADHYA), el 82 % de los consumidores lo considera mejor o igual al que han probado en otros pa\u00edses y m\u00e1s de la mitad (60 %) considera que representa a la gastronom\u00eda argentina en el mundo tanto como el asado y el vino.<\/span><\/p>\n<h5><\/h5>\n<p dir=\"ltr\"><span>Adem\u00e1s, una investigaci\u00f3n de D\u2019Alessio IROL sobre el consumo de Helado Artesanal arroja que el 89% de los argentinos consume Helado Artesanal durante todo el a\u00f1o, siendo el dulce de leche y sus variantes los sabores m\u00e1s elegidos. El helado ya dej\u00f3 de ser un alimento s\u00f3lo de verano.<\/span><\/p>\n<h5><\/h5>\n<p dir=\"ltr\"><span>Los helados Munchi\u00b4s est\u00e1n elaborados con leche de raza Jersey, que es la segunda raza lechera en el mundo, esta leche es reconocida mundialmente por su alto valor nutritivo, dado que aporta adem\u00e1s m\u00e1s calcio y prote\u00ednas que la leche com\u00fan.&nbsp; Munchi\u00b4s es tambi\u00e9n una marca que cuida y respeta el medioambiente. Entre otras acciones, las cucharitas y revolvedores comestibles est\u00e1n hechos con harina de arroz y son biodegradables, libres de gluten y compostables. Usando eco-cucharitas, se ahorran alrededor 385 kg de pl\u00e1stico en un a\u00f1o. Asimismo, se cuida el packaging con un solo objetivo: disminuir la generaci\u00f3n de residuos contribuyendo de esta forma al cuidado del medio ambiente.<\/span><\/p>\n<h3><\/h3>\n<p dir=\"ltr\"><span>M\u00e1s info en&nbsp;<\/span><strong><a href=\"https:\/\/www.munchis.com.ar\/\" target=\"_blank\" rel=\"noopener\" data-saferedirecturl=\"https:\/\/www.google.com\/url?q=https:\/\/www.munchis.com.ar\/&amp;source=gmail&amp;ust=1712758219340000&amp;usg=AOvVaw0UPRFXzPVf-1MRLTOIiQqD\"><span>https:\/\/www.munchis.com.ar\/<\/span><\/a><\/strong><\/p>\n<p>.<\/p>\n<p>FUENTE:&nbsp;FIC \u2013 Fern\u00e1ndez Ivern Comunicaciones<\/p>\n","protected":false},"excerpt":{"rendered":"<p> Conmemorando el d\u00eda internacional del helado,\u00a0Munchi\u00b4s, la empresa pionera en la Argentina en la elaboraci\u00f3n de cremas heladas con leche  <\/p>\n","protected":false},"author":1,"featured_media":22044,"comment_status":"open","ping_status":"closed","sticky":false,"template":"","format":"standard","meta":[],"categories":[19],"tags":[],"_links":{"self":[{"href":"https:\/\/latecordoba.com\/index.php\/wp-json\/wp\/v2\/posts\/22043"}],"collection":[{"href":"https:\/\/latecordoba.com\/index.php\/wp-json\/wp\/v2\/posts"}],"about":[{"href":"https:\/\/latecordoba.com\/index.php\/wp-json\/wp\/v2\/types\/post"}],"author":[{"embeddable":true,"href":"https:\/\/latecordoba.com\/index.php\/wp-json\/wp\/v2\/users\/1"}],"replies":[{"embeddable":true,"href":"https:\/\/latecordoba.com\/index.php\/wp-json\/wp\/v2\/comments?post=22043"}],"version-history":[{"count":0,"href":"https:\/\/latecordoba.com\/index.php\/wp-json\/wp\/v2\/posts\/22043\/revisions"}],"wp:featuredmedia":[{"embeddable":true,"href":"https:\/\/latecordoba.com\/index.php\/wp-json\/wp\/v2\/media\/22044"}],"wp:attachment":[{"href":"https:\/\/latecordoba.com\/index.php\/wp-json\/wp\/v2\/media?parent=22043"}],"wp:term":[{"taxonomy":"category","embeddable":true,"href":"https:\/\/latecordoba.com\/index.php\/wp-json\/wp\/v2\/categories?post=22043"},{"taxonomy":"post_tag","embeddable":true,"href":"https:\/\/latecordoba.com\/index.php\/wp-json\/wp\/v2\/tags?post=22043"}],"curies":[{"name":"wp","href":"https:\/\/api.w.org\/{rel}","templated":true}]}}