{"id":22041,"date":"2024-04-10T01:58:29","date_gmt":"2024-04-10T01:58:29","guid":{"rendered":"https:\/\/www.diariocronica.com.ar\/noticias\/2024\/04\/09\/94753-boca-vencio-a-sportivo-trinidense-por-la-copa-sudamericana-y-quedo-como-unico-lider-del-grupo-d"},"modified":"2024-04-10T01:58:29","modified_gmt":"2024-04-10T01:58:29","slug":"boca-vencio-a-sportivo-trinidense-por-la-copa-sudamericana-y-quedo-como-unico-lider-del-grupo-d","status":"publish","type":"post","link":"https:\/\/latecordoba.com\/index.php\/2024\/04\/10\/boca-vencio-a-sportivo-trinidense-por-la-copa-sudamericana-y-quedo-como-unico-lider-del-grupo-d\/","title":{"rendered":"Boca venci\u00f3 a Sportivo Trinidense por la Copa Sudamericana y qued\u00f3 como \u00fanico l\u00edder del Grupo D"},"content":{"rendered":"\n<div class=\"media_block\"><a href=\"http:\/\/latecordoba.com\/wp-content\/uploads\/2024\/04\/boca-vencio-a-sportivo-trinidense-por-la-copa-sudamericana-y-quedo-como-unico-lider-del-grupo-d.jpg\"><img decoding=\"async\" src=\"http:\/\/latecordoba.com\/wp-content\/uploads\/2024\/04\/boca-vencio-a-sportivo-trinidense-por-la-copa-sudamericana-y-quedo-como-unico-lider-del-grupo-d.jpg\" class=\"media_thumbnail\"><\/a><\/div>\n<div><img decoding=\"async\" src=\"http:\/\/latecordoba.com\/wp-content\/uploads\/2024\/04\/boca-vencio-a-sportivo-trinidense-por-la-copa-sudamericana-y-quedo-como-unico-lider-del-grupo-d-1.jpg\" class=\"ff-og-image-inserted\"><\/div>\n<p>\nEl conjunto xeneize gan\u00f3 por 1 a 0 y lleg\u00f3 a los cuatro puntos en la tabla.\n<\/p>\n<div readability=\"62\">\n<p><strong>Boca, en un partido complicado, venci\u00f3 por 1 a 0 a Sportivo Trinidense<\/strong>&nbsp;como local por la segunda fecha de la Copa Sudamericana y qued\u00f3 como \u00fanico l\u00edder del Grupo D hasta que jueguen Fortaleza y Nacional Potos\u00ed.<\/p>\n<p>Con el gol del juvenil Aaron Anselmino, su primer tanto con la camiseta de Boca de manera oficial, el xeneize alcanz\u00f3 los cuatro puntos y se puso como l\u00edder del grupo a una unidad de Fortaleza, que tiene tres y a tres de Nacional Potos\u00ed, con apenas uno. Trinidense qued\u00f3 \u00faltimo sin sumar.<\/p>\n<p>El equipo dirigido por Diego Mart\u00ednez fue el claro dominador del partido, con m\u00e1s presencia en campo rival y con aproximaciones al \u00e1rea de Trinidense pero sin poder generar peligro para el arco visitante.<\/p>\n<p>A los 26 minutos del complemento, Boca atac\u00f3 mucho m\u00e1s y con m\u00e1s presencia hasta que Lautaro Blanco meti\u00f3 una pelota larga al \u00e1rea que conect\u00f3 en lo m\u00e1s alto Anselmino con la cabeza para el 1 a 0 del xeneize.<\/p>\n<p>El jueves 25 de abril, Boca visitar\u00e1 a Fortaleza en la tercera y \u00faltima fecha de la primera ronda de la fase de grupos de la copa.<\/p>\n<h4>S\u00edntesis de Boca vs. Sportivo Trinidense por la segunda fecha de la Copa Sudamericana:<\/h4>\n<p><strong>Copa Sudamericana.<\/strong><br \/><strong>Fecha 2.<\/strong><br \/><strong>Grupo D.<\/strong><br \/><strong>Boca &#8211; Sportivo Trinidense.<\/strong><br \/><strong>Estadio:<\/strong>&nbsp;La Bombonera.<br \/><strong>\u00c1rbitro:<\/strong>&nbsp;Gustavo Tejera (Uruguay).<br \/><strong>VAR:<\/strong>&nbsp;Juan Lara (Chile).<\/p>\n<p><strong>Boca:<\/strong>&nbsp;Sergio Romero; Nicol\u00e1s Figal, Aaron Anselmino, Nicol\u00e1s Valentini, Marcelo Saracchi; Jabes Saralegui, Mauricio Benitez, Guillermo Fern\u00e1ndez; Vicente Taborda; Miguel Merentiel y Edinson Cavani.&nbsp;<strong>DT:<\/strong>&nbsp;Diego Mart\u00ednez.<\/p>\n<p><strong>Sportivo Trinidense:<\/strong>&nbsp;V\u00edctor Samudio; Armando Ruiz D\u00edaz, C\u00e9sar Ben\u00edtez, Juan Vera, Wildo Alonso; Luis de la Cruz, Juan Z\u00e1rate, Marcos Riveros, Brian Andrada; Fernando Romero y Pedro Delvalle.&nbsp;<strong>DT:<\/strong>&nbsp;Jos\u00e9 Arr\u00faa.<\/p>\n<p><strong>Goles en el segundo tiempo:<\/strong>&nbsp;26m Aaron Anselmino (B).<\/p>\n<p><strong>Cambios en el segundo tiempo:<\/strong>&nbsp;en el inicio Jorge Jara por Riveros (ST); 10m Joel Ram\u00f3n por Delvalle (ST); 14m Kevin Zenon por Taborda (B); Luis Adv\u00edncula por Figal (B); 15m Lautaro Blanco por Saracchi (B); 17m Alan Pereira por Romero (ST); 22m Dar\u00edo Benedetto por G. Fern\u00e1ndez (B); 26m Oscar Gim\u00e9nez por De la Cruz (ST); Tom\u00e1s Rayer por Andrada (ST); 31m Ezequiel Fern\u00e1ndez por Cavani (B). (NA)<\/p>\n<\/div>\n","protected":false},"excerpt":{"rendered":"\n<div class=\"media_block\"><a href=\"http:\/\/latecordoba.com\/wp-content\/uploads\/2024\/04\/boca-vencio-a-sportivo-trinidense-por-la-copa-sudamericana-y-quedo-como-unico-lider-del-grupo-d.jpg\"><img decoding=\"async\" src=\"http:\/\/latecordoba.com\/wp-content\/uploads\/2024\/04\/boca-vencio-a-sportivo-trinidense-por-la-copa-sudamericana-y-quedo-como-unico-lider-del-grupo-d.jpg\" class=\"media_thumbnail\"><\/a><\/div>\n<p>El conjunto xeneize gan\u00f3 por 1 a 0 y lleg\u00f3 a los cuatro puntos en la tabla. <\/p>\n","protected":false},"author":1,"featured_media":22042,"comment_status":"closed","ping_status":"closed","sticky":false,"template":"","format":"standard","meta":[],"categories":[17],"tags":[],"_links":{"self":[{"href":"https:\/\/latecordoba.com\/index.php\/wp-json\/wp\/v2\/posts\/22041"}],"collection":[{"href":"https:\/\/latecordoba.com\/index.php\/wp-json\/wp\/v2\/posts"}],"about":[{"href":"https:\/\/latecordoba.com\/index.php\/wp-json\/wp\/v2\/types\/post"}],"author":[{"embeddable":true,"href":"https:\/\/latecordoba.com\/index.php\/wp-json\/wp\/v2\/users\/1"}],"replies":[{"embeddable":true,"href":"https:\/\/latecordoba.com\/index.php\/wp-json\/wp\/v2\/comments?post=22041"}],"version-history":[{"count":0,"href":"https:\/\/latecordoba.com\/index.php\/wp-json\/wp\/v2\/posts\/22041\/revisions"}],"wp:featuredmedia":[{"embeddable":true,"href":"https:\/\/latecordoba.com\/index.php\/wp-json\/wp\/v2\/media\/22042"}],"wp:attachment":[{"href":"https:\/\/latecordoba.com\/index.php\/wp-json\/wp\/v2\/media?parent=22041"}],"wp:term":[{"taxonomy":"category","embeddable":true,"href":"https:\/\/latecordoba.com\/index.php\/wp-json\/wp\/v2\/categories?post=22041"},{"taxonomy":"post_tag","embeddable":true,"href":"https:\/\/latecordoba.com\/index.php\/wp-json\/wp\/v2\/tags?post=22041"}],"curies":[{"name":"wp","href":"https:\/\/api.w.org\/{rel}","templated":true}]}}