{"id":22039,"date":"2024-04-09T15:15:00","date_gmt":"2024-04-09T15:15:00","guid":{"rendered":"https:\/\/www.iprofesional.com\/tecnologia\/403593-productora-audiovisual-argentina-se-le-animo-a-la-divina-comedia"},"modified":"2024-04-09T15:15:00","modified_gmt":"2024-04-09T15:15:00","slug":"una-productora-audiovisual-argentina-se-le-animo-a-la-divina-comedia","status":"publish","type":"post","link":"https:\/\/latecordoba.com\/index.php\/2024\/04\/09\/una-productora-audiovisual-argentina-se-le-animo-a-la-divina-comedia\/","title":{"rendered":"Una productora audiovisual argentina se le anim\u00f3 a &#8220;La divina comedia&#8221;"},"content":{"rendered":"\n<div class=\"media_block\"><img decoding=\"async\" src=\"http:\/\/latecordoba.com\/wp-content\/uploads\/2024\/04\/una-productora-audiovisual-argentina-se-le-animo-a-la-divina-comedia.jpg\"><\/div>\n<p><strong>Pragma <\/strong>es una <a href=\"https:\/\/www.iprofesional.com\/actualidad\/393126-el-nuevo-ciclo-en-el-mundo-de-los-servicios-audiovisuales-y-tic\" target=\"_blank\" rel=\"noopener noreferrer\">productora audiovisual<\/a> con foco en la educaci\u00f3n por Internet (&#8220;e-learning&#8221;, en ingl\u00e9s) que trabaja con centros educativos como el IAE y la Universidad Austral y Coursera, proveedor global de cursos en l\u00ednea abiertos, masivos y con fines de lucro.\n<\/p>\n<p>Tambi\u00e9n produce contenidos de entretenimiento y cine, y para las marcas <strong>Unilever y Avon<\/strong>, entre otras, en el desarrollo y producci\u00f3n de contenidos que mezclan lo educativo con lo l\u00fadico.\n<\/p>\n<p>Este a\u00f1o, Pragma presentar\u00e1 su \u00f3pera prima de ficci\u00f3n, <strong>Dante &amp; Beatriz<\/strong>, un proyecto del g\u00e9nero fantas\u00eda, que se encuentra en etapa de postproducci\u00f3n y apunta a recorrer mercados y festivales en los pr\u00f3ximos meses.\n<\/p>\n<p>Es un proyecto con referencia a &#8220;<strong>La divina comedia<\/strong>&#8220;, la obra cl\u00e1sica de Dante Alighieri, protagonizado por Valentino Vena (hijo de Paula Morales y Fabi\u00e1n Vena) y Emma Anr\u00f3 (reciente revelaci\u00f3n en Los impactados, de Luc\u00eda Puenzo) en el rol femenino.\n<\/p>\n<p>Pragma fue fundada por <strong>Esteban Ad\u00fariz y Ezequiel Galli<\/strong>, socios que compartieron a\u00f1os de visitas a salas de cine y videoclubes, estudios en universidades, y trabajos en locaciones y salas de postproducci\u00f3n de empresas distintas.\n<\/p>\n<p>En la siguiente entrevista de iProfesional, Ad\u00fariz, director general ejecutivo de Pragma, describe la operaci\u00f3n de la empresa y sus planes para este a\u00f1o en un <strong>contexto econ\u00f3mico cr\u00edtico <\/strong>para las empresas audiovisuales.\n<\/p>\n<div class=\"imagen\" readability=\"7\"><img decoding=\"async\" loading=\"lazy\" class=\"lazyload\" src=\"http:\/\/latecordoba.com\/wp-content\/uploads\/2024\/04\/una-productora-audiovisual-argentina-se-le-animo-a-la-divina-comedia-1.jpg\" alt=\"El IAE es uno de los clientes de Pragma.\" width=\"1200\" height=\"675\"><\/p>\n<p>El IAE es uno de los clientes de Pragma.<\/p>\n<\/div>\n<h3><em>-\u00bfC\u00f3mo evolucion\u00f3 Pragma desde sus inicios hasta hoy?<\/em><\/h3>\n<p>-Pragma surge en 2018 concebida como una <strong>agencia integral con producci\u00f3n &#8220;in-house&#8221;<\/strong>. Los a\u00f1os de desarrollo profesional en agencias digitales, producciones audiovisuales y estudios de postproducci\u00f3n nos dieron el &#8220;know how&#8221; combinando tecnolog\u00eda con buen desarrollo visual, un &#8220;storytelling&#8221; junto a un equipo de profesionales y alianzas fuertes para llevar adelante los distintos desaf\u00edos.\n<\/p>\n<p>A partir de la pandemia, se intensific\u00f3 mucho el pedido de contenidos para el sector de <strong>comunicaci\u00f3n interna de empresas <\/strong>y empresas dedicadas a la educaci\u00f3n virtual, mientras que al mismo tiempo surgieron plataformas establecidas que alojaban ese contenido de manera eficiente y a costo competitivo.\n<\/p>\n<p>Esto hizo que en 2022 tom\u00e1ramos la decisi\u00f3n de no continuar con desarrollos tecnol\u00f3gicos, enfoc\u00e1ndonos en el <strong>contenido <\/strong>y el desarrollo de este desde la propuesta creativa que era al fin y al cabo el coraz\u00f3n en base al cual se hab\u00eda conformado Pragma.\n<\/p>\n<p>Tambi\u00e9n fuimos apostando en su lugar a profesionales creativos con mucha <strong>formaci\u00f3n en docencia <\/strong>para fortalecer a\u00fan m\u00e1s nuestra propuesta creativa, mientras en el sector de soluciones tecnol\u00f3gicas decidimos hacer alianzas con estudios de desarrollo de software.\n<\/p>\n<p>El desarrollo del \u00e1rea de contenidos para empresas que necesitaban tutoriales, <strong>video &#8220;explainers&#8221;<\/strong> y contenido para plataformas educativas nos permiti\u00f3 en el 2020 empezar a desarrollar v\u00ednculos con agencias, empresas y &#8220;startups&#8221; que requer\u00edan otro tipo de servicio enfocado a publicidad y donde nosotros ten\u00edamos la capacidad de aportar valor con mirada fresca, tanto desde lo creativo como de lo est\u00e9tico.\n<\/p>\n<h3><em>-\u00bfC\u00f3mo est\u00e1 compuesta hoy la operaci\u00f3n de Pragma?<\/em><\/h3>\n<p>-Contamos con tres l\u00edneas de negocio principales y en algunos casos se entrecruzan y se combinan para el desarrollo de proyectos espec\u00edficos.\n<\/p>\n<div class=\"imagen\"><img decoding=\"async\" loading=\"lazy\" class=\"lazyload\" src=\"http:\/\/latecordoba.com\/wp-content\/uploads\/2024\/04\/una-productora-audiovisual-argentina-se-le-animo-a-la-divina-comedia-2.jpg\" alt=\"Esteban Aduriz\" width=\"1200\" height=\"675\"><\/p>\n<p>Esteban Ad\u00fariz<\/p>\n<\/div>\n<p>Las tres l\u00edneas son:\n<\/p>\n<ul>\n<li><strong>e-Learning<\/strong>, donde abarcamos contenidos que tienen que ver con educaci\u00f3n digital de instituciones educativas, startups y empresas.<\/li>\n<li><strong>Publicidad y comunicaci\u00f3n <\/strong>es el \u00e1rea donde damos servicio de producci\u00f3n integral a nuestros clientes para todos los medios e incluso resolvemos necesidades de comunicaci\u00f3n institucional y comunicaci\u00f3n interna.<\/li>\n<li><strong>Ficci\u00f3n <\/strong>es una l\u00ednea de negocio donde apostamos a la creaci\u00f3n de proyectos originales de series y pel\u00edculas, como tambi\u00e9n a brindar servicios de desarrollo y producci\u00f3n a terceros.<\/li>\n<\/ul>\n<p>Nuestro equipo est\u00e1 conformado por <strong>nueve miembros <\/strong>y diversas alianzas profesionales que venimos construyendo desde hace diez a\u00f1os.&nbsp;Desde 2020 hemos tra\u00eddo profesionales con mucho recorrido y experiencia a Pragma a fin de hacer de nuestras <a href=\"https:\/\/www.iprofesional.com\/tecnologia\/373184-nexos-2022-las-claves-del-negocio-audiovisual\" target=\"_blank\" rel=\"noopener noreferrer\">propuestas creativas y est\u00e9ticas<\/a> un diferencial.\n<\/p>\n<p>Algunos de nuestros clientes son Universidad Austral y IAE, los laboratorios <strong>Amgen y Merck<\/strong>, la empresa de alimentos Molino Ca\u00f1uelas y la ONG Health Care Without Harm.\n<\/p>\n<p>Con una facturaci\u00f3n de 200 mil d\u00f3lares en 2023, queremos ser conservadores frente a una <strong>situaci\u00f3n de mucha incertidumbre <\/strong>y pensar en que superaremos este n\u00famero en 2024.\n<\/p>\n<h3><em>-\u00bfQu\u00e9 oportunidades de crecimiento ven en la Argentina para la educaci\u00f3n virtual?<\/em><\/h3>\n<p>-La educaci\u00f3n virtual brinda m\u00e1s que nunca una posibilidad de aprendizaje frente a situaciones donde evaluar los costos, el tiempo para dedicar o trasladarse a una instituci\u00f3n educativa no son f\u00e1ciles y el <strong>aprendizaje asincr\u00f3nico <\/strong>vienen a abrir puertas a otras metodolog\u00edas para el aprendizaje.\n<\/p>\n<div class=\"video\">\n<div class=\"lazy-video\" data-src=\"<iframe class='video-loaded' src='https:\/\/www.iprofesional.com\/video?source=https:\/\/assets.iprofesional.com\/assets\/mp4\/2024\/04\/571141.mp4&amp;type=video&amp;id=403593' style='border:none;width:100%;overflow:hidden;left:0;top:0;margin-left: 0px;margin-top:0px;position:relative;'><\/iframe>&#8220;> <\/p>\n<div class=\"image-container img-wide\"> <picture><source media=\"(min-width:650px)\" srcset=\"http:\/\/latecordoba.com\/wp-content\/uploads\/2024\/04\/una-productora-audiovisual-argentina-se-le-animo-a-la-divina-comedia.webp\" data-backup=\"http:\/\/latecordoba.com\/wp-content\/uploads\/2024\/04\/una-productora-audiovisual-argentina-se-le-animo-a-la-divina-comedia.webp\" class=\"lazyload\"><source media=\"(min-width:465px)\" srcset=\"http:\/\/latecordoba.com\/wp-content\/uploads\/2024\/04\/una-productora-audiovisual-argentina-se-le-animo-a-la-divina-comedia.webp\" data-backup=\"http:\/\/latecordoba.com\/wp-content\/uploads\/2024\/04\/una-productora-audiovisual-argentina-se-le-animo-a-la-divina-comedia.webp\" class=\"lazyload\"><img decoding=\"async\" loading=\"lazy\" class=\"lazyload\" src=\"http:\/\/latecordoba.com\/wp-content\/uploads\/2024\/04\/una-productora-audiovisual-argentina-se-le-animo-a-la-divina-comedia.webp\" data-backup=\"http:\/\/latecordoba.com\/wp-content\/uploads\/2024\/04\/una-productora-audiovisual-argentina-se-le-animo-a-la-divina-comedia.webp\" alt=\"Una productora audiovisual argentina se le anim\u00f3 a &quot;La divina comedia&quot;\" width=\"160\" height=\"90\" data-height=\"72\"> <\/picture> <\/div>\n<\/div>\n<\/div>\n<p>Creemos que <span>hay mucho terreno a\u00fan por ganar en todo el desarrollo escolar de una persona <\/span>y que haciendo una buena combinaci\u00f3n entre aprendizaje presencial y herramientas digitales, aplicando nuevas metodolog\u00edas de ense\u00f1anza como el aprendizaje colaborativo en l\u00ednea, la gamificaci\u00f3n y el uso de <a href=\"https:\/\/www.iprofesional.com\/tecnologia\/400086-inteligencia-artificial-chatgpt-pronostica-que-sora-creara-en-dos-anos-un-largometraje\" target=\"_blank\" rel=\"noopener noreferrer\">recursos multimedia<\/a> es posible mejorar los \u00edndices bajos de comprensi\u00f3n lectora.&nbsp;Esto puede enriquecer la experiencia educativa y mejorar la participaci\u00f3n y el rendimiento acad\u00e9mico de los estudiantes.\n<\/p>\n<p>Mientras se sigue configurando el mapa econ\u00f3mico de la Argentina, la educaci\u00f3n virtual es una herramienta que puede superar las barreras geogr\u00e1ficas y socioecon\u00f3micas, permitiendo que un mayor n\u00famero de personas acceda a la educaci\u00f3n, especialmente aquellas que residen en \u00e1reas rurales o alejadas de los centros educativos tradicionales. En este sentido, el continuo desarrollo de <strong>carreras y posgrados online <\/strong>permitir\u00e1 un mayor alcance.\n<\/p>\n<h3><em>-\u00bfPor qu\u00e9 incursionaron en la ficci\u00f3n con Dante &amp; Beatriz?<\/em><\/h3>\n<p>-Pragma lleva en el ADN la pasi\u00f3n por las historias de g\u00e9nero fantas\u00eda y dejar un buen mensaje. Ezequiel Galli y yo somos egresados de las carreras de direcci\u00f3n cinematogr\u00e1fica en la <strong>Universidad del Cine<\/strong>, y dise\u00f1o de imagen y sonido en la UBA (Universidad de Buenos Aires).\n<\/p>\n<p>Dante &amp; Beatriz es la muestra de c\u00f3mo combinamos todo lo que sabemos hacer y para lo que estuvimos preparando el terreno y al equipo que hoy tenemos.&nbsp;Es nuestro primer proyecto completamente original con el cual queremos recorrer un camino largo. Es una <strong>muestra de alta calidad <\/strong>para salir a mostrar nuestra capacidad.&#8221;\n<\/p>\n<h3><em>-\u00bfC\u00f3mo les impacta la situaci\u00f3n econ\u00f3mica de la Argentina en el desarrollo de Pragma?<\/em><\/h3>\n<p>-Vemos a las empresas y clientes recurrentes tomando decisiones a una velocidad m\u00e1s lenta que otros a\u00f1os, trabajando a\u00fan con presupuestos del a\u00f1o pasado y por supuesto, eso genera incertidumbre acerca del futuro.&nbsp;En la Argentina <strong>el profesional de audiovisual no est\u00e1 competitivo en precios <\/strong>con respecto a otros pa\u00edses de Am\u00e9rica latina.\n<\/p>\n<p>Esto nos lleva a tener que pensar en distintos modelos de producci\u00f3n seg\u00fan el proyecto, optando utilizar las inteligencias artificiales disponibles en varios frentes a fin de ofrecer soluciones que manejen un buen costo beneficio, como tambi\u00e9n hacer <strong>alianzas con profesionales ubicados en otros pa\u00edses<\/strong>, que hoy por disponibilidad y costos se vuelven m\u00e1s adecuados para ciertos clientes y tipos de proyectos.\n<\/p>\n<div class=\"imagen\" readability=\"7\"><img decoding=\"async\" loading=\"lazy\" class=\"lazyload\" src=\"http:\/\/latecordoba.com\/wp-content\/uploads\/2024\/04\/una-productora-audiovisual-argentina-se-le-animo-a-la-divina-comedia-3.jpg\" alt=\"Rodaje de Dante y Beatriz.\" width=\"1280\" height=\"720\"><\/p>\n<p>Rodaje de Dante y Beatriz.<\/p>\n<\/div>\n<h3><em>-\u00bfEl cine digital ser\u00e1 una tabla de salvaci\u00f3n para la producci\u00f3n audiovisual ante los anuncios del Gobierno nacional sobre el INCAA?<\/em><\/h3>\n<p>-Hay cada vez m\u00e1s plataformas que abren posibilidades a nuevos contenidos por fuera de las <strong>OTT <\/strong>(Nota de R.: sigla en ingl\u00e9s por encima de todo, en referencia a plataformas que funcionan sobre redes de terceros como, por ejemplo, Netflix) m\u00e1s reconocidas y esto definitivamente puede abrir un escenario.\n<\/p>\n<p>Vemos una <strong>situaci\u00f3n compleja <\/strong>para este a\u00f1o. Algo que se viene viendo hace ya dos a\u00f1os pero se exacerba debido a muchos cambios que han afectado incluso a Hollywood y Europa.\n<\/p>\n<p>Los estudios y plataformas est\u00e1n m\u00e1s cuidadosos que nunca y percibimos que este va a ser un a\u00f1o donde tanto en la Argentina en particular como en Am\u00e9rica latina en general se finalizar\u00e1n parte de proyectos ya empezados a\u00f1os atr\u00e1s pero habr\u00e1 poco lugar para nuevos &#8220;<strong>green lights<\/strong>&#8220;.&nbsp;Las coproducciones con otros pa\u00edses son m\u00e1s necesarias que nunca para asegurar buena distribuci\u00f3n y rentabilidad del negocio audiovisual.<\/p>\n","protected":false},"excerpt":{"rendered":"\n<div class=\"media_block\"><img decoding=\"async\" src=\"http:\/\/latecordoba.com\/wp-content\/uploads\/2024\/04\/una-productora-audiovisual-argentina-se-le-animo-a-la-divina-comedia.jpg\"><\/div>\n<p> Es un proyecto sobre la obra cl\u00e1sica de Dante Alighieri, protagonizado por Valentino Vena, hijo de Paula Morales y Fabi\u00e1n Vena. <iframe width=\"0\" height=\"0\" border=\"0\"> <script> (function(i,s,o,g,r,a,m){i['GoogleAnalyticsObject']=r;i[r]=i[r]||function(){ (i[r].q=i[r].q||[]).push(arguments)},i[r].l=1*new Date();a=s.createElement(o), m=s.getElementsByTagName(o)[0];a.async=1;a.src=g;m.parentNode.insertBefore(a,m) })(window,document,'script','https:\/\/www.google-analytics.com\/analytics.js','ga'); ga('create', 'GTM-5LW5KQD', 'auto'); ga('require', 'displayfeatures'); ga('set', 'campaignSource', 'RSS Client for iProfesional'); ga('set', 'campaignMedium', 'RSS Client for iProfesional'); ga('set', {\"dataSource\": \"rss.atom.iprofesional.com\"}); ga('set', {\"referrer\": \"rss.atom.iprofesional.com\"}); ga('set', 'title', 'RSS Client for iProfesional'); ga('send', 'pageview'); <\/script> <!-- Begin comScore Tag --> <script> var _comscore = _comscore || []; _comscore.push({ c1: \"2\", c2: \"16597048\" }); (function() { var s = document.createElement(\"script\"), el = document.getElementsByTagName(\"script\")[0]; s.async = true; s.src = \"https:\/\/sb.scorecardresearch.com\/cs\/16597048\/beacon.js\"; el.parentNode.insertBefore(s, el); })(); <\/script> <noscript> <img decoding=\"async\" src=\"http:\/\/latecordoba.com\/wp-content\/uploads\/2024\/04\/una-productora-audiovisual-argentina-se-le-animo-a-la-divina-comedia.gif\"> <\/noscript> <!-- End comScore Tag --> <\/iframe> <iframe border=\"0px\" style=\"display: none\" width=0 height=0 src=\"https:\/\/www.iprofesional.com\/ga4.html?gtag_id=G-N13KWJP8BK&amp;title=Una productora audiovisual argentina se le anim\u00f3 a &quot;La divina comedia&quot;&amp;location=https:\/\/www.iprofesional.com\/tecnologia\/403593-productora-audiovisual-argentina-se-le-animo-a-la-divina-comedia&amp;referrer=rss.atom.iprofesional.com&amp;ci=RSS Client for iProfesional&amp;cs=RSS Client for iProfesional&amp;cm=RSS&amp;cn=RSS Client for iProfesional&amp;cc=RSS Client for iProfesional\"><\/iframe>  <\/p>\n","protected":false},"author":1,"featured_media":22040,"comment_status":"open","ping_status":"closed","sticky":false,"template":"","format":"standard","meta":[],"categories":[13],"tags":[],"_links":{"self":[{"href":"https:\/\/latecordoba.com\/index.php\/wp-json\/wp\/v2\/posts\/22039"}],"collection":[{"href":"https:\/\/latecordoba.com\/index.php\/wp-json\/wp\/v2\/posts"}],"about":[{"href":"https:\/\/latecordoba.com\/index.php\/wp-json\/wp\/v2\/types\/post"}],"author":[{"embeddable":true,"href":"https:\/\/latecordoba.com\/index.php\/wp-json\/wp\/v2\/users\/1"}],"replies":[{"embeddable":true,"href":"https:\/\/latecordoba.com\/index.php\/wp-json\/wp\/v2\/comments?post=22039"}],"version-history":[{"count":0,"href":"https:\/\/latecordoba.com\/index.php\/wp-json\/wp\/v2\/posts\/22039\/revisions"}],"wp:featuredmedia":[{"embeddable":true,"href":"https:\/\/latecordoba.com\/index.php\/wp-json\/wp\/v2\/media\/22040"}],"wp:attachment":[{"href":"https:\/\/latecordoba.com\/index.php\/wp-json\/wp\/v2\/media?parent=22039"}],"wp:term":[{"taxonomy":"category","embeddable":true,"href":"https:\/\/latecordoba.com\/index.php\/wp-json\/wp\/v2\/categories?post=22039"},{"taxonomy":"post_tag","embeddable":true,"href":"https:\/\/latecordoba.com\/index.php\/wp-json\/wp\/v2\/tags?post=22039"}],"curies":[{"name":"wp","href":"https:\/\/api.w.org\/{rel}","templated":true}]}}