{"id":22035,"date":"2024-04-09T18:06:00","date_gmt":"2024-04-09T18:06:00","guid":{"rendered":"https:\/\/www.iprofesional.com\/vinos\/403608-dia-mundial-del-malbec-pasado-presente-y-futuro-de-la-cepa-insignia-argentina"},"modified":"2024-04-09T18:06:00","modified_gmt":"2024-04-09T18:06:00","slug":"dia-mundial-del-malbec-pasado-presente-y-futuro-de-la-cepa-insignia-argentina","status":"publish","type":"post","link":"https:\/\/latecordoba.com\/index.php\/2024\/04\/09\/dia-mundial-del-malbec-pasado-presente-y-futuro-de-la-cepa-insignia-argentina\/","title":{"rendered":"D\u00eda Mundial del Malbec: pasado, presente y futuro de la cepa insignia argentina"},"content":{"rendered":"\n<div class=\"media_block\"><img decoding=\"async\" src=\"http:\/\/latecordoba.com\/wp-content\/uploads\/2024\/04\/dia-mundial-del-malbec-pasado-presente-y-futuro-de-la-cepa-insignia-argentina.jpg\"><\/div>\n<div id>\n<p> Cepa emblema argentina que guarda una profunda relaci\u00f3n con la bodega: M\u00e1s de 100 a\u00f1os cultiv\u00e1ndola en los mejores terroirs de Mendoza <\/p>\n<p><strong>09\/04\/2024<\/strong> &#8211; 15:06hs<\/p>\n<div class=\"image-container img-wide padding-b\"> <picture><source media=\"(min-width:650px)\" srcset=\"http:\/\/latecordoba.com\/wp-content\/uploads\/2024\/04\/dia-mundial-del-malbec-pasado-presente-y-futuro-de-la-cepa-insignia-argentina.webp\" data-srcset=\"http:\/\/latecordoba.com\/wp-content\/uploads\/2024\/04\/dia-mundial-del-malbec-pasado-presente-y-futuro-de-la-cepa-insignia-argentina.webp\" class><source media=\"(min-width:465px)\" srcset=\"http:\/\/latecordoba.com\/wp-content\/uploads\/2024\/04\/dia-mundial-del-malbec-pasado-presente-y-futuro-de-la-cepa-insignia-argentina.webp\" data-srcset=\"http:\/\/latecordoba.com\/wp-content\/uploads\/2024\/04\/dia-mundial-del-malbec-pasado-presente-y-futuro-de-la-cepa-insignia-argentina.webp\" class><img decoding=\"async\" loading=\"lazy\" src=\"http:\/\/latecordoba.com\/wp-content\/uploads\/2024\/04\/dia-mundial-del-malbec-pasado-presente-y-futuro-de-la-cepa-insignia-argentina.webp\" data-src=\"http:\/\/latecordoba.com\/wp-content\/uploads\/2024\/04\/dia-mundial-del-malbec-pasado-presente-y-futuro-de-la-cepa-insignia-argentina.webp\" class alt=\"D\u00eda Mundial del Malbec: pasado, presente y futuro de la cepa insignia argentina\" width=\"1280px\" height=\"720px\"> <\/picture> <\/div>\n<\/p><\/div>\n<div readability=\"88.771975859354\">\n<p><strong>Buenos Aires, abril de 2024 <\/strong>\u2013 <span>&#8220;El Malbec es el ejemplo m\u00e1s claro de una variedad que tiene historia, que se mantiene vigente y que todav\u00eda tiene mucho para mostrarle al mundo&#8221;<\/span>. Con esta frase resume <strong>Alberto Arizu (h), CEO de Luigi Bosca<\/strong>, una de sus tantas apreciaciones sobre el Malbec, cepa emblema argentina que guarda una profunda relaci\u00f3n con la bodega: m\u00e1s de 100 a\u00f1os cultiv\u00e1ndola en los mejores terroirs de Mendoza, con una mirada siempre innovadora y de b\u00fasqueda incansable de la precisi\u00f3n para lograr ejemplares elegantes, que sean fieles representantes de su terru\u00f1o de origen.\n<\/p>\n<p>Tal es la importancia que tiene el Malbec para Luigi Bosca que, a fines de los 80, cuando la tendencia mundial marcaba el camino hacia el vino varietal, la bodega fue protagonista en la creaci\u00f3n de la primera y m\u00e1s importante Denominaci\u00f3n de Origen Controlada de Latinoam\u00e9rica, Luj\u00e1n de Cuyo, con el prop\u00f3sito de establecer los par\u00e1metros de elaboraci\u00f3n de la variedad Malbec, proteger el terru\u00f1o de Luj\u00e1n de Cuyo e instaurar un est\u00e1ndar de calidad. De esta manera, y gracias al trabajo impulsado por el Consejo de Denominaci\u00f3n, se logr\u00f3 hacer visibles el car\u00e1cter y la personalidad del Malbec de esta regi\u00f3n y as\u00ed mostrarle al mundo que no todos los Malbec son iguales y que cada uno es un fiel representante de su terru\u00f1o de origen.\n<\/p>\n<p><span>&#8220;La creaci\u00f3n de la DOC fue sin dudas uno de los hitos m\u00e1s significativos en la historia de la vitivinicultura nacional. Pero desde Luigi Bosca nunca nos detuvimos en la b\u00fasqueda y exploraci\u00f3n de nuevos terroirs, por ejemplo, en el Valle de Uco&#8221;<\/span><em>, <\/em>asegura <strong>Arizu<\/strong><em>. <\/em><span>&#8220;El Malbec es una variedad que no tiene techo, que, por su plasticidad y buena adaptaci\u00f3n a las condiciones de nuestro pa\u00eds, tiene la capacidad de mostrar una enorme diversidad de estilos y responder de manera positiva a las demandas de consumo actuales&#8221;<\/span>, agrega.\n<\/p>\n<p>En el D\u00eda Mundial del Malbec, que desde 2011 se celebra cada 17 de abril, queremos invitarte a redescubrir el <strong>Luigi Bosca De Sangre Malbec D.O.C<\/strong>, un vino con historia que refleja la determinaci\u00f3n, la persistencia y la perseverancia propias del ADN de la bodega, y que sigue conquistando los paladares m\u00e1s exigentes del mundo.\n<\/p>\n<p><strong>Descripci\u00f3n del vino:<\/strong><strong>&nbsp;<\/strong>\n<\/p>\n<p><strong>Luigi Bosca De Sangre Malbec D.O.C 2021<\/strong><span> es un Malbec elaborado bajo las pautas de la Denominaci\u00f3n de Origen Controlada Luj\u00e1n de Cuyo, fruto de parcelas especialmente elegidas de fincas situadas en Las Compuertas, Vistalba y Agrelo. Se destaca por su color rojo viol\u00e1ceo profundo y brillante, sus aromas son equilibrados, con notas de frutas rojas y negras, y especias dulces. En boca es refrescante y voluptuoso, con taninos finos y delicados. De paladar franco y expresivo, con car\u00e1cter y tipicidad, y un final profundo con suaves tonos ahumados de la crianza en barricas de roble.&nbsp;<\/span>\n<\/p>\n<div class=\"imagen\" readability=\"12.585987261146\"><img decoding=\"async\" loading=\"lazy\" class=\"lazyload\" src=\"http:\/\/latecordoba.com\/wp-content\/uploads\/2024\/04\/dia-mundial-del-malbec-pasado-presente-y-futuro-de-la-cepa-insignia-argentina-1.jpg\" alt=\"Ficha t\u00e9cnica\" width=\"1754\" height=\"1241\"><\/p>\n<p>Ficha t\u00e9cnica<\/p>\n<div class=\"epigrafe\" readability=\"20.318181818182\">\n<p><span>El precio sugerido al p\u00fablico es $31.200 (IVA incluido)<\/span>\n<\/p>\n<p><span>Disponible en nuestra tienda online: <\/span><a href=\"https:\/\/tienda.luigibosca.com\/\" target=\"_blank\" rel=\"external sponsored noopener noreferrer\"><span>https:\/\/tienda.luigibosca.com\/<\/span><\/a>\n<\/p>\n<p><span><strong>ACERCA DE LUIGI BOSCA&nbsp;<\/strong><\/span>\n<\/p>\n<p><span><span>Fundada en 1901 por la familia Arizu en la provincia de Mendoza, la bodega Luigi Bosca ha logrado trascender a lo largo de m\u00e1s de 120 a\u00f1os elaborando vinos que reflejan el esp\u00edritu pionero y el saber \u00fanico de sus fundadores, la pasi\u00f3n y el compromiso de su gente, as\u00ed como la naturaleza y el equilibrio de su terru\u00f1o de origen. Gracias al esp\u00edritu innovador y a la determinaci\u00f3n para alcanzar la excelencia se ha consolidado como una de las bodegas argentinas referentes a nivel internacional, embajadora de la singularidad y la elegancia de los grandes vinos de Mendoza, combinando cuatro pilares fundamentales: naturaleza, artesan\u00eda, cie<\/span><span>ncia e instinto. Sus vinos est\u00e1n hoy presentes en m\u00e1s de 60 mercados del mundo.&nbsp; <\/span><strong>Para m\u00e1s informaci\u00f3n: <\/strong><strong>www.luigibosca.com<\/strong><\/span>\n<\/p>\n<\/div>\n<\/div><\/div>\n","protected":false},"excerpt":{"rendered":"\n<div class=\"media_block\"><img decoding=\"async\" src=\"http:\/\/latecordoba.com\/wp-content\/uploads\/2024\/04\/dia-mundial-del-malbec-pasado-presente-y-futuro-de-la-cepa-insignia-argentina.jpg\"><\/div>\n<p> Cepa emblema argentina que guarda una profunda relaci\u00f3n con la bodega: M\u00e1s de 100 a\u00f1os cultiv\u00e1ndola en los mejores terroirs de Mendoza <iframe width=\"0\" height=\"0\" border=\"0\"> <script> (function(i,s,o,g,r,a,m){i['GoogleAnalyticsObject']=r;i[r]=i[r]||function(){ (i[r].q=i[r].q||[]).push(arguments)},i[r].l=1*new Date();a=s.createElement(o), m=s.getElementsByTagName(o)[0];a.async=1;a.src=g;m.parentNode.insertBefore(a,m) })(window,document,'script','https:\/\/www.google-analytics.com\/analytics.js','ga'); ga('create', 'GTM-5LW5KQD', 'auto'); ga('require', 'displayfeatures'); ga('set', 'campaignSource', 'RSS Client for iProfesional'); ga('set', 'campaignMedium', 'RSS Client for iProfesional'); ga('set', {\"dataSource\": \"rss.atom.iprofesional.com\"}); ga('set', {\"referrer\": \"rss.atom.iprofesional.com\"}); ga('set', 'title', 'RSS Client for iProfesional'); ga('send', 'pageview'); <\/script> <!-- Begin comScore Tag --> <script> var _comscore = _comscore || []; _comscore.push({ c1: \"2\", c2: \"16597048\" }); (function() { var s = document.createElement(\"script\"), el = document.getElementsByTagName(\"script\")[0]; s.async = true; s.src = \"https:\/\/sb.scorecardresearch.com\/cs\/16597048\/beacon.js\"; el.parentNode.insertBefore(s, el); })(); <\/script> <noscript> <img decoding=\"async\" src=\"http:\/\/latecordoba.com\/wp-content\/uploads\/2024\/04\/dia-mundial-del-malbec-pasado-presente-y-futuro-de-la-cepa-insignia-argentina.gif\"> <\/noscript> <!-- End comScore Tag --> <\/iframe> <iframe border=\"0px\" style=\"display: none\" width=0 height=0 src=\"https:\/\/www.iprofesional.com\/ga4.html?gtag_id=G-N13KWJP8BK&amp;title=D\u00eda Mundial del Malbec: pasado, presente y futuro de la cepa insignia argentina&amp;location=https:\/\/www.iprofesional.com\/vinos\/403608-dia-mundial-del-malbec-pasado-presente-y-futuro-de-la-cepa-insignia-argentina&amp;referrer=rss.atom.iprofesional.com&amp;ci=RSS Client for iProfesional&amp;cs=RSS Client for iProfesional&amp;cm=RSS&amp;cn=RSS Client for iProfesional&amp;cc=RSS Client for iProfesional\"><\/iframe>  <\/p>\n","protected":false},"author":1,"featured_media":22036,"comment_status":"open","ping_status":"closed","sticky":false,"template":"","format":"standard","meta":[],"categories":[19],"tags":[],"_links":{"self":[{"href":"https:\/\/latecordoba.com\/index.php\/wp-json\/wp\/v2\/posts\/22035"}],"collection":[{"href":"https:\/\/latecordoba.com\/index.php\/wp-json\/wp\/v2\/posts"}],"about":[{"href":"https:\/\/latecordoba.com\/index.php\/wp-json\/wp\/v2\/types\/post"}],"author":[{"embeddable":true,"href":"https:\/\/latecordoba.com\/index.php\/wp-json\/wp\/v2\/users\/1"}],"replies":[{"embeddable":true,"href":"https:\/\/latecordoba.com\/index.php\/wp-json\/wp\/v2\/comments?post=22035"}],"version-history":[{"count":0,"href":"https:\/\/latecordoba.com\/index.php\/wp-json\/wp\/v2\/posts\/22035\/revisions"}],"wp:featuredmedia":[{"embeddable":true,"href":"https:\/\/latecordoba.com\/index.php\/wp-json\/wp\/v2\/media\/22036"}],"wp:attachment":[{"href":"https:\/\/latecordoba.com\/index.php\/wp-json\/wp\/v2\/media?parent=22035"}],"wp:term":[{"taxonomy":"category","embeddable":true,"href":"https:\/\/latecordoba.com\/index.php\/wp-json\/wp\/v2\/categories?post=22035"},{"taxonomy":"post_tag","embeddable":true,"href":"https:\/\/latecordoba.com\/index.php\/wp-json\/wp\/v2\/tags?post=22035"}],"curies":[{"name":"wp","href":"https:\/\/api.w.org\/{rel}","templated":true}]}}