{"id":22027,"date":"2024-04-08T12:05:39","date_gmt":"2024-04-08T12:05:39","guid":{"rendered":"https:\/\/www.radiourbanasf.com.ar\/?p=18728"},"modified":"2024-04-08T12:05:39","modified_gmt":"2024-04-08T12:05:39","slug":"david-lebon-listo-para-hacer-historia-en-el-arena","status":"publish","type":"post","link":"https:\/\/latecordoba.com\/index.php\/2024\/04\/08\/david-lebon-listo-para-hacer-historia-en-el-arena\/","title":{"rendered":"David Leb\u00f3n, listo para hacer historia en el Arena\u2026"},"content":{"rendered":"\n<div><img decoding=\"async\" src=\"http:\/\/latecordoba.com\/wp-content\/uploads\/2024\/04\/david-lebon-listo-para-hacer-historia-en-el-arena.jpg\" class=\"ff-og-image-inserted\"><\/div>\n<p>El artista se presentar\u00e1, el 4 de mayo, en CABA.<\/p>\n<div readability=\"64\">\n<p>Puntualmente a las 21, el artista dir\u00e1 presente por primera vez en el recinto ubicado en el barrio de Villa Crespo. Y llegar\u00e1 con&nbsp;<strong>el talento de siempre<\/strong>&nbsp;y esa sensibilidad para emocionarse en en cada uno de sus shows y hacer emocionar a su p\u00fablico, con sus melod\u00edas, con sus letras, con su mensaje de amor y con los incomparables solos de guitarra.<\/p>\n<p>Ya consolidado como parte del ADN del rock argentino, David fue uno de los primeros artistas argentinos en llenar el Estadio River Plate, junto a sus amigos de Ser\u00fa Gir\u00e1n, Charly, Pedro y Moro. Fue Gardel de Oro. Festej\u00f3 su cumplea\u00f1os 70 en el CCK. Agot\u00f3 entradas en el m\u00edtico Luna Park y viene de dos impresionantes shows, \u201csold out\u201d, en el Teatro \u00d3pera..<\/p>\n<p>Nadie lo duda, ser\u00e1&nbsp;<strong>un show hist\u00f3rico<\/strong>, de esos que con el correr del tiempo muchos dir\u00e1n \u201cYo estuve ah\u00ed\u201d.<\/p>\n<p>No faltar\u00e1n los cl\u00e1sicos de su carrera, esos que cantamos de punta a punta, as\u00ed como las nuevas reversiones de&nbsp;<strong>su \u00faltimo proyecto \u201cHerencia Leb\u00f3n\u201d<\/strong>, donde incluy\u00f3 instrumentos poco comunes en su carrera como arpa y viol\u00edn.<\/p>\n<p>\u00bfTodav\u00eda no ten\u00e9s tu entrada? Apurate que a\u00fan se consiguen en el sitio web del Arena.<\/p>\n<\/div>\n","protected":false},"excerpt":{"rendered":"\n<div style=\"float:right;margin:0 0 20px 20px;\"><img decoding=\"async\" width=\"150\" height=\"150\" src=\"http:\/\/latecordoba.com\/wp-content\/uploads\/2024\/04\/david-lebon-listo-para-hacer-historia-en-el-arena-1.jpg\" class=\"attachment-thumbnail size-thumbnail wp-post-image\" alt=\"\" loading=\"lazy\" \/><\/div>\n<p>El artista se presentar\u00e1, el 4 de mayo, en CABA. Toc\u00f3 con Charly Garc\u00eda, con Luis Alberto Spinetta, con Pappo&#8230; Toc\u00f3 con todos. Y, entre tantas otras cosas, se termin\u00f3 convirtiendo en una leyenda. Por eso, la expectativa por verlo otra vez sobre el escenario es enorme. \u00bfCu\u00e1ndo? El 4 de mayo. S\u00ed, David Leb\u00f3n &#8230;  <\/p>\n","protected":false},"author":1,"featured_media":22028,"comment_status":"closed","ping_status":"closed","sticky":false,"template":"","format":"standard","meta":[],"categories":[20],"tags":[],"_links":{"self":[{"href":"https:\/\/latecordoba.com\/index.php\/wp-json\/wp\/v2\/posts\/22027"}],"collection":[{"href":"https:\/\/latecordoba.com\/index.php\/wp-json\/wp\/v2\/posts"}],"about":[{"href":"https:\/\/latecordoba.com\/index.php\/wp-json\/wp\/v2\/types\/post"}],"author":[{"embeddable":true,"href":"https:\/\/latecordoba.com\/index.php\/wp-json\/wp\/v2\/users\/1"}],"replies":[{"embeddable":true,"href":"https:\/\/latecordoba.com\/index.php\/wp-json\/wp\/v2\/comments?post=22027"}],"version-history":[{"count":0,"href":"https:\/\/latecordoba.com\/index.php\/wp-json\/wp\/v2\/posts\/22027\/revisions"}],"wp:featuredmedia":[{"embeddable":true,"href":"https:\/\/latecordoba.com\/index.php\/wp-json\/wp\/v2\/media\/22028"}],"wp:attachment":[{"href":"https:\/\/latecordoba.com\/index.php\/wp-json\/wp\/v2\/media?parent=22027"}],"wp:term":[{"taxonomy":"category","embeddable":true,"href":"https:\/\/latecordoba.com\/index.php\/wp-json\/wp\/v2\/categories?post=22027"},{"taxonomy":"post_tag","embeddable":true,"href":"https:\/\/latecordoba.com\/index.php\/wp-json\/wp\/v2\/tags?post=22027"}],"curies":[{"name":"wp","href":"https:\/\/api.w.org\/{rel}","templated":true}]}}