{"id":22025,"date":"2024-04-08T12:22:04","date_gmt":"2024-04-08T12:22:04","guid":{"rendered":"https:\/\/radioritmo.com.ar\/?p=16901"},"modified":"2024-04-08T12:22:04","modified_gmt":"2024-04-08T12:22:04","slug":"un-festival-con-12-horas-de-cuarteto-en-cordoba-precios-de-las-entradas-y-grilla-de-artistas","status":"publish","type":"post","link":"https:\/\/latecordoba.com\/index.php\/2024\/04\/08\/un-festival-con-12-horas-de-cuarteto-en-cordoba-precios-de-las-entradas-y-grilla-de-artistas\/","title":{"rendered":"Un festival con 12 horas de cuarteto en C\u00f3rdoba: precios de las entradas y grilla de artistas"},"content":{"rendered":"\n<div><img decoding=\"async\" src=\"http:\/\/latecordoba.com\/wp-content\/uploads\/2024\/04\/un-festival-con-12-horas-de-cuarteto-en-cordoba-precios-de-las-entradas-y-grilla-de-artistas.jpg\" class=\"ff-og-image-inserted\"><\/div>\n<h2 class=\"h3 col-12 md-col-8 font-src black-3 mb1\">Referentes del g\u00e9nero caracter\u00edstico de la provincia se presentar\u00e1n en una \u00fanica jornada en el estadio Mario Alberto Kempes.<\/h2>\n<p>De la mano de Universo Jim\u00e9nez, por primera vez en la ciudad de C\u00f3rdoba se realizar\u00e1 el Festival Nacional de Cuarteto. Se trata de la segunda edici\u00f3n de un encuentro \u00fanico que reunir\u00e1 a 13 artistas en la explanada del estadio Mario Alberto Kempes. La organizaci\u00f3n confirm\u00f3 una grilla que va desde <a href=\"https:\/\/viapais.com.ar\/cordoba\/se-viene-un-nuevo-baile-de-la-mona-jimenez-todo-lo-que-hay-que-saber-para-ir-al-evento\/\" target=\"_blank\" rel=\"noopener\"><b>Carlos \u201cLa Mona\u201d Jim\u00e9nez<\/b><\/a>&nbsp;hasta&nbsp;<a href=\"https:\/\/viapais.com.ar\/cordoba\/los-seis-datos-que-tal-vez-no-sabias-de-euge-quevedo-la-cuartetera-que-la-rompe-en-la-banda-de-carlitos\/\" target=\"_blank\" rel=\"noopener\"><b>Euge Quevedo<\/b><\/a>.<\/p>\n<p>El festival es una propuesta para toda la familia y para los fieles seguidores del tunga tunga en todo el pa\u00eds. En esta ocasi\u00f3n, se llevar\u00e1 adelante en la playa norte del Kempes durante el s\u00e1bado 4 de mayo desde las 16 hasta las 4 del domingo 5.<\/p>\n<p><b>LA TREMENDA GRILLA DEL FESTIVAL CUARTETO 2024 EN C\u00d3RDOBA<\/b><\/p>\n<p>Con<b>&nbsp;<\/b><a href=\"https:\/\/viapais.com.ar\/cordoba\/la-mona-jimenez-cumple-73-anos-y-dejo-una-emotiva-reflexion-tras-sus-internaciones\/\" target=\"_blank\" rel=\"noopener\"><b>\u201cLa Mona\u201d Jim\u00e9nez<\/b><\/a><b>&nbsp;<\/b>como m\u00e1ximo exponente y primero en la lista, Carli confirm\u00f3 las otras 12 figuras del g\u00e9nero que re\u00fane a cordobeses de diferentes partes de la provincia:<\/p>\n<ul>\n<li><b>La Mona Jim\u00e9nez<\/b><\/li>\n<li>El Loco Amato<\/li>\n<li>Cachumba<\/li>\n<li><a href=\"https:\/\/viapais.com.ar\/cordoba\/damian-cordoba-fue-desafiado-a-un-picante-juego-de-preguntas-y-respuestas-un-amor-platonico\/\" target=\"_blank\" rel=\"noopener\"><b>Dami\u00e1n C\u00f3rdoba<\/b><\/a><\/li>\n<li>Banda Mix<\/li>\n<li><b>Lore Jim\u00e9nez<\/b><\/li>\n<li>Sabroso<\/li>\n<li><b>LBC y Euge Quevedo<\/b><\/li>\n<li>Monada<\/li>\n<li><b>Magui Olave<\/b><\/li>\n<li>The Monkey<\/li>\n<li>Sim\u00f3n Aguirre<\/li>\n<li><b>Desakata2<\/b><\/li>\n<\/ul>\n<p>Adem\u00e1s, los encargados del Festival Cuarteto 2024&nbsp;<b>confirmaron la presencia del tradicional espacio adrenalina, otro de gastronom\u00eda para todos los gustos y paladares y uno especial que tendr\u00e1 sorpresas<\/b>.<\/p>\n","protected":false},"excerpt":{"rendered":"<p> Referentes del g\u00e9nero caracter\u00edstico de la provincia se presentar\u00e1n en una \u00fanica jornada en el estadio Mario Alberto Kempes. De la mano de Universo Jim\u00e9nez, por primera vez en la ciudad de C\u00f3rdoba se realizar\u00e1 el Festival Nacional de Cuarteto. Se trata de la segunda edici\u00f3n de un encuentro \u00fanico que reunir\u00e1 a 13 artistas &#8230;  <\/p>\n","protected":false},"author":1,"featured_media":22026,"comment_status":"closed","ping_status":"closed","sticky":false,"template":"","format":"standard","meta":[],"categories":[20],"tags":[],"_links":{"self":[{"href":"https:\/\/latecordoba.com\/index.php\/wp-json\/wp\/v2\/posts\/22025"}],"collection":[{"href":"https:\/\/latecordoba.com\/index.php\/wp-json\/wp\/v2\/posts"}],"about":[{"href":"https:\/\/latecordoba.com\/index.php\/wp-json\/wp\/v2\/types\/post"}],"author":[{"embeddable":true,"href":"https:\/\/latecordoba.com\/index.php\/wp-json\/wp\/v2\/users\/1"}],"replies":[{"embeddable":true,"href":"https:\/\/latecordoba.com\/index.php\/wp-json\/wp\/v2\/comments?post=22025"}],"version-history":[{"count":0,"href":"https:\/\/latecordoba.com\/index.php\/wp-json\/wp\/v2\/posts\/22025\/revisions"}],"wp:featuredmedia":[{"embeddable":true,"href":"https:\/\/latecordoba.com\/index.php\/wp-json\/wp\/v2\/media\/22026"}],"wp:attachment":[{"href":"https:\/\/latecordoba.com\/index.php\/wp-json\/wp\/v2\/media?parent=22025"}],"wp:term":[{"taxonomy":"category","embeddable":true,"href":"https:\/\/latecordoba.com\/index.php\/wp-json\/wp\/v2\/categories?post=22025"},{"taxonomy":"post_tag","embeddable":true,"href":"https:\/\/latecordoba.com\/index.php\/wp-json\/wp\/v2\/tags?post=22025"}],"curies":[{"name":"wp","href":"https:\/\/api.w.org\/{rel}","templated":true}]}}