{"id":21997,"date":"2024-04-09T14:25:26","date_gmt":"2024-04-09T14:25:26","guid":{"rendered":"https:\/\/viapais.com.ar\/urbano\/las-tiernas-palabras-de-emilia-mernes-a-duki-frente-a-todos-me-enseno-a\/"},"modified":"2024-04-09T14:25:26","modified_gmt":"2024-04-09T14:25:26","slug":"las-tiernas-palabras-de-emilia-mernes-a-duki-frente-a-todos-me-enseno-a","status":"publish","type":"post","link":"https:\/\/latecordoba.com\/index.php\/2024\/04\/09\/las-tiernas-palabras-de-emilia-mernes-a-duki-frente-a-todos-me-enseno-a\/","title":{"rendered":"Las tiernas palabras de Emilia Mernes a Duki frente a todos: \u201cMe ense\u00f1\u00f3 a&#8230;\u201d"},"content":{"rendered":"<br \/>\n<section readability=\"46.657082452431\">\n<p><a href=\"https:\/\/viapais.com.ar\/urbano\/invitados-mucha-emocion-y-un-fuerte-descargo-contra-las-criticas-asi-fue-el-primer-show-de-emilia-mernes\/\" target=\"_blank\" rel=\"noopener\"><b>Emilia Mernes <\/b><\/a>es una cantante argentina de 27 a\u00f1os, y se encuentra en el momento cumbre de su carrera, teniendo en cuenta que comenz\u00f3 con dos de sus diez shows en el Movistar Arena, donde presenta su \u00faltimo \u00e1lbum, <i>.mp3<\/i>, y la etapa m\u00e1s pop desde su comienzo en la m\u00fasica.<\/p>\n<article class=\"article card videoCard\">\n<div class=\"article-inner \">\n<div class=\"article-image \"><a href=\"https:\/\/viapais.com.ar\/rumbos\/estilo-y2k-y-muchos-brillos-los-mejores-looks-de-emilia-mernes-para-sus-shows-en-buenos-aires\/\" title=\"Emilia Mernes llega a Mendoza en invierno. \/ Instagram\"><\/p>\n<figure><img alt=\"Emilia Mernes llega a Mendoza en invierno. \/ Instagram\" class=\" block \" src=\"http:\/\/latecordoba.com\/wp-content\/uploads\/2024\/04\/las-tiernas-palabras-de-emilia-mernes-a-duki-frente-a-todos-me-enseno-a.jpg\" sizes=\"auto\" loading=\"lazy\" data-src=\"http:\/\/latecordoba.com\/wp-content\/uploads\/2024\/04\/las-tiernas-palabras-de-emilia-mernes-a-duki-frente-a-todos-me-enseno-a.jpg\" width=\"307px\" fetchpriority=\"low\" decoding=\"async\" height=\"173px\"><\/figure>\n<p><\/a><\/div>\n<\/div>\n<\/article>\n<p>Aunque<b> Emilia Mernes<\/b> comenz\u00f3 su carrera como solista en 2019, explot\u00f3 a nivel internacional durante 2022 y en 2023 tuvo su mayor expansi\u00f3n, gracias al lanzamiento de <i>.mp3<\/i>. Dentro de este contexto, agot\u00f3 todas las entradas para diez shows en el Movistar Arena y otros dos shows en el Estadio V\u00e9lez S\u00e1rsfield.<\/p>\n<figure><picture><img alt=\"Emilia Mernes en su primer show en el Movistar Arena (Foto: @simon_canedo)\" class=\" block \" src=\"http:\/\/latecordoba.com\/wp-content\/uploads\/2024\/04\/las-tiernas-palabras-de-emilia-mernes-a-duki-frente-a-todos-me-enseno-a-1.jpg\" sizes=\"auto\" loading=\"lazy\" data-src=\"http:\/\/latecordoba.com\/wp-content\/uploads\/2024\/04\/las-tiernas-palabras-de-emilia-mernes-a-duki-frente-a-todos-me-enseno-a-1.jpg\" width=\"1023px\" fetchpriority=\"low\" decoding=\"async\" height=\"682px\"><\/picture><figcaption class>Emilia Mernes en su primer show en el Movistar Arena (Foto: @simon_canedo) Foto: Simon Canedo<\/figcaption><\/figure>\n<p>Uno de los invitados al show fue su novio <a href=\"https:\/\/viapais.com.ar\/urbano\/duki-en-el-bernabeu-como-fue-que-el-rapero-consiguio-llenar-el-mitico-estadio-del-real-madrid\/\" target=\"_blank\" rel=\"noopener\"><b>Duki<\/b><\/a>, teniendo en cuenta que tienen tres canciones juntos: \u201cComo si no importara\u201d, \u201cEsto reci\u00e9n empieza\u201d, y \u201cLos del espacio\u201d, junto al resto del grupo. Antes del ingreso del trapero al escenario, <b>Emilia <\/b>le dedic\u00f3 unas tiernas palabras.<\/p>\n<figure><picture><img alt=\"Duki y Emilia Mernes demuestran su amor en el Movistar Arena\" class=\" block \" src=\"http:\/\/latecordoba.com\/wp-content\/uploads\/2024\/04\/las-tiernas-palabras-de-emilia-mernes-a-duki-frente-a-todos-me-enseno-a-2.jpg\" sizes=\"auto\" loading=\"lazy\" data-src=\"http:\/\/latecordoba.com\/wp-content\/uploads\/2024\/04\/las-tiernas-palabras-de-emilia-mernes-a-duki-frente-a-todos-me-enseno-a-2.jpg\" width=\"1023px\" fetchpriority=\"low\" decoding=\"async\" height=\"1278px\"><\/picture><figcaption class>Duki y Emilia Mernes demuestran su amor en el Movistar Arena Foto: Instagram<\/figcaption><\/figure>\n<p><i>\u201cEs quien me ayuda a ser mejor y quien me ense\u00f1\u00f3 el significado de un amor sano. Lo que verdaderamente importa es lo que creamos juntos puertas para dentro\u201d<\/i>, explic\u00f3 <b>Emilia <\/b>sobre <b>Duki <\/b>y luego agreg\u00f3: <i>\u201cEsta pr\u00f3xima canci\u00f3n me cambi\u00f3 la vida\u201d<\/i>, y comenz\u00f3 a sonar \u201cComo si no importara\u201d, una canci\u00f3n que filmaron en los inicios de su relaci\u00f3n, a mediados de 2021.<\/p>\n<p>Desde ese momento conquistar a sus fan\u00e1ticos por la conexi\u00f3n de la pareja.<\/p>\n<article class=\"article card videoCard\">\n<div class=\"article-inner \">\n<div class=\"article-image \"><a href=\"https:\/\/viapais.com.ar\/urbano\/invitados-mucha-emocion-y-un-fuerte-descargo-contra-las-criticas-asi-fue-el-primer-show-de-emilia-mernes\/\" title=\"Invitados, mucha emoci\u00f3n y un fuerte descargo contra las cr\u00edticas: as\u00ed fue el primer show de Emilia Mernes\"><\/p>\n<figure><img alt=\"Invitados, mucha emoci\u00f3n y un fuerte descargo contra las cr\u00edticas: as\u00ed fue el primer show de Emilia Mernes\" class=\" block \" src=\"http:\/\/latecordoba.com\/wp-content\/uploads\/2024\/04\/las-tiernas-palabras-de-emilia-mernes-a-duki-frente-a-todos-me-enseno-a-3.jpg\" sizes=\"auto\" loading=\"lazy\" data-src=\"http:\/\/latecordoba.com\/wp-content\/uploads\/2024\/04\/las-tiernas-palabras-de-emilia-mernes-a-duki-frente-a-todos-me-enseno-a-3.jpg\" width=\"307px\" fetchpriority=\"low\" decoding=\"async\" height=\"173px\"><\/figure>\n<p><\/a><\/div>\n<\/div>\n<\/article>\n<figure><picture><img alt=\"Las tiernas postales de Duki y Emilia Mernes en el Movistar Arena\" class=\" block \" src=\"http:\/\/latecordoba.com\/wp-content\/uploads\/2024\/04\/las-tiernas-palabras-de-emilia-mernes-a-duki-frente-a-todos-me-enseno-a-4.jpg\" sizes=\"auto\" loading=\"lazy\" data-src=\"http:\/\/latecordoba.com\/wp-content\/uploads\/2024\/04\/las-tiernas-palabras-de-emilia-mernes-a-duki-frente-a-todos-me-enseno-a-4.jpg\" width=\"1023px\" fetchpriority=\"low\" decoding=\"async\" height=\"1278px\"><\/picture><figcaption class>Las tiernas postales de Duki y Emilia Mernes en el Movistar Arena Foto: Instagram<\/figcaption><\/figure>\n<h2 class>Cu\u00e1ndo son los pr\u00f3ximos shows de Emilia Mernes en Argentina<\/h2>\n<p><a href=\"https:\/\/viapais.com.ar\/urbano\/el-antes-y-despues-de-emilia-mernes-el-impactante-cambio-de-rombai-a-ser-solista\/\" target=\"_blank\" rel=\"noopener\"><b>Emilia Mernes<\/b><\/a> reci\u00e9n realiz\u00f3 dos de los diez shows en el Movistar Arena, los pr\u00f3ximos son: el 19, 20, 21 y 23 de abril, el 3, 29, 30 y 31 de mayo, todos con entradas agotadas. Y en cuanto a los shows en el Estadio V\u00e9lez S\u00e1rsfield el 12 y 13 de octubre con entradas vendidas. De esta manera, finalizar\u00e1 el tour, luego de haber recorrido Uruguay, Paraguay y ocho ciudades de Espa\u00f1a.<\/p>\n<figure><picture><img alt=\"Emilia Mernes finalizar\u00e1 la gira de .mp3 Tour con su segundo show en V\u00e9lez el 13 de octubre de 2024.\" class=\" block \" src=\"http:\/\/latecordoba.com\/wp-content\/uploads\/2024\/04\/las-tiernas-palabras-de-emilia-mernes-a-duki-frente-a-todos-me-enseno-a-5.jpg\" sizes=\"auto\" loading=\"lazy\" data-src=\"http:\/\/latecordoba.com\/wp-content\/uploads\/2024\/04\/las-tiernas-palabras-de-emilia-mernes-a-duki-frente-a-todos-me-enseno-a-5.jpg\" width=\"1023px\" fetchpriority=\"low\" decoding=\"async\" height=\"1023px\"><\/picture><figcaption class>Emilia Mernes finalizar\u00e1 la gira de .mp3 Tour con su segundo show en V\u00e9lez el 13 de octubre de 2024. Foto: Twitter<\/figcaption><\/figure>\n<\/section>\n<div class=\"story-tags noreadme-audima\">\n<h3>Temas Relacionados<\/h3>\n<\/div>\n","protected":false},"excerpt":{"rendered":"<p>Emilia Mernes es una cantante argentina de 27 a\u00f1os, y se encuentra en el momento cumbre de su carrera, teniendo en cuenta que comenz\u00f3 con dos de sus diez shows en el Movistar Arena, donde presenta su \u00faltimo \u00e1lbum, .mp3, y la etapa m\u00e1s pop desde su comienzo en la m\u00fasica. Aunque Emilia Mernes comenz\u00f3 [&hellip;]<\/p>\n","protected":false},"author":1,"featured_media":21998,"comment_status":"closed","ping_status":"closed","sticky":false,"template":"","format":"standard","meta":[],"categories":[15],"tags":[],"_links":{"self":[{"href":"https:\/\/latecordoba.com\/index.php\/wp-json\/wp\/v2\/posts\/21997"}],"collection":[{"href":"https:\/\/latecordoba.com\/index.php\/wp-json\/wp\/v2\/posts"}],"about":[{"href":"https:\/\/latecordoba.com\/index.php\/wp-json\/wp\/v2\/types\/post"}],"author":[{"embeddable":true,"href":"https:\/\/latecordoba.com\/index.php\/wp-json\/wp\/v2\/users\/1"}],"replies":[{"embeddable":true,"href":"https:\/\/latecordoba.com\/index.php\/wp-json\/wp\/v2\/comments?post=21997"}],"version-history":[{"count":0,"href":"https:\/\/latecordoba.com\/index.php\/wp-json\/wp\/v2\/posts\/21997\/revisions"}],"wp:featuredmedia":[{"embeddable":true,"href":"https:\/\/latecordoba.com\/index.php\/wp-json\/wp\/v2\/media\/21998"}],"wp:attachment":[{"href":"https:\/\/latecordoba.com\/index.php\/wp-json\/wp\/v2\/media?parent=21997"}],"wp:term":[{"taxonomy":"category","embeddable":true,"href":"https:\/\/latecordoba.com\/index.php\/wp-json\/wp\/v2\/categories?post=21997"},{"taxonomy":"post_tag","embeddable":true,"href":"https:\/\/latecordoba.com\/index.php\/wp-json\/wp\/v2\/tags?post=21997"}],"curies":[{"name":"wp","href":"https:\/\/api.w.org\/{rel}","templated":true}]}}