{"id":21993,"date":"2024-04-09T07:51:32","date_gmt":"2024-04-09T07:51:32","guid":{"rendered":"https:\/\/www.vitonica.com\/ecommerce\/lidl-tiene-la-bicicleta-electrica-ideal-para-tus-rutas-de-montana-que-esta-causando-furor-entre-los-ciclistas"},"modified":"2024-04-09T07:51:32","modified_gmt":"2024-04-09T07:51:32","slug":"lidl-tiene-la-bicicleta-electrica-ideal-para-tus-rutas-de-montana-que-esta-causando-furor-entre-los-ciclistas","status":"publish","type":"post","link":"https:\/\/latecordoba.com\/index.php\/2024\/04\/09\/lidl-tiene-la-bicicleta-electrica-ideal-para-tus-rutas-de-montana-que-esta-causando-furor-entre-los-ciclistas\/","title":{"rendered":"Lidl tiene la bicicleta el\u00e9ctrica ideal para tus rutas de monta\u00f1a que est\u00e1 causando furor entre los ciclistas"},"content":{"rendered":"\n<p>Una buena alternativa para ahorrar y hacer deporte a la vez es usar la <a href=\"https:\/\/www.vitonica.com\/ecommerce\/decathlon-rebaja-bicicleta-electrica-que-puedes-recorrer-cualquier-terreno-a-precio-outlet\">bicicleta <\/a>para moverte por toda la ciudad e incluso basar tus entrenamientos en ella. Los modelos el\u00e9ctricos son una opci\u00f3n que est\u00e1 ganando popularidad y ahora puedes hacerte con uno por muy bajo precio.<\/p>\n<p><!-- BREAK 1 --> <\/p>\n<p>Se trata de la bicicleta de monta\u00f1a <strong>Z\u00fcndapp<\/strong> con motor de 250W de potencia para moverte a cualquier parte.<\/p>\n<p><!-- BREAK 2 --><!-- PIVOT START --><\/p>\n<div class=\"pivot-ecommerce-container m-pivot-ecommerce-redesign article-asset-normal article-asset-center\" readability=\"25.92700729927\">\n<div class=\"pivot-ecommerce\" readability=\"3.8630136986301\">\n<div class=\"pivot-ecommerce-figure\"> <a rel=\"nofollow, noopener, noreferrer noopener\" target=\"_blank\" href=\"https:\/\/www.vitonica.com\/redirect?url=https%3A%2F%2Fwww.lidl.es%2Fes%2Fzuendapp-bicicleta-electrica-de-montana-27-5%2Fp53852&amp;category=ecommerce&amp;pivot=1&amp;ecomPostExpiration=everlasting&amp;postId=68937\"> <img decoding=\"async\" loading=\"lazy\" alt=\"Z\u00fcndapp Bicicleta el\u00e9ctrica de monta\u00f1a 27.5\" width=\"1500\" height=\"1125\" src=\"http:\/\/latecordoba.com\/wp-content\/uploads\/2024\/04\/lidl-tiene-la-bicicleta-electrica-ideal-para-tus-rutas-de-montana-que-esta-causando-furor-entre-los-ciclistas.webp\" onerror=\"this.src=&quot;https:\/\/i.blogs.es\/f1d7ea\/zuendapp-bicicleta-de-montana-z800-zoom--1\/original.jpeg&quot;\"> <\/a> <\/div>\n<div class=\"pivot-ecommerce-summary\" readability=\"4.5068493150685\">\n<p class=\"pivot-ecommerce-desc\">Z\u00fcndapp Bicicleta el\u00e9ctrica de monta\u00f1a 27.5<\/p>\n<\/p><\/div>\n<\/p><\/div>\n<p>* Alg\u00fan precio puede haber cambiado desde la \u00faltima revisi\u00f3n<\/p>\n<\/p><\/div>\n<p><!-- PIVOT END --><\/p>\n<div class=\"article-asset-image article-asset-normal article-asset-center\">\n<div class=\"asset-content\"> <a rel=\"noopener, noreferrer\" class=\"js-ecommerce\" href=\"https:\/\/www.vitonica.com\/redirect?url=https%3A%2F%2Fwww.lidl.es%2Fes%2Fzuendapp-z898-bicicleta-electrica-de-montana-27-5%2Fp65580&amp;category=ecommerce&amp;ecomPostExpiration=everlasting&amp;postId=68937\" data-vars-affiliate-url=\"https:\/\/www.vitonica.com\/redirect?url=https%3A%2F%2Fwww.lidl.es%2Fes%2Fzuendapp-z898-bicicleta-electrica-de-montana-27-5%2Fp65580&amp;category=ecommerce&amp;ecomPostExpiration=everlasting&amp;postId=68937\"> <img class=\"centro_sinmarco\" height=\"1125\" width=\"1500\" loading=\"lazy\" decoding=\"async\" sizes=\"100vw\" fetchpriority=\"high\" srcset=\"http:\/\/latecordoba.com\/wp-content\/uploads\/2024\/04\/lidl-tiene-la-bicicleta-electrica-ideal-para-tus-rutas-de-montana-que-esta-causando-furor-entre-los-ciclistas-1.webp 450w, http:\/\/latecordoba.com\/wp-content\/uploads\/2024\/04\/lidl-tiene-la-bicicleta-electrica-ideal-para-tus-rutas-de-montana-que-esta-causando-furor-entre-los-ciclistas-2.webp 681w, http:\/\/latecordoba.com\/wp-content\/uploads\/2024\/04\/lidl-tiene-la-bicicleta-electrica-ideal-para-tus-rutas-de-montana-que-esta-causando-furor-entre-los-ciclistas-3.webp 1024w, https:\/\/i.blogs.es\/106279\/bici\/1366_2000.webp 1366w\" src=\"http:\/\/latecordoba.com\/wp-content\/uploads\/2024\/04\/lidl-tiene-la-bicicleta-electrica-ideal-para-tus-rutas-de-montana-que-esta-causando-furor-entre-los-ciclistas-1.webp\" alt=\"Bici\" onerror=\"this.src='https:\/\/i.blogs.es\/106279\/bici\/450_1000.jpeg';this.srcset='https:\/\/i.blogs.es\/106279\/bici\/450_1000.jpeg 450w, https:\/\/i.blogs.es\/106279\/bici\/650_1200.jpeg 681w,https:\/\/i.blogs.es\/106279\/bici\/1024_2000.jpeg 1024w, https:\/\/i.blogs.es\/106279\/bici\/1366_2000.jpeg 1366w';return false;\"> <noscript><img decoding=\"async\" alt=\"Bici\" class=\"centro_sinmarco\" src=\"http:\/\/latecordoba.com\/wp-content\/uploads\/2024\/04\/lidl-tiene-la-bicicleta-electrica-ideal-para-tus-rutas-de-montana-que-esta-causando-furor-entre-los-ciclistas-1.webp\"><\/noscript> <\/a> <\/div>\n<\/div>\n<p>Ahora puedes conseguirla en <strong>Lidl<\/strong> a un precio de <a rel=\"noopener, noreferrer\" class=\"js-ecommerce\" href=\"https:\/\/www.vitonica.com\/redirect?url=https%3A%2F%2Fwww.lidl.es%2Fes%2Fzuendapp-z898-bicicleta-electrica-de-montana-27-5%2Fp65580&amp;category=ecommerce&amp;ecomPostExpiration=everlasting&amp;postId=68937\" data-vars-affiliate-url=\"https:\/\/www.vitonica.com\/redirect?url=https%3A%2F%2Fwww.lidl.es%2Fes%2Fzuendapp-z898-bicicleta-electrica-de-montana-27-5%2Fp65580&amp;category=ecommerce&amp;ecomPostExpiration=everlasting&amp;postId=68937\">959,99 euros<\/a> <del>2.299 euros<\/del>. Alcanza una autonom\u00eda de hasta 125 km dependiendo de la velocidad alcanzando los 25 km\/h con control a trav\u00e9s de una<strong> pantalla LCD <\/strong>que se encuentra al lado del pu\u00f1o izquierdo del manillar. Incorpora frenos de disco mec\u00e1nicos del fabricante <strong>Z\u00fcndapp<\/strong> ideales para salidas a la monta\u00f1a ya que no se ven afectados por la suciedad, humedad etc.<\/p>\n<p><!-- BREAK 3 --> <\/p>\n<p>Su <strong>estructura<\/strong> lleva llantas de aluminio de doble pared y un perfil de tacos antideslizante que ofrecen un buen agarre en todos los caminos, marco de aluminio ligero y una horquilla delantera con suspensi\u00f3n para absorber golpes. Soporta hasta 120 kg de peso por lo que la puede utilizar cualquier miembro del n\u00facleo familiar.<\/p>\n<p><!-- BREAK 4 --><\/p>\n<p><em>Nota: algunos de los enlaces aqu\u00ed publicados son de afiliados y pueden reportar un beneficio.<\/em><\/p>\n<p><!-- BREAK 5 --><\/p>\n<p>Im\u00e1genes | Lidl y Foto de <a rel=\"noopener, noreferrer\" href=\"https:\/\/unsplash.com\/es\/@tuvalum?utm_source=unsplash&amp;utm_medium=referral&amp;utm_content=creditCopyText\">Tuvalum<\/a> en <a rel=\"noopener, noreferrer\" href=\"https:\/\/unsplash.com\/es\/s\/fotos\/bicicleta-el%C3%A9ctrica-monta%C3%B1a?utm_source=unsplash&amp;utm_medium=referral&amp;utm_content=creditCopyText\">Unsplash<\/a><\/p>\n<p><!-- BREAK 6 --> <\/p>\n<p>En Vit\u00f3nica | <a href=\"https:\/\/www.vitonica.com\/ciclismo\/todos-beneficios-que-obtendras-empezar-a-practicar-ciclismo-moverte-bici\">Todos los beneficios que obtendr\u00e1s de empezar a practicar ciclismo y moverte m\u00e1s en bici<\/a><\/p>\n<p><!-- BREAK 7 -->  <\/p>\n","protected":false},"excerpt":{"rendered":"\n<p> <img decoding=\"async\" src=\"http:\/\/latecordoba.com\/wp-content\/uploads\/2024\/04\/lidl-tiene-la-bicicleta-electrica-ideal-para-tus-rutas-de-montana-que-esta-causando-furor-entre-los-ciclistas.jpg\" alt=\"Lidl tiene la bicicleta el\u00e9ctrica ideal para tus rutas de monta\u00f1a que est\u00e1 causando furor entre los ciclistas \"> <\/p>\n<p>Una buena alternativa para ahorrar y hacer deporte a la vez es usar la <a href=\"https:\/\/www.vitonica.com\/ecommerce\/decathlon-rebaja-bicicleta-electrica-que-puedes-recorrer-cualquier-terreno-a-precio-outlet\">bicicleta <\/a>para moverte por toda la ciudad e incluso basar tus entrenamientos en ella. Los modelos el\u00e9ctricos son una opci\u00f3n que est\u00e1 ganando popularidad y ahora puedes hacerte con uno por muy bajo precio.<\/p>\n<p><!-- BREAK 1 --><\/p>\n<p>Se trata de la bicicleta de monta\u00f1a <strong>Z\u00fcndapp<\/strong> con motor de 250W de potencia para moverte a cualquier parte.<\/p>\n<p><!-- BREAK 2 --><!-- PIVOT START --><\/p>\n<div class=\"pivot-ecommerce-container m-pivot-ecommerce-redesign article-asset-normal article-asset-center\">\n<div class=\"pivot-ecommerce\">\n<div class=\"pivot-ecommerce-figure\"> <a rel=\"nofollow, noopener, noreferrer noopener\" target=\"_blank\" href=\"https:\/\/www.vitonica.com\/redirect?url=https%3A%2F%2Fwww.lidl.es%2Fes%2Fzuendapp-bicicleta-electrica-de-montana-27-5%2Fp53852&amp;category=ecommerce&amp;pivot=1&amp;ecomPostExpiration=everlasting&amp;postId=68937\"> <img decoding=\"async\" loading=\"lazy\" alt=\"Z\u00fcndapp Bicicleta el\u00e9ctrica de monta\u00f1a 27.5\" width=\"1500\" height=\"1125\" src=\"http:\/\/latecordoba.com\/wp-content\/uploads\/2024\/04\/lidl-tiene-la-bicicleta-electrica-ideal-para-tus-rutas-de-montana-que-esta-causando-furor-entre-los-ciclistas.webp\" onerror='this.src=\"https:\/\/i.blogs.es\/f1d7ea\/zuendapp-bicicleta-de-montana-z800-zoom--1\/original.jpeg\"'> <\/a> <\/div>\n<div class=\"pivot-ecommerce-summary\">\n<p class=\"pivot-ecommerce-desc\">Z\u00fcndapp Bicicleta el\u00e9ctrica de monta\u00f1a 27.5<\/p>\n<div class=\"pivot-actions \">\n<div class=\"pivot-actions-row\"> <a rel=\"nofollow, noopener, noreferrer noopener\" target=\"_blank\" data-asin=\"\" data-store=\"Lidl\" href=\"https:\/\/www.vitonica.com\/redirect?url=https%3A%2F%2Fwww.lidl.es%2Fes%2Fzuendapp-bicicleta-electrica-de-montana-27-5%2Fp53852&amp;category=ecommerce&amp;pivot=1&amp;ecomPostExpiration=everlasting&amp;postId=68937\" title=\"Precio de venta al p\u00fablico a fecha de publicaci\u00f3n\" class=\"pivot-action-btn pivot-action-primary\">PVP en Lidl \u2014 <strong>979,99<\/strong> &euro;<\/a> <\/div>\n<\/p><\/div>\n<\/p><\/div>\n<\/p><\/div>\n<div class=\"pivot-link-msg\">* Alg\u00fan precio puede haber cambiado desde la \u00faltima revisi\u00f3n<\/div>\n<\/p><\/div>\n<p><!-- PIVOT END --><\/p>\n<div class=\"article-asset-image article-asset-normal article-asset-center\">\n<div class=\"asset-content\"> <a rel=\"noopener, noreferrer\" class=\"js-ecommerce\" href=\"https:\/\/www.vitonica.com\/redirect?url=https%3A%2F%2Fwww.lidl.es%2Fes%2Fzuendapp-z898-bicicleta-electrica-de-montana-27-5%2Fp65580&#038;category=ecommerce&#038;ecomPostExpiration=everlasting&#038;postId=68937\" data-vars-affiliate-url=\"https:\/\/www.vitonica.com\/redirect?url=https%3A%2F%2Fwww.lidl.es%2Fes%2Fzuendapp-z898-bicicleta-electrica-de-montana-27-5%2Fp65580&#038;category=ecommerce&#038;ecomPostExpiration=everlasting&#038;postId=68937\"> <img decoding=\"async\" alt=\"Bici\" class=\"centro_sinmarco\" src=\"http:\/\/latecordoba.com\/wp-content\/uploads\/2024\/04\/lidl-tiene-la-bicicleta-electrica-ideal-para-tus-rutas-de-montana-que-esta-causando-furor-entre-los-ciclistas-1.webp\"> <\/a> <\/div>\n<\/div>\n<p>Ahora puedes conseguirla en <strong>Lidl<\/strong> a un precio de <a rel=\"noopener, noreferrer\" class=\"js-ecommerce\" href=\"https:\/\/www.vitonica.com\/redirect?url=https%3A%2F%2Fwww.lidl.es%2Fes%2Fzuendapp-z898-bicicleta-electrica-de-montana-27-5%2Fp65580&#038;category=ecommerce&#038;ecomPostExpiration=everlasting&#038;postId=68937\" data-vars-affiliate-url=\"https:\/\/www.vitonica.com\/redirect?url=https%3A%2F%2Fwww.lidl.es%2Fes%2Fzuendapp-z898-bicicleta-electrica-de-montana-27-5%2Fp65580&#038;category=ecommerce&#038;ecomPostExpiration=everlasting&#038;postId=68937\">959,99 euros<\/a> <del>2.299 euros<\/del>. Alcanza una autonom\u00eda de hasta 125 km dependiendo de la velocidad alcanzando los 25 km\/h con control a trav\u00e9s de una<strong> pantalla LCD <\/strong>que se encuentra al lado del pu\u00f1o izquierdo del manillar. Incorpora frenos de disco mec\u00e1nicos del fabricante <strong>Z\u00fcndapp<\/strong> ideales para salidas a la monta\u00f1a ya que no se ven afectados por la suciedad, humedad etc.<\/p>\n<p><!-- BREAK 3 --><\/p>\n<p>Su <strong>estructura<\/strong> lleva llantas de aluminio de doble pared y un perfil de tacos antideslizante que ofrecen un buen agarre en todos los caminos, marco de aluminio ligero y una horquilla delantera con suspensi\u00f3n para absorber golpes. Soporta hasta 120 kg de peso por lo que la puede utilizar cualquier miembro del n\u00facleo familiar.<\/p>\n<p><!-- BREAK 4 --><\/p>\n<p><em>Nota: algunos de los enlaces aqu\u00ed publicados son de afiliados y pueden reportar un beneficio.<\/em><\/p>\n<p><!-- BREAK 5 --><\/p>\n<p>Im\u00e1genes | Lidl y Foto de <a rel=\"noopener, noreferrer\" href=\"https:\/\/unsplash.com\/es\/@tuvalum?utm_source=unsplash&#038;utm_medium=referral&#038;utm_content=creditCopyText\">Tuvalum<\/a> en <a rel=\"noopener, noreferrer\" href=\"https:\/\/unsplash.com\/es\/s\/fotos\/bicicleta-el%C3%A9ctrica-monta%C3%B1autm_source=unsplash&#038;utm_medium=referral&#038;utm_content=creditCopyText\">Unsplash<\/a><\/p>\n<p><!-- BREAK 6 --><\/p>\n<p>En Vit\u00f3nica | <a href=\"https:\/\/www.vitonica.com\/ciclismo\/todos-beneficios-que-obtendras-empezar-a-practicar-ciclismo-moverte-bici\">Todos los beneficios que obtendr\u00e1s de empezar a practicar ciclismo y moverte m\u00e1s en bici<\/a><\/p>\n<p><!-- BREAK 7 --><script> (function() { window._JS_MODULES = window._JS_MODULES || {}; var headElement = document.getElementsByTagName('head')[0]; if (_JS_MODULES.instagram) { var instagramScript = document.createElement('script'); instagramScript.src = 'https:\/\/platform.instagram.com\/en_US\/embeds.js'; instagramScript.async = true; instagramScript.defer = true; headElement.appendChild(instagramScript); } })();\n<\/script> <\/p>\n<p> &#8211; <br \/> La noticia <a href=\"https:\/\/www.vitonica.com\/ecommerce\/lidl-tiene-la-bicicleta-electrica-ideal-para-tus-rutas-de-montana-que-esta-causando-furor-entre-los-ciclistas?utm_source=feedburner&#038;utm_medium=feed&#038;utm_campaign=09_Apr_2024\"> <em> Lidl tiene la bicicleta el\u00e9ctrica ideal para tus rutas de monta\u00f1a que est\u00e1 causando furor entre los ciclistas <\/em> <\/a> fue publicada originalmente en <a href=\"https:\/\/www.vitonica.com?utm_source=feedburner&#038;utm_medium=feed&#038;utm_campaign=09_Apr_2024\"> <strong> Vit\u00f3nica <\/strong> <\/a> por <a href=\"https:\/\/www.vitonica.com\/autor\/vanesa-soto?utm_source=feedburner&#038;utm_medium=feed&#038;utm_campaign=09_Apr_2024\"> Vanesa Soto <\/a> . <\/p>\n","protected":false},"author":1,"featured_media":21994,"comment_status":"closed","ping_status":"closed","sticky":false,"template":"","format":"standard","meta":[],"categories":[16],"tags":[],"_links":{"self":[{"href":"https:\/\/latecordoba.com\/index.php\/wp-json\/wp\/v2\/posts\/21993"}],"collection":[{"href":"https:\/\/latecordoba.com\/index.php\/wp-json\/wp\/v2\/posts"}],"about":[{"href":"https:\/\/latecordoba.com\/index.php\/wp-json\/wp\/v2\/types\/post"}],"author":[{"embeddable":true,"href":"https:\/\/latecordoba.com\/index.php\/wp-json\/wp\/v2\/users\/1"}],"replies":[{"embeddable":true,"href":"https:\/\/latecordoba.com\/index.php\/wp-json\/wp\/v2\/comments?post=21993"}],"version-history":[{"count":0,"href":"https:\/\/latecordoba.com\/index.php\/wp-json\/wp\/v2\/posts\/21993\/revisions"}],"wp:featuredmedia":[{"embeddable":true,"href":"https:\/\/latecordoba.com\/index.php\/wp-json\/wp\/v2\/media\/21994"}],"wp:attachment":[{"href":"https:\/\/latecordoba.com\/index.php\/wp-json\/wp\/v2\/media?parent=21993"}],"wp:term":[{"taxonomy":"category","embeddable":true,"href":"https:\/\/latecordoba.com\/index.php\/wp-json\/wp\/v2\/categories?post=21993"},{"taxonomy":"post_tag","embeddable":true,"href":"https:\/\/latecordoba.com\/index.php\/wp-json\/wp\/v2\/tags?post=21993"}],"curies":[{"name":"wp","href":"https:\/\/api.w.org\/{rel}","templated":true}]}}