{"id":21977,"date":"2024-04-08T12:08:51","date_gmt":"2024-04-08T12:08:51","guid":{"rendered":"https:\/\/www.radiourbanasf.com.ar\/?p=18730"},"modified":"2024-04-08T12:08:51","modified_gmt":"2024-04-08T12:08:51","slug":"gira-30-anos-de-no-te-va-gustar","status":"publish","type":"post","link":"https:\/\/latecordoba.com\/index.php\/2024\/04\/08\/gira-30-anos-de-no-te-va-gustar\/","title":{"rendered":"\u201cGira 30 A\u00f1os\u201d de No Te Va Gustar"},"content":{"rendered":"\n<div><img decoding=\"async\" src=\"http:\/\/latecordoba.com\/wp-content\/uploads\/2024\/04\/gira-30-anos-de-no-te-va-gustar.jpg\" class=\"ff-og-image-inserted\"><\/div>\n<p><!-- .share-post --> <!-- WhatsApp Share Button for WordPress: http:\/\/peadig.com\/wordpress-plugins\/whatsapp-share-button\/ --><\/p>\n<h2>La agrupaci\u00f3n cambia la fecha de su concierto programado para este fin de semana en V\u00e9lez y anuncia todas las fechas del a\u00f1o de su gira \u201c30 A\u00f1os\u201d con la cual recorrer\u00e1 la mayor\u00eda de las ciudades m\u00e1s importantes de Argentina.<\/h2>\n<p>El 2024 viene cargado de novedades para la banda uruguaya <a href=\"https:\/\/www.cmtv.com.ar\/biografia\/show.php?bnid=321&amp;banda=No_Te_Va_Gustar\"><b>No Te Va Gustar<\/b><\/a>.<\/p>\n<p>Por un lado, Pirca Producciones y Move Concerts informan que el show previsto para el s\u00e1bado 6 de abril en el Estadio V\u00e9lez Sarsfield ha sido reprogramado para el d\u00eda 13\/4\/2024 a las 21hs. debido a cambios en los compromisos futbol\u00edsticos del Club, totalmente ajenos a las productoras y a la banda. Todas las entradas adquiridas para el d\u00eda 6\/4\/2024 son v\u00e1lidas para el show del d\u00eda 13\/4\/2024 manteniendo la misma ubicaci\u00f3n, no siendo necesario efectuar canje alguno.<\/p>\n<p>Para aquellos que no puedan asistir al show por motivos de la reprogramaci\u00f3n, ofrecen las siguientes opciones: modificar el asistente nominado en el e-ticket (enviar un mail a&nbsp;<i><a href=\"http:\/\/www.radiourbanasf.com.ar\/cdn-cgi\/l\/email-protection\" class=\"__cf_email__\" data-cfemail=\"c5acaba3aa85a9acb3a0b5a4b6b6eba6aaa8eba4b7\">[email&nbsp;protected]<\/a><\/i>&nbsp;con motivo \u201c<i>Modificaci\u00f3n Asistente NTVG<\/i>\u201d y les indicar\u00e1n los pasos a seguir). Otra opci\u00f3n es la devoluci\u00f3n del ticket (en este caso, enviar un correo a<i>&nbsp;<a href=\"http:\/\/www.radiourbanasf.com.ar\/cdn-cgi\/l\/email-protection\" class=\"__cf_email__\" data-cfemail=\"d3b7b6a5bcbfa6b0babcbdb6a093bfbaa5b6a3b2a0a0fdb0bcbefdb2a1\">[email&nbsp;protected]<\/a>&nbsp;<\/i>y se les indicar\u00e1 el proceso de reintegro del valor de la entrada). Es importante destacar que cualquiera sea la opci\u00f3n elegida, la solicitud de modificaci\u00f3n o reintegro debe ser enviada sin excepciones hasta el d\u00eda 10\/4\/2024 inclusive.<\/p>\n<p>Por otro lado, debido a este cambio, la gira \u201c<i><b>30 a\u00f1os<\/b><\/i>\u201d sufre modificaciones en su log\u00edstica y se re programan las fechas de las siguientes ciudades: Santa Rosa 30\/4, \u2060Bah\u00eda Blanca 1\/5, Viedma 2\/5, Comodoro 4\/5 y Trelew 5\/5.<\/p>\n<p>Todos los tickets son v\u00e1lidos para las nuevas fechas. Quienes deseen devolverlos por no poder asistir podr\u00e1n hacerlo por el mismo medio que los adquirieron.<\/p>\n<p>As\u00ed mismo, la banda inform\u00f3 el resto de ciudades que visitar\u00e1n en Argentina durante la segunda parte del a\u00f1o, entre ellas estar\u00e1n presentes con su \u201c<b><i>Gira 30 A\u00f1os<\/i><\/b>\u201d en Gualeguaych\u00fa, Posadas, Jujuy, Formosa, Salta, San Miguel de Tucum\u00e1n y La Rioja.<\/p>\n<p>En treinta a\u00f1os cambiaron muchas cosas. La forma de comunicarnos, de producir y escuchar m\u00fasica, entre tantas otras. Lo que no ha cambiado es el poder de esas canciones que conmueven, las que van directo al coraz\u00f3n y se quedan para siempre a formar parte de la banda de sonido de la historia de las personas.<\/p>\n<p>Desde aquel primer toque en la fr\u00eda madrugada montevideana del 24 de junio de 1994 en la Plaza Alto Per\u00fa, hasta dar conciertos para cientos de miles de personas en m\u00e1s de veinte pa\u00edses diferentes, han pasado muchas cosas. De las lindas, de las feas y de las hermosas.<\/p>\n<p><b>No Te Va Gustar<\/b>&nbsp;celebra su historia en canciones con una gira internacional que va a incluir conciertos en toda la regi\u00f3n y parte del continente europeo. La banda celebrar\u00e1 su historia como mejor lo sabe hacer: arriba de un escenario. Ser\u00e1n shows especialmente pensados para rendir tributo a las canciones, a la camarader\u00eda, a la pasi\u00f3n por la m\u00fasica, pero por sobre todas las cosas al p\u00fablico que los ha acompa\u00f1ado a lo largo de todo este incre\u00edble viaje.<\/p>\n<p><!-- WhatsApp Share Button for WordPress: http:\/\/peadig.com\/wordpress-plugins\/whatsapp-share-button\/ -->  <\/p>\n","protected":false},"excerpt":{"rendered":"\n<div style=\"float:right;margin:0 0 20px 20px;\"><img decoding=\"async\" width=\"150\" height=\"150\" src=\"http:\/\/latecordoba.com\/wp-content\/uploads\/2024\/04\/gira-30-anos-de-no-te-va-gustar-1.jpg\" class=\"attachment-thumbnail size-thumbnail wp-post-image\" alt=\"\" loading=\"lazy\" \/><\/div>\n<p>La agrupaci\u00f3n cambia la fecha de su concierto programado para este fin de semana en V\u00e9lez y anuncia todas las fechas del a\u00f1o de su gira &#8220;30 A\u00f1os&#8221; con la cual recorrer\u00e1 la mayor\u00eda de las ciudades m\u00e1s importantes de Argentina. El 2024 viene cargado de novedades para la banda uruguaya No Te Va Gustar. &#8230;  <\/p>\n","protected":false},"author":1,"featured_media":21978,"comment_status":"closed","ping_status":"closed","sticky":false,"template":"","format":"standard","meta":[],"categories":[20],"tags":[],"_links":{"self":[{"href":"https:\/\/latecordoba.com\/index.php\/wp-json\/wp\/v2\/posts\/21977"}],"collection":[{"href":"https:\/\/latecordoba.com\/index.php\/wp-json\/wp\/v2\/posts"}],"about":[{"href":"https:\/\/latecordoba.com\/index.php\/wp-json\/wp\/v2\/types\/post"}],"author":[{"embeddable":true,"href":"https:\/\/latecordoba.com\/index.php\/wp-json\/wp\/v2\/users\/1"}],"replies":[{"embeddable":true,"href":"https:\/\/latecordoba.com\/index.php\/wp-json\/wp\/v2\/comments?post=21977"}],"version-history":[{"count":0,"href":"https:\/\/latecordoba.com\/index.php\/wp-json\/wp\/v2\/posts\/21977\/revisions"}],"wp:featuredmedia":[{"embeddable":true,"href":"https:\/\/latecordoba.com\/index.php\/wp-json\/wp\/v2\/media\/21978"}],"wp:attachment":[{"href":"https:\/\/latecordoba.com\/index.php\/wp-json\/wp\/v2\/media?parent=21977"}],"wp:term":[{"taxonomy":"category","embeddable":true,"href":"https:\/\/latecordoba.com\/index.php\/wp-json\/wp\/v2\/categories?post=21977"},{"taxonomy":"post_tag","embeddable":true,"href":"https:\/\/latecordoba.com\/index.php\/wp-json\/wp\/v2\/tags?post=21977"}],"curies":[{"name":"wp","href":"https:\/\/api.w.org\/{rel}","templated":true}]}}