{"id":21975,"date":"2024-04-08T12:26:33","date_gmt":"2024-04-08T12:26:33","guid":{"rendered":"https:\/\/radioritmo.com.ar\/?p=16905"},"modified":"2024-04-08T12:26:33","modified_gmt":"2024-04-08T12:26:33","slug":"la-t-y-la-m-presentan-tuyo-siempre-un-tributo-al-exito-de-andres-calamaro","status":"publish","type":"post","link":"https:\/\/latecordoba.com\/index.php\/2024\/04\/08\/la-t-y-la-m-presentan-tuyo-siempre-un-tributo-al-exito-de-andres-calamaro\/","title":{"rendered":"La T y La M presentan \u201cTuyo Siempre\u201d: Un tributo al \u00e9xito de Andr\u00e9s Calamaro"},"content":{"rendered":"\n<div><img decoding=\"async\" src=\"http:\/\/latecordoba.com\/wp-content\/uploads\/2024\/04\/la-t-y-la-m-presentan-tuyo-siempre-un-tributo-al-exito-de-andres-calamaro.jpg\" class=\"ff-og-image-inserted\"><\/div>\n<h2>La T y La M presentan su pr\u00f3ximo sencillo \u201cTuyo Siempre\u201d, una cautivadora versi\u00f3n del \u00e9xito de Andr\u00e9s Calamaro , adem\u00e1s, acompa\u00f1ando este estreno, se presentar\u00e1 una producci\u00f3n audiovisual exclusiva en el canal oficial de la banda.<\/h2>\n<p><a href=\"https:\/\/www.cmtv.com.ar\/biografia\/show.php?bnid=2890&amp;banda=La_T_y_la_M\"><b>La T y La M<\/b><\/a>&nbsp;presentan su pr\u00f3ximo sencillo \u201c<b>Tuyo Siempre<\/b>\u201c, una cautivadora versi\u00f3n del \u00e9xito de&nbsp;<a href=\"https:\/\/www.cmtv.com.ar\/biografia\/show.php?bnid=56&amp;banda=Andres_Calamaro\"><b>Andr\u00e9s Calamaro<\/b><\/a>&nbsp;y est\u00e1 disponible en todas las plataformas de audio. Adem\u00e1s, acompa\u00f1ando este estreno, se presenta una producci\u00f3n audiovisual exclusiva en el canal oficial de YouTube de la banda.<\/p>\n<p>\u201c<b>Tuyo Siempre<\/b>\u201d es mucho m\u00e1s que una simple canci\u00f3n; es un emotivo tributo a la conexi\u00f3n eterna entre la banda y su fiel audiencia. La letra de la canci\u00f3n resuena con la idea de que ciertos momentos y sentimientos se quedan grabados en lo m\u00e1s profundo del alma, perdurando para siempre. Es un agradecimiento sincero a todos aquellos que han acompa\u00f1ado a&nbsp;<a href=\"https:\/\/www.cmtv.com.ar\/biografia\/show.php?bnid=2890&amp;banda=La_T_y_la_M\">La T y La M<\/a>&nbsp;en su trayectoria, especialmente despu\u00e9s de hitos tan significativos como tres shows sold out en el 2023, dos Teatro Gran Rex en marzo y su primer concierto en el Luna Park el pasado 18 de diciembre, tras cumplirse un a\u00f1o de consagrarnos campeones del mundo con la selecci\u00f3n argentina de f\u00fatbol.<\/p>\n<p>Este lanzamiento representa un momento especial para la banda, que contin\u00faa cautivando corazones con su m\u00fasica aut\u00e9ntica y su energ\u00eda en el escenario. \u201cTuyo Siempre\u201d promete emocionar y resonar con los fans tanto nuevos como antiguos, ofreciendo una experiencia \u00fanica y fiel a su estilo que solo La T y La M pueden brindar.<\/p>\n<p><iframe loading=\"lazy\" title=\"LA T Y LA M - Tuyo Siempre\" width=\"618\" height=\"348\" src=\"https:\/\/www.youtube.com\/embed\/j_RDN51bkH8?feature=oembed\" frameborder=\"0\" allow=\"accelerometer; autoplay; clipboard-write; encrypted-media; gyroscope; picture-in-picture; web-share\" referrerpolicy=\"strict-origin-when-cross-origin\" allowfullscreen>[embedded content]<\/iframe><\/p>\n","protected":false},"excerpt":{"rendered":"<p> La T y La M presentan su pr\u00f3ximo sencillo &#8220;Tuyo Siempre&#8221;, una cautivadora versi\u00f3n del \u00e9xito de Andr\u00e9s Calamaro , adem\u00e1s, acompa\u00f1ando este estreno, se presentar\u00e1 una producci\u00f3n audiovisual exclusiva en el canal oficial de la banda. La T y La M\u00a0presentan su pr\u00f3ximo sencillo &#8220;Tuyo Siempre&#8220;, una cautivadora versi\u00f3n del \u00e9xito de\u00a0Andr\u00e9s Calamaro\u00a0y est\u00e1 &#8230;  <\/p>\n","protected":false},"author":1,"featured_media":21976,"comment_status":"closed","ping_status":"closed","sticky":false,"template":"","format":"standard","meta":[],"categories":[20],"tags":[],"_links":{"self":[{"href":"https:\/\/latecordoba.com\/index.php\/wp-json\/wp\/v2\/posts\/21975"}],"collection":[{"href":"https:\/\/latecordoba.com\/index.php\/wp-json\/wp\/v2\/posts"}],"about":[{"href":"https:\/\/latecordoba.com\/index.php\/wp-json\/wp\/v2\/types\/post"}],"author":[{"embeddable":true,"href":"https:\/\/latecordoba.com\/index.php\/wp-json\/wp\/v2\/users\/1"}],"replies":[{"embeddable":true,"href":"https:\/\/latecordoba.com\/index.php\/wp-json\/wp\/v2\/comments?post=21975"}],"version-history":[{"count":0,"href":"https:\/\/latecordoba.com\/index.php\/wp-json\/wp\/v2\/posts\/21975\/revisions"}],"wp:featuredmedia":[{"embeddable":true,"href":"https:\/\/latecordoba.com\/index.php\/wp-json\/wp\/v2\/media\/21976"}],"wp:attachment":[{"href":"https:\/\/latecordoba.com\/index.php\/wp-json\/wp\/v2\/media?parent=21975"}],"wp:term":[{"taxonomy":"category","embeddable":true,"href":"https:\/\/latecordoba.com\/index.php\/wp-json\/wp\/v2\/categories?post=21975"},{"taxonomy":"post_tag","embeddable":true,"href":"https:\/\/latecordoba.com\/index.php\/wp-json\/wp\/v2\/tags?post=21975"}],"curies":[{"name":"wp","href":"https:\/\/api.w.org\/{rel}","templated":true}]}}