{"id":21967,"date":"2024-04-09T00:25:25","date_gmt":"2024-04-09T00:25:25","guid":{"rendered":"http:\/\/226d6cade206306be1b3411a5e5ab2e7"},"modified":"2024-04-09T00:25:25","modified_gmt":"2024-04-09T00:25:25","slug":"milei-cree-que-la-corte-va-a-rechazar-el-mega-dnu-y-expone-a-lorenzetti","status":"publish","type":"post","link":"https:\/\/latecordoba.com\/index.php\/2024\/04\/09\/milei-cree-que-la-corte-va-a-rechazar-el-mega-dnu-y-expone-a-lorenzetti\/","title":{"rendered":"Milei cree que la Corte va a rechazar el Mega DNU y expone a Lorenzetti"},"content":{"rendered":"\n<div class=\"media_block\"><img decoding=\"async\" src=\"http:\/\/latecordoba.com\/wp-content\/uploads\/2024\/04\/milei-cree-que-la-corte-va-a-rechazar-el-mega-dnu-y-expone-a-lorenzetti.jpg\"><\/div>\n<div><img decoding=\"async\" src=\"http:\/\/latecordoba.com\/wp-content\/uploads\/2024\/04\/milei-cree-que-la-corte-va-a-rechazar-el-mega-dnu-y-expone-a-lorenzetti-1.jpg\" class=\"ff-og-image-inserted\"><\/div>\n<p>&nbsp;En medio del debate por la nueva Ley Bases que Javier Milei enviar\u00e1 al Congreso, el presidente consider\u00f3 que es posible que la Corte declare inconstitucional del Mega DNU.<\/p>\n<p>&#8220;Al menos tres jueces de la corte han tomado, c\u00f3mo decirlo, una posici\u00f3n bastante poco amigable con el DNU&#8221;, dijo Milei en una entrevista a la organizaci\u00f3n Ayn Rand, que promueve las ideas libertarias.<\/p>\n<p>Como cont\u00f3 LPO, el presidente tiene <a href=\"https:\/\/www.lapoliticaonline.com\/tools\/redirect.php?t=3&amp;i=285561&amp;s=7a1c62987eedc65cdd8bb1485dc13c70\" target=\"_blank\" rel=\"noopener\">cercan\u00eda con Ricardo Lorenzetti<\/a>. El ex titular de la Corte es uno de los principales impulsores de la postulaci\u00f3n del juez federal Ariel Lijo para el m\u00e1ximo tribunal.<\/p>\n<p>Algunos art\u00edculos del DNU est\u00e1n judicializados y la Corte tiene que resolver una presentaci\u00f3n de La Rioja sobre la constitucionalidad del decreto. Por el momento fue rechazado por el Senado, pero la oposici\u00f3n a\u00fan no consigui\u00f3 el n\u00famero para tratarlo. De todas formas, el m\u00e1ximo tribunal no tiene plazos para expedirse.<\/p>\n<p>Este sitio pudo saber que en semanas antes de las elecciones presidenciales, Milei mantuvo un encuentro con Lorenzetti en la casa de un reconocido periodista televisivo y radial.<\/p>\n<p>Los dichos de Milei dejaron expuesto a Lorenzetti, que qued\u00f3 aislado en la Corte frente a Horacio Rosatti, Carlos Rosenkrantz y Juan Carlos Maqueda. Ellos ser\u00edan los tres jueces que tiene una &#8220;posici\u00f3n poco amigable con el DNU&#8221;.<\/p>\n<p>&#8220;El potencial rechazo del DNU, que actualmente se encuentra pr\u00f3ximo a una definici\u00f3n de la Corte Suprema, conllevar\u00eda un grave retroceso en los derechos y necesidades del pueblo argentino, implicando, por ejemplo, el regreso de la Ley de Alquileres, el retorno al sistema r\u00edgido de obras sociales sindicales, el sostenimiento del modelo corrupto de los Registros Automotor, y la anulaci\u00f3n de la pol\u00edtica de cielos abiertos, entre otras&#8221;, hab\u00eda expresado la vocer\u00eda presidencial en un comunicado a mediados de marzo.<\/p>\n","protected":false},"excerpt":{"rendered":"\n<div class=\"media_block\"><img decoding=\"async\" src=\"http:\/\/latecordoba.com\/wp-content\/uploads\/2024\/04\/milei-cree-que-la-corte-va-a-rechazar-el-mega-dnu-y-expone-a-lorenzetti.jpg\"><\/div>\n<p>&#8220;Al menos tres jueces de la corte han tomado, c\u00f3mo decirlo, una posici\u00f3n bastante poco amigable con el DNU&#8221;, dijo el presidente en una entrevista.  <\/p>\n","protected":false},"author":1,"featured_media":21968,"comment_status":"closed","ping_status":"closed","sticky":false,"template":"","format":"standard","meta":[],"categories":[18],"tags":[],"_links":{"self":[{"href":"https:\/\/latecordoba.com\/index.php\/wp-json\/wp\/v2\/posts\/21967"}],"collection":[{"href":"https:\/\/latecordoba.com\/index.php\/wp-json\/wp\/v2\/posts"}],"about":[{"href":"https:\/\/latecordoba.com\/index.php\/wp-json\/wp\/v2\/types\/post"}],"author":[{"embeddable":true,"href":"https:\/\/latecordoba.com\/index.php\/wp-json\/wp\/v2\/users\/1"}],"replies":[{"embeddable":true,"href":"https:\/\/latecordoba.com\/index.php\/wp-json\/wp\/v2\/comments?post=21967"}],"version-history":[{"count":0,"href":"https:\/\/latecordoba.com\/index.php\/wp-json\/wp\/v2\/posts\/21967\/revisions"}],"wp:featuredmedia":[{"embeddable":true,"href":"https:\/\/latecordoba.com\/index.php\/wp-json\/wp\/v2\/media\/21968"}],"wp:attachment":[{"href":"https:\/\/latecordoba.com\/index.php\/wp-json\/wp\/v2\/media?parent=21967"}],"wp:term":[{"taxonomy":"category","embeddable":true,"href":"https:\/\/latecordoba.com\/index.php\/wp-json\/wp\/v2\/categories?post=21967"},{"taxonomy":"post_tag","embeddable":true,"href":"https:\/\/latecordoba.com\/index.php\/wp-json\/wp\/v2\/tags?post=21967"}],"curies":[{"name":"wp","href":"https:\/\/api.w.org\/{rel}","templated":true}]}}