{"id":21939,"date":"2024-04-08T05:09:52","date_gmt":"2024-04-08T05:09:52","guid":{"rendered":"https:\/\/elnoticierodigital.com.ar\/?p=1947363"},"modified":"2024-04-08T05:09:52","modified_gmt":"2024-04-08T05:09:52","slug":"la-guerra-mas-esperada-que-hicieron-cata-y-furia-al-enterarse-que-la-eliminacion-de-gran-hermano-se-postergo","status":"publish","type":"post","link":"https:\/\/latecordoba.com\/index.php\/2024\/04\/08\/la-guerra-mas-esperada-que-hicieron-cata-y-furia-al-enterarse-que-la-eliminacion-de-gran-hermano-se-postergo\/","title":{"rendered":"\u00a1La guerra m\u00e1s esperada! Qu\u00e9 hicieron Cata y Furia al enterarse que la eliminaci\u00f3n de Gran Hermano se posterg\u00f3"},"content":{"rendered":"<p> <!-- image --><\/p>\n<div class=\"td-post-featured-image\"><a href=\"https:\/\/i0.wp.com\/elnoticierodigital.com.ar\/wp-content\/uploads\/2024\/04\/1947363.jpg?fit=1200%2C630&amp;ssl=1\" data-caption><img decoding=\"async\" loading=\"lazy\" width=\"696\" height=\"365\" class=\"entry-thumb td-modal-image\" src=\"http:\/\/latecordoba.com\/wp-content\/uploads\/2024\/04\/la-guerra-mas-esperada-que-hicieron-cata-y-furia-al-enterarse-que-la-eliminacion-de-gran-hermano-se-postergo.jpg\" srcset=\"http:\/\/latecordoba.com\/wp-content\/uploads\/2024\/04\/la-guerra-mas-esperada-que-hicieron-cata-y-furia-al-enterarse-que-la-eliminacion-de-gran-hermano-se-postergo-1.jpg 1200w, http:\/\/latecordoba.com\/wp-content\/uploads\/2024\/04\/la-guerra-mas-esperada-que-hicieron-cata-y-furia-al-enterarse-que-la-eliminacion-de-gran-hermano-se-postergo-2.jpg 300w, http:\/\/latecordoba.com\/wp-content\/uploads\/2024\/04\/la-guerra-mas-esperada-que-hicieron-cata-y-furia-al-enterarse-que-la-eliminacion-de-gran-hermano-se-postergo-3.jpg 1024w, http:\/\/latecordoba.com\/wp-content\/uploads\/2024\/04\/la-guerra-mas-esperada-que-hicieron-cata-y-furia-al-enterarse-que-la-eliminacion-de-gran-hermano-se-postergo-4.jpg 768w, http:\/\/latecordoba.com\/wp-content\/uploads\/2024\/04\/la-guerra-mas-esperada-que-hicieron-cata-y-furia-al-enterarse-que-la-eliminacion-de-gran-hermano-se-postergo-5.jpg 150w, http:\/\/latecordoba.com\/wp-content\/uploads\/2024\/04\/la-guerra-mas-esperada-que-hicieron-cata-y-furia-al-enterarse-que-la-eliminacion-de-gran-hermano-se-postergo.jpg 696w, https:\/\/i0.wp.com\/elnoticierodigital.com.ar\/wp-content\/uploads\/2024\/04\/1947363.jpg?resize=1068%2C561&amp;ssl=1 1068w\" sizes=\"(max-width: 696px) 100vw, 696px\" alt title=\"1947363\"><\/a><\/div>\n<p> <!-- content --><\/p>\n<article readability=\"48\">Esta semana de Gran Hermano se vivi\u00f3 como una gran final dentro del reality. Es que Catalina y Furia se pelearon a muerte y se declararon la guerra en el juego m\u00e1s famoso del pa\u00eds. La pediatra reingres\u00f3 a la casa con el objetivo de acompa\u00f1ar a su gran amiga. Sin embargo, la entrada de Alfa lo cambi\u00f3 toda y ambas se enemistaron.<\/p>\n<p>Catalina lider\u00f3 un nuevo grupo dentro de Gran Hermano donde logr\u00f3 convencer a casi toda la casa que era el momento de enfrentarse a la participante m\u00e1s pol\u00e9mica. Por este motivo, acordaron en armar una placa con jugadores fuertes para ir en contra de Furia.<\/p>\n<p>Este domingo, Santiago del Moro sac\u00f3 de placa a Virgnia, Paloma, Florencia, Zoe y Manzana y dej\u00f3 para este lunes la definici\u00f3n m\u00e1s espera desde el inicio del juego: Catalina vs. Furia.<\/p>\n<p>Despu\u00e9s de anunciar que Manzana segu\u00eda en el juego, el conductor les avis\u00f3 a las chicas que la definici\u00f3n de la eliminaci\u00f3n ser\u00e1 este lunes.<\/p>\n<p>La reacci\u00f3n de ambas jugadoras fue de desconcierto pero sus comentarios se diferenciaron. \u201cHermoso\u201d, dijo Furia ante la c\u00e1mara y Catalina analiz\u00f3 que quiz\u00e1 le perjudicaba este mano a mano porque no ten\u00eda a sus compa\u00f1eros votando contra Juliana.<\/p>\n<p>FUERT\u00cdSIMO COMENTARIO DE FURIA CONTRA CATALINA<\/p>\n<p>\u201cYo quiero que mi hermana Coy me traiga un arma as\u00ed le pego un tiro bien en la pierna a la con\u2026 esta\u201d, confes\u00f3 Juliana. La reacci\u00f3n de Emma fue re\u00edrse por lo que dijo pero r\u00e1pidamente sum\u00f3 un \u201cay no\u201d, mientras su compa\u00f1era se iba.<\/p>\n<p>Los seguidores de Gran Hermano, principalmente los de Catalina, se fueron todos al humo y sin poder creer lo que escucharon. En un manto de profunda indignaci\u00f3n, cayeron cientos de comentarios hacia Furia y su futuro en el reality.<\/p>\n<p>\u201cSe fue al carajo\u201d, \u201cEs un mont\u00f3n, luego vendr\u00e1s Las Furiosas a justificarles todo\u201d, \u201cSantiago del Moro, esto ya no se puede justificar. \u00bfHasta cu\u00e1ndo las amenazas de muerte y todos los imb\u00e9ciles defendi\u00e9ndola y justific\u00e1ndola?\u201d, \u201cEs un mont\u00f3n, luego vendr\u00e1s Las Furiosas a justificarles todo\u201d y \u201cYa comienza a darme un toque de miedo\u201d, fueron diferentes quejas que comenzaron a aparecer.<\/p>\n<\/article>\n<p>Fuente: <a href=\"https:\/\/www.paparazzi.com.ar\/teve\/la-guerra-mas-esperada-que-hicieron-cata-y-furia-al-enterarse-que-la-eliminacion-de-gran-hermano-se-postergo\/\">https:\/\/www.paparazzi.com.ar\/<\/a><\/p>\n","protected":false},"excerpt":{"rendered":"<p> Esta semana de Gran Hermano se vivi\u00f3 como una gran final dentro del reality. Es que Catalina y Furia se pelearon a muerte y se declararon la guerra en el juego m\u00e1s famoso del pa\u00eds. La pediatra reingres\u00f3 a la casa con el objetivo de acompa\u00f1ar a su gran amiga. Sin embargo, la entrada de [&#8230;]  <\/p>\n","protected":false},"author":1,"featured_media":21940,"comment_status":"closed","ping_status":"closed","sticky":false,"template":"","format":"standard","meta":[],"categories":[14],"tags":[],"_links":{"self":[{"href":"https:\/\/latecordoba.com\/index.php\/wp-json\/wp\/v2\/posts\/21939"}],"collection":[{"href":"https:\/\/latecordoba.com\/index.php\/wp-json\/wp\/v2\/posts"}],"about":[{"href":"https:\/\/latecordoba.com\/index.php\/wp-json\/wp\/v2\/types\/post"}],"author":[{"embeddable":true,"href":"https:\/\/latecordoba.com\/index.php\/wp-json\/wp\/v2\/users\/1"}],"replies":[{"embeddable":true,"href":"https:\/\/latecordoba.com\/index.php\/wp-json\/wp\/v2\/comments?post=21939"}],"version-history":[{"count":0,"href":"https:\/\/latecordoba.com\/index.php\/wp-json\/wp\/v2\/posts\/21939\/revisions"}],"wp:featuredmedia":[{"embeddable":true,"href":"https:\/\/latecordoba.com\/index.php\/wp-json\/wp\/v2\/media\/21940"}],"wp:attachment":[{"href":"https:\/\/latecordoba.com\/index.php\/wp-json\/wp\/v2\/media?parent=21939"}],"wp:term":[{"taxonomy":"category","embeddable":true,"href":"https:\/\/latecordoba.com\/index.php\/wp-json\/wp\/v2\/categories?post=21939"},{"taxonomy":"post_tag","embeddable":true,"href":"https:\/\/latecordoba.com\/index.php\/wp-json\/wp\/v2\/tags?post=21939"}],"curies":[{"name":"wp","href":"https:\/\/api.w.org\/{rel}","templated":true}]}}