{"id":21937,"date":"2024-04-05T18:18:40","date_gmt":"2024-04-05T18:18:40","guid":{"rendered":"https:\/\/www.radiourbanasf.com.ar\/?p=18718"},"modified":"2024-04-05T18:18:40","modified_gmt":"2024-04-05T18:18:40","slug":"una-streamer-aseguro-que-julian-kartun-se-robo-su-personalidad-para-el-personaje-de-caro-pardiaco","status":"publish","type":"post","link":"https:\/\/latecordoba.com\/index.php\/2024\/04\/05\/una-streamer-aseguro-que-julian-kartun-se-robo-su-personalidad-para-el-personaje-de-caro-pardiaco\/","title":{"rendered":"Una streamer asegur\u00f3 que Juli\u00e1n Kart\u00fan \u201cse rob\u00f3\u201d su personalidad para el personaje de Caro Pard\u00edaco"},"content":{"rendered":"\n<div><img decoding=\"async\" src=\"http:\/\/latecordoba.com\/wp-content\/uploads\/2024\/04\/una-streamer-aseguro-que-julian-kartun-se-robo-su-personalidad-para-el-personaje-de-caro-pardiaco.jpg\" class=\"ff-og-image-inserted\"><\/div>\n<p><!-- .share-post --> <!-- WhatsApp Share Button for WordPress: http:\/\/peadig.com\/wordpress-plugins\/whatsapp-share-button\/ --><\/p>\n<h2 class=\"article__dropline\">Delfina Asued detall\u00f3 las razones que la hicieron enojarse con el cantante de El Kuelgue. Sin embargo, la interpretaci\u00f3n del vocalista tuvo su primera aparici\u00f3n hace 10 a\u00f1os atr\u00e1s en una serie de comedia protagonizada junto a Malena Pichot.<\/h2>\n<p class=\"paragraph\"><b>Delfina Aused<\/b>&nbsp;asegur\u00f3 en su programa de streaming&nbsp;<i>No me quem\u00e9s (Mix On TV)&nbsp;<\/i>que<b>&nbsp;Juli\u00e1n Kart\u00fan&nbsp;<\/b>le<b>&nbsp;\u201crob\u00f3\u201d su personalidad&nbsp;<\/b>para la creaci\u00f3n del personaje&nbsp;<a href=\"https:\/\/tn.com.ar\/show\/famosos\/2024\/03\/16\/quien-es-caro-pardiaco-el-fenomeno-humoristico-de-olga-interpretado-por-julian-kartun\/\" target=\"_blank\" rel=\"noopener\"><b>Caro Pard\u00edaco<\/b><\/a>. La influencer se descarg\u00f3 e hizo una \u201cdenuncia p\u00fablica\u201d contra el cantante de&nbsp;<b>El Kuelgue&nbsp;<\/b>que r\u00e1pidamente se hizo viral en redes.<\/p>\n<p class=\"paragraph\">Visiblemente enojada por la parodia del m\u00fasico, coment\u00f3: \u201cTengo una denuncia para hacer contra un medio de comunicaci\u00f3n muy conocido, donde incluyeron un personaje nuevo que se llama Caro Pard\u00edaco\u201d.<\/p>\n<p>Una de sus compa\u00f1eras intervino y la corrigi\u00f3:<b>&nbsp;\u201cNo es nuevo ese personaje, bolud\u2026\u201d<\/b>. Sin embargo Delfina continu\u00f3: \u201cLe est\u00e1n dando c\u00e1mara a esa mina que se rob\u00f3 mi personalidad, mi forma de hablar,&nbsp;<b>me estuvo estudiando por mucho tiempo<\/b>\u201d.<\/p>\n<p>\u201cMe di cuenta que la chabona le pone las papitas adentro a la hamburguesa, y eso lo hago yo.<b>&nbsp;Explota mi personalidad al 100%&nbsp;<\/b>y me da por los recontra huevos que alguien te copie la personalidad y se nota que ella me estuvo estudiando, a mis redes sociales, el programa\u201d, agreg\u00f3 Delfina.<\/p>\n<p class=\"paragraph\">\u201cMe parece que le tendr\u00edamos que poner una denuncia\u2026 me lo comentan en todos los videos.&nbsp;<b>Si toda la gente dice que yo soy Caro Pard\u00edaco, es porque yo soy la verdadera<\/b>. M\u00ednimo me tendr\u00eda que haber venido a pedir un permiso o me tendr\u00eda que dar una parte de la ganancia\u2026&nbsp;<b>me est\u00e1n parodiando<\/b>\u201d.<\/p>\n<p class=\"paragraph\">Para cerrar, lanz\u00f3:&nbsp;<b>\u201cCaro Pard\u00edaco tiene t\u00e9rminos de hoy en d\u00eda, ella sigue estudiando a las milipilis y a m\u00ed, que soy la reina de las milipilis, me dicen que yo soy la verdadera Caro Pard\u00edaco\u201d<\/b>. Lo llamativo es que el personaje apareci\u00f3 por primera vez en la serie de comedia Cualca, protagonizado por Kart\u00fan y Malena Pichot entre 2012 y 2015.<\/p>\n<p><!-- WhatsApp Share Button for WordPress: http:\/\/peadig.com\/wordpress-plugins\/whatsapp-share-button\/ -->  <\/p>\n","protected":false},"excerpt":{"rendered":"\n<div style=\"float:right;margin:0 0 20px 20px;\"><img decoding=\"async\" width=\"150\" height=\"150\" src=\"http:\/\/latecordoba.com\/wp-content\/uploads\/2024\/04\/una-streamer-aseguro-que-julian-kartun-se-robo-su-personalidad-para-el-personaje-de-caro-pardiaco-1.jpg\" class=\"attachment-thumbnail size-thumbnail wp-post-image\" alt=\"\" loading=\"lazy\" \/><\/div>\n<p>Delfina Asued detall\u00f3 las razones que la hicieron enojarse con el cantante de El Kuelgue. Sin embargo, la interpretaci\u00f3n del vocalista tuvo su primera aparici\u00f3n hace 10 a\u00f1os atr\u00e1s en una serie de comedia protagonizada junto a Malena Pichot. Delfina Aused\u00a0asegur\u00f3 en su programa de streaming\u00a0No me quem\u00e9s (Mix On TV)\u00a0que\u00a0Juli\u00e1n Kart\u00fan\u00a0le\u00a0\u201crob\u00f3\u201d su personalidad\u00a0para la &#8230;  <\/p>\n","protected":false},"author":1,"featured_media":21938,"comment_status":"closed","ping_status":"closed","sticky":false,"template":"","format":"standard","meta":[],"categories":[20],"tags":[],"_links":{"self":[{"href":"https:\/\/latecordoba.com\/index.php\/wp-json\/wp\/v2\/posts\/21937"}],"collection":[{"href":"https:\/\/latecordoba.com\/index.php\/wp-json\/wp\/v2\/posts"}],"about":[{"href":"https:\/\/latecordoba.com\/index.php\/wp-json\/wp\/v2\/types\/post"}],"author":[{"embeddable":true,"href":"https:\/\/latecordoba.com\/index.php\/wp-json\/wp\/v2\/users\/1"}],"replies":[{"embeddable":true,"href":"https:\/\/latecordoba.com\/index.php\/wp-json\/wp\/v2\/comments?post=21937"}],"version-history":[{"count":0,"href":"https:\/\/latecordoba.com\/index.php\/wp-json\/wp\/v2\/posts\/21937\/revisions"}],"wp:featuredmedia":[{"embeddable":true,"href":"https:\/\/latecordoba.com\/index.php\/wp-json\/wp\/v2\/media\/21938"}],"wp:attachment":[{"href":"https:\/\/latecordoba.com\/index.php\/wp-json\/wp\/v2\/media?parent=21937"}],"wp:term":[{"taxonomy":"category","embeddable":true,"href":"https:\/\/latecordoba.com\/index.php\/wp-json\/wp\/v2\/categories?post=21937"},{"taxonomy":"post_tag","embeddable":true,"href":"https:\/\/latecordoba.com\/index.php\/wp-json\/wp\/v2\/tags?post=21937"}],"curies":[{"name":"wp","href":"https:\/\/api.w.org\/{rel}","templated":true}]}}