{"id":21935,"date":"2024-04-05T18:41:00","date_gmt":"2024-04-05T18:41:00","guid":{"rendered":"https:\/\/radioritmo.com.ar\/?p=16890"},"modified":"2024-04-05T18:41:00","modified_gmt":"2024-04-05T18:41:00","slug":"la-pepa-brizuela-y-dani-guardia-juntos-otra-vez-en-un-escenario","status":"publish","type":"post","link":"https:\/\/latecordoba.com\/index.php\/2024\/04\/05\/la-pepa-brizuela-y-dani-guardia-juntos-otra-vez-en-un-escenario\/","title":{"rendered":"La Pepa Brizuela y Dani Guardia, juntos otra vez en un escenario"},"content":{"rendered":"\n<div><img decoding=\"async\" src=\"http:\/\/latecordoba.com\/wp-content\/uploads\/2024\/04\/la-pepa-brizuela-y-dani-guardia-juntos-otra-vez-en-un-escenario.jpg\" class=\"ff-og-image-inserted\"><\/div>\n<p>El karaoke se encendi\u00f3 en el cumplea\u00f1os de un reconocido representante de cuarteto, donde estuvieron presentes varios artistas de nuestro g\u00e9nero y hubo reencuentros.<\/p>\n<p>El pasado 3 de abril, el reconocido representante de cuarteto Maxi Allende celebr\u00f3 sus 50 a\u00f1os con invitados de lujo, entre los que se encontraban La Pepa Brizuela y Dani Guardia.<\/p>\n<p>Ambos artistas de nuestro g\u00e9nero popular se subieron a las tablas y cantaron juntos \u201cNo voy a llorar\u201d y estall\u00f3 la fiesta. La Pepa tambi\u00e9n comparti\u00f3 \u201cD\u00f3nde andar\u00e1s\u201d junto a Claudio Toledo.<\/p>\n<p>Del festej\u00f3 participaron tambi\u00e9n Vane, de Banda Mix, los chicos de Monada y varios integrantes del staff de La Barra, entre otros.<\/p>\n","protected":false},"excerpt":{"rendered":"<p> El karaoke se encendi\u00f3 en el cumplea\u00f1os de un reconocido representante de cuarteto, donde estuvieron presentes varios artistas de nuestro g\u00e9nero y hubo reencuentros. El pasado 3 de abril, el reconocido representante de cuarteto Maxi Allende celebr\u00f3 sus 50 a\u00f1os con invitados de lujo, entre los que se encontraban La Pepa Brizuela y Dani Guardia. &#8230;  <\/p>\n","protected":false},"author":1,"featured_media":21936,"comment_status":"closed","ping_status":"closed","sticky":false,"template":"","format":"standard","meta":[],"categories":[20],"tags":[],"_links":{"self":[{"href":"https:\/\/latecordoba.com\/index.php\/wp-json\/wp\/v2\/posts\/21935"}],"collection":[{"href":"https:\/\/latecordoba.com\/index.php\/wp-json\/wp\/v2\/posts"}],"about":[{"href":"https:\/\/latecordoba.com\/index.php\/wp-json\/wp\/v2\/types\/post"}],"author":[{"embeddable":true,"href":"https:\/\/latecordoba.com\/index.php\/wp-json\/wp\/v2\/users\/1"}],"replies":[{"embeddable":true,"href":"https:\/\/latecordoba.com\/index.php\/wp-json\/wp\/v2\/comments?post=21935"}],"version-history":[{"count":0,"href":"https:\/\/latecordoba.com\/index.php\/wp-json\/wp\/v2\/posts\/21935\/revisions"}],"wp:featuredmedia":[{"embeddable":true,"href":"https:\/\/latecordoba.com\/index.php\/wp-json\/wp\/v2\/media\/21936"}],"wp:attachment":[{"href":"https:\/\/latecordoba.com\/index.php\/wp-json\/wp\/v2\/media?parent=21935"}],"wp:term":[{"taxonomy":"category","embeddable":true,"href":"https:\/\/latecordoba.com\/index.php\/wp-json\/wp\/v2\/categories?post=21935"},{"taxonomy":"post_tag","embeddable":true,"href":"https:\/\/latecordoba.com\/index.php\/wp-json\/wp\/v2\/tags?post=21935"}],"curies":[{"name":"wp","href":"https:\/\/api.w.org\/{rel}","templated":true}]}}