{"id":21924,"date":"2024-04-07T23:48:33","date_gmt":"2024-04-07T23:48:33","guid":{"rendered":"http:\/\/38ab9e7ede686247db4e3b24e380d75d"},"modified":"2024-04-07T23:48:33","modified_gmt":"2024-04-07T23:48:33","slug":"karina-avanza-con-el-armado-propio-y-se-burlan-del-pro-es-macri-y-sus-amigos","status":"publish","type":"post","link":"https:\/\/latecordoba.com\/index.php\/2024\/04\/07\/karina-avanza-con-el-armado-propio-y-se-burlan-del-pro-es-macri-y-sus-amigos\/","title":{"rendered":"Karina avanza con el armado propio y se burlan del PRO: &#8220;Es Macri y sus amigos&#8221;"},"content":{"rendered":"\n<div class=\"media_block\"><img decoding=\"async\" src=\"http:\/\/latecordoba.com\/wp-content\/uploads\/2024\/04\/karina-avanza-con-el-armado-propio-y-se-burlan-del-pro-es-macri-y-sus-amigos.jpg\"><\/div>\n<p>Karina Milei cristaliz\u00f3 el control del armado pol\u00edtico de la Libertad Avanza en todo el pa\u00eds a trav\u00e9s del acto de re-afiliaci\u00f3n que organiz\u00f3 en la Ciudad de Buenos Aires, distrito que pas\u00f3 a controlar directamente luego de <a href=\"https:\/\/www.lapoliticaonline.com\/tools\/redirect.php?t=3&amp;i=284179&amp;s=1ef50e977b26e41d8d5e4a117f4af3e3\">correr a Ramiro Marra<\/a> de la jefatura de bloque de legisladores porte\u00f1os.&nbsp;<\/p>\n<p>Como <a href=\"https:\/\/www.lapoliticaonline.com\/tools\/redirect.php?t=3&amp;i=285855&amp;s=1cbdab5d1cbc316b2d813db672a1adb1\">adelant\u00f3<\/a> LPO, en la Casa Rosada analizan postular a Karina como primera candidata de la lista de La Libertad Avanza en la provincia el a\u00f1o que viene y ya sue\u00f1a con suceder a su hermano Javier en la presidencia, como propuso este mismo domingo la diputada Lilia Lemoine, que la postul\u00f3 para suceder a Milei cuando termine un eventual segundo mandato.&nbsp;<\/p>\n<p><a href=\"https:\/\/www.lapoliticaonline.com\/tools\/redirect.php?t=3&amp;i=285855&amp;s=1cbdab5d1cbc316b2d813db672a1adb1\" class=\"link-type-content content-type-noticia-ar\">En el gobierno tantean una candidatura de Karina en provincia y no descartan la presidencia<\/a><\/p>\n<p>Karina luego de correr a Carlos Kikuchi y Marra del armado pol\u00edtico se apoy\u00f3 en Mart\u00edn y Lule Menem para avanzar en el control de LLA. Para eso le dio a Lule Menem el control pol\u00edtico de la Anses, para usar esa estructura nacional como palanca de los armados pol\u00edticos como hizo el peronismo, como <a href=\"https:\/\/www.lapoliticaonline.com\/tools\/redirect.php?t=3&amp;i=285737&amp;s=3c25fe025a18cfa8ccd6d02126df44e0\">revel\u00f3<\/a> LPO.<\/p>\n<p class=\"authorquote\">Un importante dirigente libertario dijo a LPO: &#8220;\u00bfEl acuerdo con el PRO para qu\u00e9? Patricia ya es de Milei y el resto quiere venir&#8221;. Ese sector que se deshace en gestos para sumarse al universo oficialista fue bautizado internamente como &#8220;el Grupo Linkedin&#8221; por su insistencia en conseguir cargos en el gobierno.<\/p>\n<p>Karina ya se qued\u00f3 con el <a href=\"https:\/\/www.lapoliticaonline.com\/tools\/redirect.php?t=3&amp;i=286487&amp;s=1060303676b0e7116d116d730b9e4d5a\">control<\/a> el partido en C\u00f3rdoba, corri\u00f3 a Ramiro Marra de la Capital y buscan sacar de la cancha a Victoria Villarruel en provincia de Buenos Aires. Por eso, crece la posibilidad de una candidatura de la hermana del Presidente en el principal distrito del pa\u00eds y tambi\u00e9n suena Jos\u00e9 Luis Espert para encabezar la candidatura a senador nacional por la Ciudad de Buenos Aires, para que confronte con <a href=\"https:\/\/www.lapoliticaonline.com\/tools\/redirect.php?t=3&amp;i=285961&amp;s=d20c3af390ec0121b4f6a4d5cf4f598a\">el radical Mart\u00edn Lousteau<\/a>.<\/p>\n<figure class=\"vsmimage\" contenteditable=\"false\"><img decoding=\"async\" loading=\"lazy\" alt=\"Karina avanza con el armado propio y se burlan del PRO: &quot;Es Macri y sus amigos&quot;\" data-vsmid=\"216437\" data-owidth=\"1181\" data-oheight=\"787\" src=\"data:image\/png;base64,iVBORw0KGgoAAAANSUhEUgAAAx4AAAIOAQMAAAAMVUlSAAAAA1BMVEUAAACnej3aAAAAAXRSTlMAQObYZgAAAElJREFUeJztwQEBAAAAgiD\/r25IQAEAAAAAAAAAAAAAAAAAAAAAAAAAAAAAAAAAAAAAAAAAAAAAAAAAAAAAAAAAAAAAAAAAAPBjz4YAAXoxaWgAAAAASUVORK5CYII=\" vsmidos=\"1\" vsmsrc=\"\/files\/image\/216\/216437\/65c4137ad3939_798_526!.jpg?s=0590f4cd448df9a40086c5127d4a8930&amp;d=1712537618\" width=\"798\" height=\"526\"><\/figure>\n<p>Como sea, la decisi\u00f3n de Milei de afianzar el control absoluto de su fuerza a trav\u00e9s de su hermana coincide con la&nbsp;idea de bajarle el precio a un acuerdo con el PRO. Lo que en un principio era una fusi\u00f3n, luego pas\u00f3 a ser un acuerdo parlamentario para terminar en la nada. &#8220;El votante del PRO va a votar a Milei, no tiene sentido acordar&#8221;, afirm\u00f3 a LPO un dirigente importante de ese espacio.<a href=\"https:\/\/www.lapoliticaonline.com\/tools\/redirect.php?t=3&amp;i=286487&amp;s=1060303676b0e7116d116d730b9e4d5a\" class=\"link-type-content content-type-noticia-ar\">Triunfo de Karina y Menem: Bornoroni se queda con La Libertad Avanza en C\u00f3rdoba<\/a><\/p>\n<p>&#8220;\u00bfEl acuerdo con el PRO para qu\u00e9? Qu\u00e9 es el PRO? Es algo m\u00e1s que Macri y sus amigo?Patricia ya es de Milei y el resto quiere venir con nosotros&#8221;, agreg\u00f3 el dirigente. En el Gobierno incluso se burlan de macristas como Diego Santilli y Mar\u00eda Eugenia Vidal que se esfuerzan en hacer gestos en favor de Milei. &#8220;Son el grupo Linkedin&#8221;, dicen de manera despectiva por su supuesto inter\u00e9s en conseguir alg\u00fan cargo en el Gobierno.<\/p>\n","protected":false},"excerpt":{"rendered":"\n<div class=\"media_block\"><img decoding=\"async\" src=\"http:\/\/latecordoba.com\/wp-content\/uploads\/2024\/04\/karina-avanza-con-el-armado-propio-y-se-burlan-del-pro-es-macri-y-sus-amigos.jpg\"><\/div>\n<p>Los libertarios le bajan el precio al acuerdo con Macri y hablan de una candidatura de Karina en provincia y Espert en Capital.  <\/p>\n","protected":false},"author":1,"featured_media":21925,"comment_status":"closed","ping_status":"closed","sticky":false,"template":"","format":"standard","meta":[],"categories":[18],"tags":[],"_links":{"self":[{"href":"https:\/\/latecordoba.com\/index.php\/wp-json\/wp\/v2\/posts\/21924"}],"collection":[{"href":"https:\/\/latecordoba.com\/index.php\/wp-json\/wp\/v2\/posts"}],"about":[{"href":"https:\/\/latecordoba.com\/index.php\/wp-json\/wp\/v2\/types\/post"}],"author":[{"embeddable":true,"href":"https:\/\/latecordoba.com\/index.php\/wp-json\/wp\/v2\/users\/1"}],"replies":[{"embeddable":true,"href":"https:\/\/latecordoba.com\/index.php\/wp-json\/wp\/v2\/comments?post=21924"}],"version-history":[{"count":0,"href":"https:\/\/latecordoba.com\/index.php\/wp-json\/wp\/v2\/posts\/21924\/revisions"}],"wp:featuredmedia":[{"embeddable":true,"href":"https:\/\/latecordoba.com\/index.php\/wp-json\/wp\/v2\/media\/21925"}],"wp:attachment":[{"href":"https:\/\/latecordoba.com\/index.php\/wp-json\/wp\/v2\/media?parent=21924"}],"wp:term":[{"taxonomy":"category","embeddable":true,"href":"https:\/\/latecordoba.com\/index.php\/wp-json\/wp\/v2\/categories?post=21924"},{"taxonomy":"post_tag","embeddable":true,"href":"https:\/\/latecordoba.com\/index.php\/wp-json\/wp\/v2\/tags?post=21924"}],"curies":[{"name":"wp","href":"https:\/\/api.w.org\/{rel}","templated":true}]}}