{"id":21922,"date":"2024-04-07T21:33:34","date_gmt":"2024-04-07T21:33:34","guid":{"rendered":"https:\/\/viapais.com.ar\/rosario\/copa-libertadores-2024-abel-hernandez-no-jugara-fase-de-grupos-con-rosario-central\/"},"modified":"2024-04-07T21:33:34","modified_gmt":"2024-04-07T21:33:34","slug":"copa-libertadores-2024-abel-hernandez-no-jugara-fase-de-grupos-con-rosario-central","status":"publish","type":"post","link":"https:\/\/latecordoba.com\/index.php\/2024\/04\/07\/copa-libertadores-2024-abel-hernandez-no-jugara-fase-de-grupos-con-rosario-central\/","title":{"rendered":"Copa Libertadores 2024: Abel Hern\u00e1ndez no jugar\u00e1 fase de grupos con Rosario Central"},"content":{"rendered":"<br \/>\n<section readability=\"38.18417000308\">\n<p>La contrataci\u00f3n de <b>Abel Hern\u00e1ndez<\/b> fue una de las apuestas m\u00e1s fuertes de <a href=\"https:\/\/viapais.com.ar\/rosario\/rosario-central-remodelo-el-gigante-de-arroyito-con-2-millones-y-medio-de-dolares\/\" target=\"_blank\" rel=\"noopener\"><b>Rosario Central<\/b><\/a> para el inicio de la temporada. Sin embargo, el futbolista uruguayo le trajo m\u00e1s problemas que soluciones, ya que se perder\u00e1 el partido con Atl\u00e9tico Mineiro y el resto de la fase de grupos de la Copa Libertadores 2024 debido a una <b>grave lesi\u00f3n muscular<\/b>.<\/p>\n<article class=\"article card\">\n<div class=\"article-inner \">\n<div class=\"article-image \"><a href=\"https:\/\/viapais.com.ar\/rosario\/los-pases-del-campeon-rosario-central-confirmo-el-valor-de-compra-de-jaminton-campaz\/\" title=\"Jaminton Campaz\"><\/p>\n<figure><img alt=\"Jaminton Campaz\" class=\" block \" src=\"http:\/\/latecordoba.com\/wp-content\/uploads\/2024\/04\/copa-libertadores-2024-abel-hernandez-no-jugara-fase-de-grupos-con-rosario-central.jpg\" sizes=\"auto\" loading=\"lazy\" data-src=\"http:\/\/latecordoba.com\/wp-content\/uploads\/2024\/04\/copa-libertadores-2024-abel-hernandez-no-jugara-fase-de-grupos-con-rosario-central.jpg\" width=\"307px\" fetchpriority=\"low\" decoding=\"async\" height=\"173px\"><\/figure>\n<p><\/a><\/div>\n<\/div>\n<\/article>\n<p>El \u00faltimo parte m\u00e9dico oficial no incluye plazos de recuperaci\u00f3n. No obstante, el diagn\u00f3stico es contundente y deja al delantero <b>fuera de competencia por un par de meses<\/b> como m\u00ednimo. Para colmo de males, no es el \u00fanico jugador descartado antes del viaje a Brasil para la segunda fecha del grupo G.<\/p>\n<h2 class><b>\u00bfQu\u00e9 lesi\u00f3n sufri\u00f3 Abel Hern\u00e1ndez?<\/b><\/h2>\n<p>Seg\u00fan informaron voceros del Canalla, Abel Hern\u00e1ndez tiene una <b>ruptura aguda del tend\u00f3n conjunto del recto anterior<\/b>. Los resultados de los ex\u00e1menes se conocieron dos d\u00edas despu\u00e9s de la <a href=\"https:\/\/viapais.com.ar\/rosario\/copa-libertadores-rosario-central-anoto-la-primera-victoria-del-torneo-ante-penarol\/\" target=\"_blank\" rel=\"noopener\">victoria de Rosario Central sobre Pe\u00f1arol<\/a> en el Gigante de Arroyito.<\/p>\n<p>El exfutbolista de Palermo, Hull City e Inter de Porto Alegre iba a salir a la cancha como titular, pero tuvo una <b>molestia en el muslo izquierdo mientras entraba en calor<\/b>. El director t\u00e9cnico <a href=\"https:\/\/viapais.com.ar\/rosario\/rosario-central-conmovido-miguel-angel-russo-lloro-por-su-nona-y-su-dura-infancia\/\" target=\"_blank\" rel=\"noopener\"><b>Miguel \u00c1ngel Russo<\/b><\/a> tuvo que poner a <b>Tob\u00edas Cervera<\/b> a \u00faltimo momento y no pudo ocultar su fastidio por la situaci\u00f3n en la conferencia de prensa posterior.<\/p>\n<article class=\"article card videoCard\">\n<div class=\"article-inner \">\n<div class=\"article-image \"><a href=\"https:\/\/viapais.com.ar\/rosario\/rosario-central-remodelo-el-gigante-de-arroyito-con-2-millones-y-medio-de-dolares\/\" title=\"Estadio Gigante de Arroyito\"><\/p>\n<figure><img alt=\"Estadio Gigante de Arroyito\" class=\" block \" src=\"http:\/\/latecordoba.com\/wp-content\/uploads\/2024\/04\/copa-libertadores-2024-abel-hernandez-no-jugara-fase-de-grupos-con-rosario-central-1.jpg\" sizes=\"auto\" loading=\"lazy\" data-src=\"http:\/\/latecordoba.com\/wp-content\/uploads\/2024\/04\/copa-libertadores-2024-abel-hernandez-no-jugara-fase-de-grupos-con-rosario-central-1.jpg\" width=\"307px\" fetchpriority=\"low\" decoding=\"async\" height=\"173px\"><\/figure>\n<p><\/a><\/div>\n<\/div>\n<\/article>\n<p>Hern\u00e1ndez tiene 33 a\u00f1os y lleg\u00f3 a la Academia a fines de enero con la esperanza de convertirse en la carta de gol que le falta al \u00faltimo campe\u00f3n argentino desde la venta de <a href=\"https:\/\/viapais.com.ar\/rosario\/alejo-veliz-se-hizo-viral-en-instagram-gracias-a-la-imaginacion-de-un-canallita-rosarino\/\" target=\"_blank\" rel=\"noopener\"><b>Alejo Veliz<\/b><\/a>. El entrenador le dio <b>un mes y medio de preparaci\u00f3n hasta el debut oficial<\/b>, ya que su \u00faltimo paso por Pe\u00f1arol estuvo plagado de lesiones.<\/p>\n<p>El estreno del atacante oriental concluy\u00f3 con <a href=\"https:\/\/viapais.com.ar\/rosario\/lo-que-tenes-que-saber-del-partido-de-rosario-central-y-velez-en-la-fecha-9\/\" target=\"_blank\" rel=\"noopener\">derrota de Rosario Central ante V\u00e9lez<\/a> y desde entonces fue sumando minutos, pero no convirti\u00f3. En total jug\u00f3 <b>cinco partidos y fue titular cuatro veces<\/b>.<\/p>\n<h2 class><b>\u00bfQu\u00e9 jugadores de Rosario Central est\u00e1n lesionados?<\/b><\/h2>\n<p>Adem\u00e1s de Abel Hern\u00e1ndez, el Canalla viaj\u00f3 a enfrentar a River Plate con <b>dos bajas por lesi\u00f3n<\/b>. Ninguno de los futbolistas estar\u00e1 disponible para enfrentar a Atl\u00e9tico Mineiro este mi\u00e9rcoles en Belo Horizonte. La lista incluye los siguientes nombres y diagn\u00f3sticos:<\/p>\n<ul>\n<li><span><b>Maximiliano Lovera:<\/b> lesi\u00f3n muscular en los m\u00fasculos isquiotibiales de la pierna izquierda. Ya hab\u00eda quedado afuera de la lista de concentrados para el duelo con Pe\u00f1arol.<\/span><\/li>\n<li><span><b>Dami\u00e1n Mart\u00ednez:<\/b> traumatismo ocular en ojo izquierdo. El defensor inici\u00f3 un tratamiento oftalmol\u00f3gico luego del debut en la Copa Libertadores 2024.<\/span><\/li>\n<\/ul>\n<h2 class><b>\u00bfCu\u00e1ndo juega Rosario Central?<\/b><\/h2>\n<ul>\n<li><span>Atl\u00e9tico Mineiro vs. Rosario Central. Mi\u00e9rcoles 10 de abril a las 19 en el Estadio Presidente El\u00edas Kalil (Arena MRV) de Belo Horizonte.<\/span><\/li>\n<li><span>Caracas F. C. vs. Rosario Central. Martes 23 de abril a las 19 en el Estadio Ol\u00edmpico de la Universidad Central de Venezuela.<\/span><\/li>\n<li><span>Rosario Central vs. Atl\u00e9tico Mineiro. Martes 7 de mayo a las 19 en el Estadio Gigante de Arroyito.<\/span><\/li>\n<li><span>Rosario Central vs. Caracas F. C.. Jueves 16 de mayo a las 19 en el Estadio Gigante de Arroyito.<\/span><\/li>\n<li><span>Pe\u00f1arol vs. Rosario Central. Martes 28 de mayo a las 19 en el Estadio Campe\u00f3n del Siglo de Montevideo.<\/span><\/li>\n<\/ul>\n<\/section>\n<div class=\"story-tags noreadme-audima\">\n<h3>Temas Relacionados<\/h3>\n<\/div>\n","protected":false},"excerpt":{"rendered":"<p>La contrataci\u00f3n de Abel Hern\u00e1ndez fue una de las apuestas m\u00e1s fuertes de Rosario Central para el inicio de la temporada. Sin embargo, el futbolista uruguayo le trajo m\u00e1s problemas que soluciones, ya que se perder\u00e1 el partido con Atl\u00e9tico Mineiro y el resto de la fase de grupos de la Copa Libertadores 2024 debido [&hellip;]<\/p>\n","protected":false},"author":1,"featured_media":21923,"comment_status":"closed","ping_status":"closed","sticky":false,"template":"","format":"standard","meta":[],"categories":[15],"tags":[],"_links":{"self":[{"href":"https:\/\/latecordoba.com\/index.php\/wp-json\/wp\/v2\/posts\/21922"}],"collection":[{"href":"https:\/\/latecordoba.com\/index.php\/wp-json\/wp\/v2\/posts"}],"about":[{"href":"https:\/\/latecordoba.com\/index.php\/wp-json\/wp\/v2\/types\/post"}],"author":[{"embeddable":true,"href":"https:\/\/latecordoba.com\/index.php\/wp-json\/wp\/v2\/users\/1"}],"replies":[{"embeddable":true,"href":"https:\/\/latecordoba.com\/index.php\/wp-json\/wp\/v2\/comments?post=21922"}],"version-history":[{"count":0,"href":"https:\/\/latecordoba.com\/index.php\/wp-json\/wp\/v2\/posts\/21922\/revisions"}],"wp:featuredmedia":[{"embeddable":true,"href":"https:\/\/latecordoba.com\/index.php\/wp-json\/wp\/v2\/media\/21923"}],"wp:attachment":[{"href":"https:\/\/latecordoba.com\/index.php\/wp-json\/wp\/v2\/media?parent=21922"}],"wp:term":[{"taxonomy":"category","embeddable":true,"href":"https:\/\/latecordoba.com\/index.php\/wp-json\/wp\/v2\/categories?post=21922"},{"taxonomy":"post_tag","embeddable":true,"href":"https:\/\/latecordoba.com\/index.php\/wp-json\/wp\/v2\/tags?post=21922"}],"curies":[{"name":"wp","href":"https:\/\/api.w.org\/{rel}","templated":true}]}}