{"id":21920,"date":"2024-04-07T11:11:52","date_gmt":"2024-04-07T11:11:52","guid":{"rendered":"https:\/\/viapais.com.ar\/rosario\/el-tiempo-en-rosario-el-primer-domingo-de-abril-trae-sol-y-algo-de-viento\/"},"modified":"2024-04-07T11:11:52","modified_gmt":"2024-04-07T11:11:52","slug":"el-tiempo-en-rosario-el-primer-domingo-de-abril-trae-sol-y-algo-de-viento","status":"publish","type":"post","link":"https:\/\/latecordoba.com\/index.php\/2024\/04\/07\/el-tiempo-en-rosario-el-primer-domingo-de-abril-trae-sol-y-algo-de-viento\/","title":{"rendered":"El tiempo en Rosario: el primer domingo de abril trae sol y algo de viento"},"content":{"rendered":"<br \/>\n<section readability=\"27.038461538462\">\n<p>El clima de oto\u00f1o est\u00e1 llegando a Rosario y el cambio da sus primeras se\u00f1ales fuertes en el inicio de abril. El pron\u00f3stico anticipa un <b>domingo fresco y bastante soleado<\/b>, de modo que el fin de semana termina con buen tiempo luego de una jornada un tanto complicada para las actividades al aire libre.<\/p>\n<article class=\"article card\">\n<div class=\"article-inner \">\n<div class=\"article-image \"><a href=\"https:\/\/viapais.com.ar\/rosario\/el-tiempo-en-rosario-sol-por-la-manana-y-lluvia-por-la-tarde-para-este-sabado\/\" title=\"Turismo en Rosario\"><\/p>\n<figure><img alt=\"Turismo en Rosario\" class=\" block \" src=\"http:\/\/latecordoba.com\/wp-content\/uploads\/2024\/04\/el-tiempo-en-rosario-el-primer-domingo-de-abril-trae-sol-y-algo-de-viento.jpg\" sizes=\"auto\" loading=\"lazy\" data-src=\"http:\/\/latecordoba.com\/wp-content\/uploads\/2024\/04\/el-tiempo-en-rosario-el-primer-domingo-de-abril-trae-sol-y-algo-de-viento.jpg\" width=\"307px\" fetchpriority=\"low\" decoding=\"async\" height=\"173px\"><\/figure>\n<p><\/a><\/div>\n<\/div>\n<\/article>\n<p>Tras una tarde de s\u00e1bado pasado por agua, el d\u00eda empez\u00f3 con el cielo completamente despejado, mucha humedad y una marca de casi 12 grados en el term\u00f3metro. La neblina comenz\u00f3 a retirarse en el inicio de la jornada y tambi\u00e9n se confirm\u00f3 el <b>restablecimiento paulatino del servicio de agua<\/b> tras la <a href=\"https:\/\/viapais.com.ar\/rosario\/la-rotura-de-un-acueducto-dejo-sin-agua-a-parte-de-rosario-y-villa-gobernador-galvez\/\" target=\"_blank\" rel=\"noopener\">rotura de un acueducto<\/a> de la zona sur.<\/p>\n<h2 class><b>\u00bfC\u00f3mo estar\u00e1 el tiempo en Rosario el domingo 7 de abril?<\/b><\/h2>\n<p>De acuerdo al Servicio Meteorol\u00f3gico Nacional (SMN), <b>Rosario alterna entre el modo oto\u00f1o y la primavera este domingo<\/b>. Si bien el informe sugiere tener algo de abrigo a mano para pasar la ma\u00f1ana y la noche, tambi\u00e9n hay margen para aprovechar alguna cuota de calor leve.<\/p>\n<p>El pron\u00f3stico establece una <b>m\u00e1xima de 24 \u00b0 a nivel local<\/b>. Despu\u00e9s del mediod\u00eda se viene una tarde parcialmente nublada y el viento desde el este no superar\u00e1 los 12 kil\u00f3metros por hora. Adem\u00e1s, el reporte descarta lluvias o chaparrones.<\/p>\n<p>Seg\u00fan los datos del SMN, entre el lunes y el martes no se esperan grandes cambios en cuanto al tiempo. <b>A partir del mi\u00e9rcoles llega el fr\u00edo a Rosario<\/b> y el jueves se prev\u00e9 una temperatura m\u00ednima de 9 grados.<\/p>\n<\/section>\n<div class=\"story-tags noreadme-audima\">\n<h3>Temas Relacionados<\/h3>\n<\/div>\n","protected":false},"excerpt":{"rendered":"<p>El clima de oto\u00f1o est\u00e1 llegando a Rosario y el cambio da sus primeras se\u00f1ales fuertes en el inicio de abril. El pron\u00f3stico anticipa un domingo fresco y bastante soleado, de modo que el fin de semana termina con buen tiempo luego de una jornada un tanto complicada para las actividades al aire libre. Tras [&hellip;]<\/p>\n","protected":false},"author":1,"featured_media":21921,"comment_status":"closed","ping_status":"closed","sticky":false,"template":"","format":"standard","meta":[],"categories":[15],"tags":[],"_links":{"self":[{"href":"https:\/\/latecordoba.com\/index.php\/wp-json\/wp\/v2\/posts\/21920"}],"collection":[{"href":"https:\/\/latecordoba.com\/index.php\/wp-json\/wp\/v2\/posts"}],"about":[{"href":"https:\/\/latecordoba.com\/index.php\/wp-json\/wp\/v2\/types\/post"}],"author":[{"embeddable":true,"href":"https:\/\/latecordoba.com\/index.php\/wp-json\/wp\/v2\/users\/1"}],"replies":[{"embeddable":true,"href":"https:\/\/latecordoba.com\/index.php\/wp-json\/wp\/v2\/comments?post=21920"}],"version-history":[{"count":0,"href":"https:\/\/latecordoba.com\/index.php\/wp-json\/wp\/v2\/posts\/21920\/revisions"}],"wp:featuredmedia":[{"embeddable":true,"href":"https:\/\/latecordoba.com\/index.php\/wp-json\/wp\/v2\/media\/21921"}],"wp:attachment":[{"href":"https:\/\/latecordoba.com\/index.php\/wp-json\/wp\/v2\/media?parent=21920"}],"wp:term":[{"taxonomy":"category","embeddable":true,"href":"https:\/\/latecordoba.com\/index.php\/wp-json\/wp\/v2\/categories?post=21920"},{"taxonomy":"post_tag","embeddable":true,"href":"https:\/\/latecordoba.com\/index.php\/wp-json\/wp\/v2\/tags?post=21920"}],"curies":[{"name":"wp","href":"https:\/\/api.w.org\/{rel}","templated":true}]}}