{"id":21918,"date":"2024-04-07T00:05:24","date_gmt":"2024-04-07T00:05:24","guid":{"rendered":"http:\/\/dfc06a6eb9108912102166f7bf9fef37"},"modified":"2024-04-07T00:05:24","modified_gmt":"2024-04-07T00:05:24","slug":"llaryora-da-por-aprobada-la-ley-omnibus-y-le-exigio-a-su-gabinete-estar-cerca-de-la-gente","status":"publish","type":"post","link":"https:\/\/latecordoba.com\/index.php\/2024\/04\/07\/llaryora-da-por-aprobada-la-ley-omnibus-y-le-exigio-a-su-gabinete-estar-cerca-de-la-gente\/","title":{"rendered":"Llaryora da por aprobada la Ley \u00d3mnibus y le exigi\u00f3 a su gabinete &#8220;estar cerca de la gente&#8221;"},"content":{"rendered":"\n<div class=\"media_block\"><img decoding=\"async\" src=\"http:\/\/latecordoba.com\/wp-content\/uploads\/2024\/04\/llaryora-da-por-aprobada-la-ley-omnibus-y-le-exigio-a-su-gabinete-estar-cerca-de-la-gente.jpg\"><\/div>\n<div><img decoding=\"async\" src=\"http:\/\/latecordoba.com\/wp-content\/uploads\/2024\/04\/llaryora-da-por-aprobada-la-ley-omnibus-y-le-exigio-a-su-gabinete-estar-cerca-de-la-gente-1.jpg\" class=\"ff-og-image-inserted\"><\/div>\n<p>En una reuni\u00f3n poco habitual, Mart\u00edn Llaryora reuni\u00f3 al gabinete ampliado, una estructura que suma a ministros, secretarios de Estado, presidente de las agencias, jefes legislativos y a la vicegobernadora, Myrian Prunotto.<\/p>\n<p>Hay distintas interpretaciones respecto del motivo de la reuni\u00f3n: aunque ninguno de los convocados de urgencia quiso sentirse aludido, lo cierto es que hubo una clara demanda del gobernador: &#8220;hay que dejar todo por la gesti\u00f3n, en un esquema de 24 horas, todos los d\u00edas&#8221;, como resumi\u00f3 uno de los participantes. &#8220;B\u00e1sicamente, nos avis\u00f3 que dejemos un portarretrato en nuestra casa y que le avisemos a nuestras familias que volveremos cuando renunciemos o nos echen&#8221;, fue la met\u00e1fora de otro. <\/p>\n<p>El motivo de ese &#8220;dejar todo&#8221; est\u00e1 relacionado directamente con dos hechos: el primero, la certeza de que Luis Juez buscar\u00e1 encabezar la boleta de un nuevo frente electoral, esta vez en el espacio de La Libertad Avanza, candidatura desde donde proyectar\u00e1 su candidatura a gobernador, repitiendo la estrategia de 2021-2023, cuando qued\u00f3 a 3,3 puntos de destronar al peronismo. El otro, m\u00e1s pr\u00f3ximo y determinante, la crisis que se avecina. <\/p>\n<p>&#8220;Mart\u00edn dej\u00f3 en claro que la crisis va a pegar, por lo que habr\u00e1 que reordenar prioridades presupuestarias. Y ante un Gobierno nacional que estar\u00e1 lejos de la gente, el de C\u00f3rdoba debe mostrarse cerca&#8221;, sintetiz\u00f3 el mensaje del gobernador otro asistente, quien sospecha que su ministerio ser\u00e1 uno de los alcanzados por ese reperfilamiento presupuestario. <\/p>\n<p><a href=\"https:\/\/www.lapoliticaonline.com\/tools\/redirect.php?t=3&amp;i=286393&amp;s=41aa7d31807ebf76aa12ce010d39015d\" class=\"link-type-content content-type-noticia-ar\">Llaryora reactiva la pelea con Milei furioso por la quita de fondos a la Caja de Jubilados de C\u00f3rdoba<\/a><\/p>\n<p>En otras palabras, lo que Llaryora les pidi\u00f3 a sus ministros es que le sigan el ritmo. El gobernador vive literalmente en el departamento que hay en el edificio del Centro C\u00edvico, pocas veces viaja a visitar a sus hijos a San Francisco y ni siquiera utiliza la residencia oficial, ubicada en Nueva C\u00f3rdoba, rodeada de los \u00e1rboles de la Ciudad Universitaria. <\/p>\n<p>El gobernador cordob\u00e9s tambi\u00e9n revel\u00f3 que la batalla espalda con espalda que dieron junto a Maximiliano Pullaro habr\u00eda dado resultado, por lo cual finalmente el esquema de Ganancias atender\u00eda el pedido de los gobernadores, una forma de mitigar el impacto pol\u00edtico y de abastecer las arcas provinciales. Ambas provincias sufren el cierre del grifo de la Anses para sus cajas previsionales. <\/p>\n<p>&#8220;Confirm\u00f3 que el tratamiento de la nueva versi\u00f3n de la ley \u00f3mnibus est\u00e1 acordado, siempre que se cumpla con lo hablado. Claro que despu\u00e9s de la experiencia de enero hay alguna desconfianza, pero la hip\u00f3tesis es de que sale en general porque no afecta los principales intereses de C\u00f3rdoba&#8221;, explica uno de los asistentes a la reuni\u00f3n. Se refiere a suba de retenciones, coparticipaci\u00f3n de Ganancias y blindaje para empresas estatales radicadas en C\u00f3rdoba. <\/p>\n","protected":false},"excerpt":{"rendered":"\n<div class=\"media_block\"><img decoding=\"async\" src=\"http:\/\/latecordoba.com\/wp-content\/uploads\/2024\/04\/llaryora-da-por-aprobada-la-ley-omnibus-y-le-exigio-a-su-gabinete-estar-cerca-de-la-gente.jpg\"><\/div>\n<p>El gobernador reuni\u00f3 a su equipo y vaticin\u00f3 que la crisis impactar\u00e1 con fuerza. &#8220;Territorialidad&#8221; y &#8220;trabajo 24 x 7&#8221;, las \u00f3rdenes para sus ministros.  <\/p>\n","protected":false},"author":1,"featured_media":21919,"comment_status":"closed","ping_status":"closed","sticky":false,"template":"","format":"standard","meta":[],"categories":[18],"tags":[],"_links":{"self":[{"href":"https:\/\/latecordoba.com\/index.php\/wp-json\/wp\/v2\/posts\/21918"}],"collection":[{"href":"https:\/\/latecordoba.com\/index.php\/wp-json\/wp\/v2\/posts"}],"about":[{"href":"https:\/\/latecordoba.com\/index.php\/wp-json\/wp\/v2\/types\/post"}],"author":[{"embeddable":true,"href":"https:\/\/latecordoba.com\/index.php\/wp-json\/wp\/v2\/users\/1"}],"replies":[{"embeddable":true,"href":"https:\/\/latecordoba.com\/index.php\/wp-json\/wp\/v2\/comments?post=21918"}],"version-history":[{"count":0,"href":"https:\/\/latecordoba.com\/index.php\/wp-json\/wp\/v2\/posts\/21918\/revisions"}],"wp:featuredmedia":[{"embeddable":true,"href":"https:\/\/latecordoba.com\/index.php\/wp-json\/wp\/v2\/media\/21919"}],"wp:attachment":[{"href":"https:\/\/latecordoba.com\/index.php\/wp-json\/wp\/v2\/media?parent=21918"}],"wp:term":[{"taxonomy":"category","embeddable":true,"href":"https:\/\/latecordoba.com\/index.php\/wp-json\/wp\/v2\/categories?post=21918"},{"taxonomy":"post_tag","embeddable":true,"href":"https:\/\/latecordoba.com\/index.php\/wp-json\/wp\/v2\/tags?post=21918"}],"curies":[{"name":"wp","href":"https:\/\/api.w.org\/{rel}","templated":true}]}}