{"id":21898,"date":"2024-04-05T18:31:08","date_gmt":"2024-04-05T18:31:08","guid":{"rendered":"https:\/\/www.radiourbanasf.com.ar\/?p=18721"},"modified":"2024-04-05T18:31:08","modified_gmt":"2024-04-05T18:31:08","slug":"2-fecha-de-uno-de-los-eventos-mas-esperados-de-san-francisco","status":"publish","type":"post","link":"https:\/\/latecordoba.com\/index.php\/2024\/04\/05\/2-fecha-de-uno-de-los-eventos-mas-esperados-de-san-francisco\/","title":{"rendered":"2\u00b0 Fecha de uno de los eventos m\u00e1s esperados de San Francisco"},"content":{"rendered":"\n<div><img decoding=\"async\" src=\"http:\/\/latecordoba.com\/wp-content\/uploads\/2024\/04\/2-fecha-de-uno-de-los-eventos-mas-esperados-de-san-francisco.jpg\" class=\"ff-og-image-inserted\"><\/div>\n<p><!-- .share-post --> <!-- WhatsApp Share Button for WordPress: http:\/\/peadig.com\/wordpress-plugins\/whatsapp-share-button\/ --><\/p>\n<p>El s\u00e1bado 13 de abril a las 22 hs en el sal\u00f3n del predio de Epec, se realizar\u00e1 la fiesta rockera tributo de bandas internacionales&nbsp; Atrapasue\u00f1os 99 con la presencia de la banda local de&nbsp;<a class=\"x1i10hfl xjbqb8w x1ejq31n xd10rxx x1sy0etr x17r0tee x972fbf xcfux6l x1qhh985 xm0m39n x9f619 x1ypdohk xt0psk2 xe8uvvx xdj266r x11i5rnm xat24cr x1mh8g0r xexx8yu x4uap5 x18d9i69 xkhd6sd x16tdsg8 x1hl2dhg xggy1nq x1a2a7pz notranslate _a6hd\" tabindex=\"0\" role=\"link\" href=\"https:\/\/www.instagram.com\/duplex_sf\/\">@duplex_sf<\/a>&nbsp;????.<\/p>\n<p>Desde C\u00f3rdoba capital vienen la banda <a class=\"x1i10hfl xjbqb8w x1ejq31n xd10rxx x1sy0etr x17r0tee x972fbf xcfux6l x1qhh985 xm0m39n x9f619 x1ypdohk xt0psk2 xe8uvvx xdj266r x11i5rnm xat24cr x1mh8g0r xexx8yu x4uap5 x18d9i69 xkhd6sd x16tdsg8 x1hl2dhg xggy1nq x1a2a7pz notranslate _a6hd\" tabindex=\"0\" role=\"link\" href=\"https:\/\/www.instagram.com\/tenebrassex\/\">@tenebrassex<\/a>&nbsp;con su Tributo&nbsp;<a class=\"x1i10hfl xjbqb8w x1ejq31n xd10rxx x1sy0etr x17r0tee x972fbf xcfux6l x1qhh985 xm0m39n x9f619 x1ypdohk xt0psk2 xe8uvvx xdj266r x11i5rnm xat24cr x1mh8g0r xexx8yu x4uap5 x18d9i69 xkhd6sd x16tdsg8 x1hl2dhg xggy1nq x1a2a7pz notranslate _a6hd\" tabindex=\"0\" role=\"link\" href=\"https:\/\/www.instagram.com\/rammsteinofficial\/\">@rammsteinofficial<\/a>&nbsp;\u2620\ufe0f y&nbsp;<a class=\"x1i10hfl xjbqb8w x1ejq31n xd10rxx x1sy0etr x17r0tee x972fbf xcfux6l x1qhh985 xm0m39n x9f619 x1ypdohk xt0psk2 xe8uvvx xdj266r x11i5rnm xat24cr x1mh8g0r xexx8yu x4uap5 x18d9i69 xkhd6sd x16tdsg8 x1hl2dhg xggy1nq x1a2a7pz notranslate _a6hd\" tabindex=\"0\" role=\"link\" href=\"https:\/\/www.instagram.com\/motorbreatharg\/\">@motorbreatharg<\/a>&nbsp;con el legendario tributo a&nbsp;<a class=\"x1i10hfl xjbqb8w x1ejq31n xd10rxx x1sy0etr x17r0tee x972fbf xcfux6l x1qhh985 xm0m39n x9f619 x1ypdohk xt0psk2 xe8uvvx xdj266r x11i5rnm xat24cr x1mh8g0r xexx8yu x4uap5 x18d9i69 xkhd6sd x16tdsg8 x1hl2dhg xggy1nq x1a2a7pz notranslate _a6hd\" tabindex=\"0\" role=\"link\" href=\"https:\/\/www.instagram.com\/metallica\/\">@metallica<\/a>&nbsp;????<\/p>\n<p>Entradas en&nbsp;<a class=\"x1i10hfl xjbqb8w x1ejq31n xd10rxx x1sy0etr x17r0tee x972fbf xcfux6l x1qhh985 xm0m39n x9f619 x1ypdohk xt0psk2 xe8uvvx xdj266r x11i5rnm xat24cr x1mh8g0r xexx8yu x4uap5 x18d9i69 xkhd6sd x16tdsg8 x1hl2dhg xggy1nq x1a2a7pz notranslate _a6hd\" tabindex=\"0\" role=\"link\" href=\"https:\/\/www.instagram.com\/alpogo.tickets\/\">@alpogo.tickets<\/a><\/p>\n<p>o por MD en el instagram de @atrapasuenos.99<\/p>\n<p> <!-- WhatsApp Share Button for WordPress: http:\/\/peadig.com\/wordpress-plugins\/whatsapp-share-button\/ -->  <\/p>\n","protected":false},"excerpt":{"rendered":"\n<div style=\"float:right;margin:0 0 20px 20px;\"><img decoding=\"async\" width=\"150\" height=\"150\" src=\"http:\/\/latecordoba.com\/wp-content\/uploads\/2024\/04\/2-fecha-de-uno-de-los-eventos-mas-esperados-de-san-francisco-1.jpg\" class=\"attachment-thumbnail size-thumbnail wp-post-image\" alt=\"\" loading=\"lazy\" \/><\/div>\n<p>El s\u00e1bado 13 de abril a las 22 hs en el sal\u00f3n del predio de Epec, se realizar\u00e1 la fiesta rockera tributo de bandas internacionales\u00a0 Atrapasue\u00f1os 99 con la presencia de la banda local de\u00a0@duplex_sf\u00a0????. Desde C\u00f3rdoba capital vienen la banda @tenebrassex\u00a0con su Tributo\u00a0@rammsteinofficial\u00a0\u2620\ufe0f y\u00a0@motorbreatharg\u00a0con el legendario tributo a\u00a0@metallica\u00a0???? Entradas en\u00a0@alpogo.tickets o por MD en &#8230;  <\/p>\n","protected":false},"author":1,"featured_media":21899,"comment_status":"closed","ping_status":"closed","sticky":false,"template":"","format":"standard","meta":[],"categories":[20],"tags":[],"_links":{"self":[{"href":"https:\/\/latecordoba.com\/index.php\/wp-json\/wp\/v2\/posts\/21898"}],"collection":[{"href":"https:\/\/latecordoba.com\/index.php\/wp-json\/wp\/v2\/posts"}],"about":[{"href":"https:\/\/latecordoba.com\/index.php\/wp-json\/wp\/v2\/types\/post"}],"author":[{"embeddable":true,"href":"https:\/\/latecordoba.com\/index.php\/wp-json\/wp\/v2\/users\/1"}],"replies":[{"embeddable":true,"href":"https:\/\/latecordoba.com\/index.php\/wp-json\/wp\/v2\/comments?post=21898"}],"version-history":[{"count":0,"href":"https:\/\/latecordoba.com\/index.php\/wp-json\/wp\/v2\/posts\/21898\/revisions"}],"wp:featuredmedia":[{"embeddable":true,"href":"https:\/\/latecordoba.com\/index.php\/wp-json\/wp\/v2\/media\/21899"}],"wp:attachment":[{"href":"https:\/\/latecordoba.com\/index.php\/wp-json\/wp\/v2\/media?parent=21898"}],"wp:term":[{"taxonomy":"category","embeddable":true,"href":"https:\/\/latecordoba.com\/index.php\/wp-json\/wp\/v2\/categories?post=21898"},{"taxonomy":"post_tag","embeddable":true,"href":"https:\/\/latecordoba.com\/index.php\/wp-json\/wp\/v2\/tags?post=21898"}],"curies":[{"name":"wp","href":"https:\/\/api.w.org\/{rel}","templated":true}]}}