{"id":21896,"date":"2024-04-05T18:47:06","date_gmt":"2024-04-05T18:47:06","guid":{"rendered":"https:\/\/radioritmo.com.ar\/?p=16893"},"modified":"2024-04-05T18:47:06","modified_gmt":"2024-04-05T18:47:06","slug":"incognita-dale-q-va-hace-el-ultimo-baile-y-que-pasa-despues","status":"publish","type":"post","link":"https:\/\/latecordoba.com\/index.php\/2024\/04\/05\/incognita-dale-q-va-hace-el-ultimo-baile-y-que-pasa-despues\/","title":{"rendered":"Inc\u00f3gnita: Dale Q\u2019 Va hace el \u00faltimo baile, \u00bfy que pasa despu\u00e9s?"},"content":{"rendered":"\n<div><img decoding=\"async\" src=\"http:\/\/latecordoba.com\/wp-content\/uploads\/2024\/04\/incognita-dale-q-va-hace-el-ultimo-baile-y-que-pasa-despues.jpg\" class=\"ff-og-image-inserted\"><\/div>\n<p>La banda liderada por Neno Aguirre y Pablo David Ortiz anunci\u00f3 su \u00faltimo baile para este fin de semana y despu\u00e9s se ver\u00e1 dice la promoci\u00f3n del evento. Te contamos todos los detalles.<\/p>\n<p>Dale Q\u2019 Va anunci\u00f3 que hace su \u00faltimo baile este s\u00e1bado 06 de abril en Villa Retiro, y dej\u00f3 sembrada la duda de que pasar\u00e1 despu\u00e9s.<\/p>\n<p>Sus seguidores tienen varias hip\u00f3tesis, desde que David y Neno se separan hasta que se toman un descanso de unos d\u00edas. Hay otras hip\u00f3tesis m\u00e1s arriesgadas tambi\u00e9n como la que ambos cantantes de la banda se abrir\u00e1n una cuenta de Only Fans.<\/p>\n<p>Lo cierto es que no se sabe que pasara despu\u00e9s a ciencia cierta, nos enteraremos el s\u00e1bado por lo que recomendamos asistir a uno de los templos cuarteteros como lo es Villa Retiro. Las anticipadas ya est\u00e1n a la venta en boleter\u00edas del club.<\/p>\n","protected":false},"excerpt":{"rendered":"<p> La banda liderada por Neno Aguirre y Pablo David Ortiz anunci\u00f3 su \u00faltimo baile para este fin de semana y despu\u00e9s se ver\u00e1 dice la promoci\u00f3n del evento. Te contamos todos los detalles. Dale Q&#8217; Va anunci\u00f3 que hace su \u00faltimo baile este s\u00e1bado 06 de abril en Villa Retiro, y dej\u00f3 sembrada la duda &#8230;  <\/p>\n","protected":false},"author":1,"featured_media":21897,"comment_status":"closed","ping_status":"closed","sticky":false,"template":"","format":"standard","meta":[],"categories":[20],"tags":[],"_links":{"self":[{"href":"https:\/\/latecordoba.com\/index.php\/wp-json\/wp\/v2\/posts\/21896"}],"collection":[{"href":"https:\/\/latecordoba.com\/index.php\/wp-json\/wp\/v2\/posts"}],"about":[{"href":"https:\/\/latecordoba.com\/index.php\/wp-json\/wp\/v2\/types\/post"}],"author":[{"embeddable":true,"href":"https:\/\/latecordoba.com\/index.php\/wp-json\/wp\/v2\/users\/1"}],"replies":[{"embeddable":true,"href":"https:\/\/latecordoba.com\/index.php\/wp-json\/wp\/v2\/comments?post=21896"}],"version-history":[{"count":0,"href":"https:\/\/latecordoba.com\/index.php\/wp-json\/wp\/v2\/posts\/21896\/revisions"}],"wp:featuredmedia":[{"embeddable":true,"href":"https:\/\/latecordoba.com\/index.php\/wp-json\/wp\/v2\/media\/21897"}],"wp:attachment":[{"href":"https:\/\/latecordoba.com\/index.php\/wp-json\/wp\/v2\/media?parent=21896"}],"wp:term":[{"taxonomy":"category","embeddable":true,"href":"https:\/\/latecordoba.com\/index.php\/wp-json\/wp\/v2\/categories?post=21896"},{"taxonomy":"post_tag","embeddable":true,"href":"https:\/\/latecordoba.com\/index.php\/wp-json\/wp\/v2\/tags?post=21896"}],"curies":[{"name":"wp","href":"https:\/\/api.w.org\/{rel}","templated":true}]}}