{"id":21887,"date":"2024-04-07T01:29:22","date_gmt":"2024-04-07T01:29:22","guid":{"rendered":"https:\/\/viapais.com.ar\/cordoba\/el-primer-gol-de-la-pantera-bou-para-talleres-a-medias-con-el-arquero\/"},"modified":"2024-04-07T01:29:22","modified_gmt":"2024-04-07T01:29:22","slug":"el-primer-gol-de-la-pantera-bou-para-talleres-a-medias-con-el-arquero","status":"publish","type":"post","link":"https:\/\/latecordoba.com\/index.php\/2024\/04\/07\/el-primer-gol-de-la-pantera-bou-para-talleres-a-medias-con-el-arquero\/","title":{"rendered":"El primer gol de la Pantera Bou para Talleres, a medias con el arquero"},"content":{"rendered":"<br \/>\n<section readability=\"15.372013651877\">\n<p><a href=\"https:\/\/viapais.com.ar\/cordoba\/talleres-que-se-sabe-de-la-lesion-de-ramon-sosa-tras-el-partido-contra-sao-paulo\/\" target=\"_blank\" rel=\"noopener\"><b>Talleres<\/b><\/a><b> logr\u00f3 reponerse de la sorpresa inical <\/b>por la victoria parcial de <a href=\"https:\/\/viapais.com.ar\/cordoba\/todo-lo-que-tenes-que-saber-del-talleres-independiente-rivadavia-fecha-13-copa-de-la-liga\/\" target=\"_blank\" rel=\"noopener\"><b>Independiente Rivadavia<\/b><\/a> de Mendoza en el Kempes, por la<b> <\/b><a href=\"https:\/\/viapais.com.ar\/cordoba\/con-seguidilla-imposible-la-rotacion-en-talleres-para-jugar-por-copa-de-la-liga\/\" target=\"_blank\" rel=\"noopener\"><b>pen\u00faltima fecha de la Copa <\/b><\/a>de la Liga. Y lo igual\u00f3 a trav\u00e9s de<b> Gustavo Bou antes del descanso, a los 37 minutos. <\/b><\/p>\n<article class=\"article card videoCard\">\n<div class=\"article-inner \">\n<div class=\"article-image \"><a href=\"https:\/\/viapais.com.ar\/cordoba\/ramon-sosa-tiene-el-medico-de-la-seleccion-de-paraguay-hablo-del-jugador-de-talleres\/\" title=\"Ram\u00f3n Sosa\"><\/p>\n<figure><img alt=\"Ram\u00f3n Sosa\" class=\" block \" src=\"http:\/\/latecordoba.com\/wp-content\/uploads\/2024\/04\/el-primer-gol-de-la-pantera-bou-para-talleres-a-medias-con-el-arquero.webp\" sizes=\"auto\" loading=\"lazy\" data-src=\"http:\/\/latecordoba.com\/wp-content\/uploads\/2024\/04\/el-primer-gol-de-la-pantera-bou-para-talleres-a-medias-con-el-arquero.webp\" width=\"307px\" fetchpriority=\"low\" decoding=\"async\" height=\"173px\"><\/figure>\n<p><\/a><\/div>\n<\/div>\n<\/article>\n<p><b>Bou, jerarquizado refuerzo Albiazul<\/b> de este \u00faltimo mercado, prob\u00f3 desde fuera del \u00e1rea y su derechazo <b>se le escurri\u00f3 entre las manos a<\/b> <b>Mariano Monllor, quien reemplaza en el arco de la Lepra mendocina a Gonzalo Marinelli.<\/b> Primer gol de la Pantera Bou en Talleres, en tres partidos diputados.<\/p>\n<p>La visita hab\u00eda pasado al frente por Federico Castro, a los 27 de la primera parte, tras <b>una gruesa falla del zaguero colombiano Kevin Mantilla, <\/b>al intentar salir jugando desde el \u00e1rea.<\/p>\n<article class=\"article card videoCard\">\n<div class=\"article-inner \">\n<div class=\"article-image \"><a href=\"https:\/\/viapais.com.ar\/cordoba\/talleres-y-su-tremenda-racha-contra-san-pablo-con-atajadon-de-guido-herrera\/\" title=\"Talleres y su tremenda racha contra San Pablo, con atajad\u00f3n de Guido Herrera.\"><\/p>\n<figure><img alt=\"Talleres y su tremenda racha contra San Pablo, con atajad\u00f3n de Guido Herrera.\" class=\" block \" src=\"http:\/\/latecordoba.com\/wp-content\/uploads\/2024\/04\/el-primer-gol-de-la-pantera-bou-para-talleres-a-medias-con-el-arquero.jpg\" sizes=\"auto\" loading=\"lazy\" data-src=\"http:\/\/latecordoba.com\/wp-content\/uploads\/2024\/04\/el-primer-gol-de-la-pantera-bou-para-talleres-a-medias-con-el-arquero.jpg\" width=\"307px\" fetchpriority=\"low\" decoding=\"async\" height=\"173px\"><\/figure>\n<p><\/a><\/div>\n<\/div>\n<\/article>\n<div class=\"story-embeded story-twitter noreadme-audima\">\n<div readability=\"6.5226480836237\">\n<blockquote class=\"twitter-tweet\" readability=\"7.3379790940767\">\n<p lang=\"es\" dir=\"ltr\">ERROR DEL FONDO DE TALLERES Y GOL DE LA LEPRA MENDOCINA \u26bd<\/p>\n<p>Kevin Mantilla intent\u00f3 salir jugando en su propia \u00e1rea, pero la perdi\u00f3 y Federico Castro puso el 1 a 0 para Independiente Rivadavia<a href=\"https:\/\/twitter.com\/hashtag\/LPFxTNTSports?src=hash&amp;ref_src=twsrc%5Etfw\">#LPFxTNTSports<\/a> <a href=\"https:\/\/t.co\/tkfOx76htk\">pic.twitter.com\/tkfOx76htk<\/a><\/p>\n<p>\u2014 TNT Sports Argentina (@TNTSportsAR) <a href=\"https:\/\/twitter.com\/TNTSportsAR\/status\/1776776992311869742?ref_src=twsrc%5Etfw\">April 7, 2024<\/a><\/p><\/blockquote><\/div>\n<\/div>\n<p><i><b>nota en desarrollo<\/b><\/i><\/p>\n<\/section>\n<div class=\"story-tags noreadme-audima\">\n<h3>Temas Relacionados<\/h3>\n<\/div>\n","protected":false},"excerpt":{"rendered":"<p>Talleres logr\u00f3 reponerse de la sorpresa inical por la victoria parcial de Independiente Rivadavia de Mendoza en el Kempes, por la pen\u00faltima fecha de la Copa de la Liga. Y lo igual\u00f3 a trav\u00e9s de Gustavo Bou antes del descanso, a los 37 minutos. Bou, jerarquizado refuerzo Albiazul de este \u00faltimo mercado, prob\u00f3 desde fuera [&hellip;]<\/p>\n","protected":false},"author":1,"featured_media":21888,"comment_status":"closed","ping_status":"closed","sticky":false,"template":"","format":"standard","meta":[],"categories":[15],"tags":[],"_links":{"self":[{"href":"https:\/\/latecordoba.com\/index.php\/wp-json\/wp\/v2\/posts\/21887"}],"collection":[{"href":"https:\/\/latecordoba.com\/index.php\/wp-json\/wp\/v2\/posts"}],"about":[{"href":"https:\/\/latecordoba.com\/index.php\/wp-json\/wp\/v2\/types\/post"}],"author":[{"embeddable":true,"href":"https:\/\/latecordoba.com\/index.php\/wp-json\/wp\/v2\/users\/1"}],"replies":[{"embeddable":true,"href":"https:\/\/latecordoba.com\/index.php\/wp-json\/wp\/v2\/comments?post=21887"}],"version-history":[{"count":0,"href":"https:\/\/latecordoba.com\/index.php\/wp-json\/wp\/v2\/posts\/21887\/revisions"}],"wp:featuredmedia":[{"embeddable":true,"href":"https:\/\/latecordoba.com\/index.php\/wp-json\/wp\/v2\/media\/21888"}],"wp:attachment":[{"href":"https:\/\/latecordoba.com\/index.php\/wp-json\/wp\/v2\/media?parent=21887"}],"wp:term":[{"taxonomy":"category","embeddable":true,"href":"https:\/\/latecordoba.com\/index.php\/wp-json\/wp\/v2\/categories?post=21887"},{"taxonomy":"post_tag","embeddable":true,"href":"https:\/\/latecordoba.com\/index.php\/wp-json\/wp\/v2\/tags?post=21887"}],"curies":[{"name":"wp","href":"https:\/\/api.w.org\/{rel}","templated":true}]}}