{"id":21875,"date":"2024-04-05T17:11:27","date_gmt":"2024-04-05T17:11:27","guid":{"rendered":"https:\/\/www.diariocronica.com.ar\/noticias\/2024\/04\/05\/94587-conmebol-abrio-expediente-disciplinario-a-rosario-central-tras-agresion-a-futbolista-de-penarol-en-libertadores"},"modified":"2024-04-05T17:11:27","modified_gmt":"2024-04-05T17:11:27","slug":"conmebol-abrio-expediente-disciplinario-a-rosario-central-tras-agresion-a-futbolista-de-penarol-en-libertadores","status":"publish","type":"post","link":"https:\/\/latecordoba.com\/index.php\/2024\/04\/05\/conmebol-abrio-expediente-disciplinario-a-rosario-central-tras-agresion-a-futbolista-de-penarol-en-libertadores\/","title":{"rendered":"Conmebol abri\u00f3 expediente disciplinario a Rosario Central tras agresi\u00f3n a futbolista de Pe\u00f1arol en Libertadores"},"content":{"rendered":"\n<div class=\"media_block\"><a href=\"http:\/\/latecordoba.com\/wp-content\/uploads\/2024\/04\/conmebol-abrio-expediente-disciplinario-a-rosario-central-tras-agresion-a-futbolista-de-penarol-en-libertadores.jpg\"><img decoding=\"async\" src=\"http:\/\/latecordoba.com\/wp-content\/uploads\/2024\/04\/conmebol-abrio-expediente-disciplinario-a-rosario-central-tras-agresion-a-futbolista-de-penarol-en-libertadores.jpg\" class=\"media_thumbnail\"><\/a><\/div>\n<div><img decoding=\"async\" src=\"http:\/\/latecordoba.com\/wp-content\/uploads\/2024\/04\/conmebol-abrio-expediente-disciplinario-a-rosario-central-tras-agresion-a-futbolista-de-penarol-en-libertadores-1.jpg\" class=\"ff-og-image-inserted\"><\/div>\n<p>\nEs para investigar lo ocurrido, informar a la parte afectada d\u00e1ndole un plazo para que haga su descargo e iniciar las deliberaciones del tribunal para emitir un fallo.\n<\/p>\n<div readability=\"64\">\n<p><strong>La Conmebol abri\u00f3 un expediente disciplinario a Rosario Central luego de los incidentes ocurridos en las tribunas con hinchas y tras la agresi\u00f3n a un futbolista de Pe\u00f1arol, despu\u00e9s del partido de la fase de grupos de la Copa Libertadores el jueves por la noche.<\/strong><\/p>\n<p><strong>&#8220;Se abre un expediente para investigar lo ocurrido, informar a la parte afectada d\u00e1ndole un plazo para que haga su descargo y luego iniciar las deliberaciones del tribunal que emitir\u00e1 el fallo&#8221;<\/strong>, dijo a Reuters una fuente de la Conmebol.<\/p>\n<p>El encuentro por la primera fecha del Grupo G se disput\u00f3 en el estadio Gigante de Arroyito ante 45.000 aficionados.&nbsp;<\/p>\n<p>&#8220;Repudiamos lo que pas\u00f3 y estamos investigando para&nbsp;<strong>identificar a los que participaron en los incidentes.&nbsp;<\/strong>Vamos a aportar lo que tengamos al expediente que inici\u00f3 la Conmebol&#8221;, indic\u00f3 una fuente de Rosario Central.<\/p>\n<p>Los incidentes comenzaron en las gradas cuando hinchas del conjunto local arrojaron vallados desde la segunda bandeja hacia la primera, en la que se encontraban los aficionados de Pe\u00f1arol.<\/p>\n<p>&#8220;Hubo golpes, cortes, lastimados&#8221;, dijo un aficionado a un canal de televisi\u00f3n argentino.<\/p>\n<p>Luego del partido que Rosario Central venci\u00f3 por 1-0 con gol de Carlos Quintana, el futbolista Maximiliano Olivera recibi\u00f3 el impacto de una piedra en el rostro provocando una herida cortante.<\/p>\n<p>&#8220;Cuando los jugadores nuestros van a&nbsp;saludar a la gente, Olivera recibe una piedra de gran tama\u00f1o desde la platea. Es una locura. M\u00e1s all\u00e1 de lo que vio Conmebol en el momento, veremos qu\u00e9 medida se toma con esto&#8221;, dijo el presidente de Pe\u00f1arol, Ignacio Rubio, a la televisi\u00f3n.<\/p>\n<p>&#8220;Yo no soy el que pone las penas y las multas, pero s\u00ed exijo tomar los recaudos l\u00f3gicos, y ayer no se tom\u00f3 ning\u00fan recaudo. En base a los informes, vamos a hacer nuestro descargo con lo que nos toc\u00f3 vivir&#8221;, a\u00f1adi\u00f3 el directivo del club uruguayo.<\/p>\n<p>Rubio indic\u00f3 adem\u00e1s que el futbolista no tiene &#8220;ning\u00fan hueso roto, sino la contusi\u00f3n normal de una piedra de gran tama\u00f1o&#8221;, seg\u00fan comprobaron en un estudio realizado en la ciudad de Rosario tras el encuentro.<\/p>\n<p>El club Rosario Central repudi\u00f3 en un comunicado los incidentes y se\u00f1al\u00f3 que se encuentra &#8220;revisando las c\u00e1maras de seguridad&#8221; para identificar a los agresores para sancionarlos &#8220;conforme a las m\u00e1s estrictas pautas legales y reglamentarias correspondientes&#8221;. <em>(NA)<\/em><\/p>\n<\/div>\n","protected":false},"excerpt":{"rendered":"\n<div class=\"media_block\"><a href=\"http:\/\/latecordoba.com\/wp-content\/uploads\/2024\/04\/conmebol-abrio-expediente-disciplinario-a-rosario-central-tras-agresion-a-futbolista-de-penarol-en-libertadores.jpg\"><img decoding=\"async\" src=\"http:\/\/latecordoba.com\/wp-content\/uploads\/2024\/04\/conmebol-abrio-expediente-disciplinario-a-rosario-central-tras-agresion-a-futbolista-de-penarol-en-libertadores.jpg\" class=\"media_thumbnail\"><\/a><\/div>\n<p>Es para investigar lo ocurrido, informar a la parte afectada d\u00e1ndole un plazo para que haga su descargo e iniciar las deliberaciones del tribunal para emitir un fallo. <\/p>\n","protected":false},"author":1,"featured_media":21876,"comment_status":"closed","ping_status":"closed","sticky":false,"template":"","format":"standard","meta":[],"categories":[17],"tags":[],"_links":{"self":[{"href":"https:\/\/latecordoba.com\/index.php\/wp-json\/wp\/v2\/posts\/21875"}],"collection":[{"href":"https:\/\/latecordoba.com\/index.php\/wp-json\/wp\/v2\/posts"}],"about":[{"href":"https:\/\/latecordoba.com\/index.php\/wp-json\/wp\/v2\/types\/post"}],"author":[{"embeddable":true,"href":"https:\/\/latecordoba.com\/index.php\/wp-json\/wp\/v2\/users\/1"}],"replies":[{"embeddable":true,"href":"https:\/\/latecordoba.com\/index.php\/wp-json\/wp\/v2\/comments?post=21875"}],"version-history":[{"count":0,"href":"https:\/\/latecordoba.com\/index.php\/wp-json\/wp\/v2\/posts\/21875\/revisions"}],"wp:featuredmedia":[{"embeddable":true,"href":"https:\/\/latecordoba.com\/index.php\/wp-json\/wp\/v2\/media\/21876"}],"wp:attachment":[{"href":"https:\/\/latecordoba.com\/index.php\/wp-json\/wp\/v2\/media?parent=21875"}],"wp:term":[{"taxonomy":"category","embeddable":true,"href":"https:\/\/latecordoba.com\/index.php\/wp-json\/wp\/v2\/categories?post=21875"},{"taxonomy":"post_tag","embeddable":true,"href":"https:\/\/latecordoba.com\/index.php\/wp-json\/wp\/v2\/tags?post=21875"}],"curies":[{"name":"wp","href":"https:\/\/api.w.org\/{rel}","templated":true}]}}