{"id":21863,"date":"2024-04-05T18:36:41","date_gmt":"2024-04-05T18:36:41","guid":{"rendered":"https:\/\/www.radiourbanasf.com.ar\/?p=18724"},"modified":"2024-04-05T18:36:41","modified_gmt":"2024-04-05T18:36:41","slug":"presenta-descartable-wos-publico-las-fechas-de-su-gira-mundial-2024-habra-seis-shows-en-argentina","status":"publish","type":"post","link":"https:\/\/latecordoba.com\/index.php\/2024\/04\/05\/presenta-descartable-wos-publico-las-fechas-de-su-gira-mundial-2024-habra-seis-shows-en-argentina\/","title":{"rendered":"Presenta Descartable Wos public\u00f3 las fechas de su gira mundial 2024: habr\u00e1 seis shows en Argentina"},"content":{"rendered":"\n<div><img decoding=\"async\" src=\"http:\/\/latecordoba.com\/wp-content\/uploads\/2024\/04\/presenta-descartable-wos-publico-las-fechas-de-su-gira-mundial-2024-habra-seis-shows-en-argentina.jpg\" class=\"ff-og-image-inserted\"><\/div>\n<p><!-- .share-post --> <!-- WhatsApp Share Button for WordPress: http:\/\/peadig.com\/wordpress-plugins\/whatsapp-share-button\/ --><\/p>\n<h2 class=\"story-subtitle-restyling color-text font-arial-regular m0\">El cantante presentar\u00e1 su reciente disco Descartable en la cancha Racing y luego viajar\u00e1 a Europa y Latinoam\u00e9rica. Cu\u00e1ndo y d\u00f3nde ser\u00e1 el recital en C\u00f3rdoba y qu\u00e9 d\u00eda se ponen en venta las entradas.<\/h2>\n<p data-mrf-recirculation=\"Links p\u00e1rrafos (art\u00edculo)\">Mientras las reproducciones y repercusiones de su disco m\u00e1s reciente se acrecientan d\u00eda a d\u00eda,&nbsp;<a href=\"https:\/\/www.lavoz.com.ar\/espectaculos\/musica\/comentario-de-descartable-el-nuevo-de-wos-mas-alla-de-todo-lo-que-esta-bien\/\" target=\"_blank\" rel=\"noopener\" data-mrf-link=\"https:\/\/www.lavoz.com.ar\/espectaculos\/musica\/comentario-de-descartable-el-nuevo-de-wos-mas-alla-de-todo-lo-que-esta-bien\/\">Wos<\/a>&nbsp;anunci\u00f3 este mi\u00e9rcoles las fechas de su gira mundial en la que presentar\u00e1&nbsp;<b>Descartable<\/b>, el \u00e1lbum en cuesti\u00f3n, que cuenta con resonantes colaboraciones con Indio Solari, Gustavo Santaolalla, Natalia Lafourcade y Dillom.<\/p>\n<p data-mrf-recirculation=\"Links p\u00e1rrafos (art\u00edculo)\">Como se sabe, este cuarto trabajo de estudio de uno de los grandes referentes de la nueva generaci\u00f3n, se public\u00f3 hace algunas semanas y ya tiene su fecha de presentaci\u00f3n oficial en Buenos Aires: ser\u00e1&nbsp;<a href=\"https:\/\/www.ticketek.com.ar\/wos\/estadio-racing-club\" target=\"_blank\" rel=\"noopener\" data-mrf-link=\"https:\/\/www.ticketek.com.ar\/wos\/estadio-racing-club\">el s\u00e1bado 20 de abril en la cancha de Racing<\/a>.<\/p>\n<h2 class>Wos presenta Descartable: gira 2024<\/h2>\n<p data-mrf-recirculation=\"Links p\u00e1rrafos (art\u00edculo)\">Ahora, el cantante lanz\u00f3 todo el cronograma de fechas con la que encarar\u00e1 su primera gira mundial a gran escala. Comenzar\u00e1 el 16 de junio en Dublin (Irlanda) y pasar\u00e1 por ciudades clave como Londres, Berl\u00edn, Barcelona y Madrid, entre muchas otras, lo que redondear\u00e1 un tour de poco m\u00e1s de un mes en el Viejo Continente.<\/p>\n<p data-mrf-recirculation=\"Links p\u00e1rrafos (art\u00edculo)\">Ya de regreso, en agosto girar\u00e1 por Latinoam\u00e9rica con presentaciones que arrancar\u00e1n en Santiago (Chile) el 16 de ese mes y continuar\u00e1n en otros pa\u00edses de Latinoam\u00e9rica, incluyendo numerosas fechas en M\u00e9xico.<\/p>\n<p data-mrf-recirculation=\"Links p\u00e1rrafos (art\u00edculo)\">El tramo argentino tendr\u00e1 dos partes: la primera con shows en Mendoza y C\u00f3rdoba y la segunda con presentaciones en Tucum\u00e1n, Corrientes y Rosario.<\/p>\n<h2 class>Wos: shows en Argentina y Sudam\u00e9rica 2024<\/h2>\n<p data-mrf-recirculation=\"Links p\u00e1rrafos (art\u00edculo)\">El show de Wos en C\u00f3rdoba ser\u00e1 el s\u00e1bado 28 de septiembre en Plaza de la M\u00fasica, el mismo espacio que eligi\u00f3 para sus \u00faltima presentaciones.<\/p>\n<p data-mrf-recirculation=\"Links p\u00e1rrafos (art\u00edculo)\">Mientras las reproducciones y repercusiones de su disco m\u00e1s reciente se acrecientan d\u00eda a d\u00eda,&nbsp;<a href=\"https:\/\/www.lavoz.com.ar\/espectaculos\/musica\/comentario-de-descartable-el-nuevo-de-wos-mas-alla-de-todo-lo-que-esta-bien\/\" target=\"_blank\" rel=\"noopener\" data-mrf-link=\"https:\/\/www.lavoz.com.ar\/espectaculos\/musica\/comentario-de-descartable-el-nuevo-de-wos-mas-alla-de-todo-lo-que-esta-bien\/\">Wos<\/a>&nbsp;anunci\u00f3 este mi\u00e9rcoles las fechas de su gira mundial en la que presentar\u00e1&nbsp;<b>Descartable<\/b>, el \u00e1lbum en cuesti\u00f3n, que cuenta con resonantes colaboraciones con Indio Solari, Gustavo Santaolalla, Natalia Lafourcade y Dillom.<\/p>\n<p data-mrf-recirculation=\"Links p\u00e1rrafos (art\u00edculo)\">Como se sabe, este cuarto trabajo de estudio de uno de los grandes referentes de la nueva generaci\u00f3n, se public\u00f3 hace algunas semanas y ya tiene su fecha de presentaci\u00f3n oficial en Buenos Aires: ser\u00e1&nbsp;<a href=\"https:\/\/www.ticketek.com.ar\/wos\/estadio-racing-club\" target=\"_blank\" rel=\"noopener\" data-mrf-link=\"https:\/\/www.ticketek.com.ar\/wos\/estadio-racing-club\">el s\u00e1bado 20 de abril en la cancha de Racing<\/a>.<\/p>\n<h2 class>Wos presenta Descartable: gira 2024<\/h2>\n<p data-mrf-recirculation=\"Links p\u00e1rrafos (art\u00edculo)\">Ahora, el cantante lanz\u00f3 todo el cronograma de fechas con la que encarar\u00e1 su primera gira mundial a gran escala. Comenzar\u00e1 el 16 de junio en Dublin (Irlanda) y pasar\u00e1 por ciudades clave como Londres, Berl\u00edn, Barcelona y Madrid, entre muchas otras, lo que redondear\u00e1 un tour de poco m\u00e1s de un mes en el Viejo Continente.<\/p>\n<p data-mrf-recirculation=\"Links p\u00e1rrafos (art\u00edculo)\">Ya de regreso, en agosto girar\u00e1 por Latinoam\u00e9rica con presentaciones que arrancar\u00e1n en Santiago (Chile) el 16 de ese mes y continuar\u00e1n en otros pa\u00edses de Latinoam\u00e9rica, incluyendo numerosas fechas en M\u00e9xico.<\/p>\n<p data-mrf-recirculation=\"Links p\u00e1rrafos (art\u00edculo)\">El tramo argentino tendr\u00e1 dos partes: la primera con shows en Mendoza y C\u00f3rdoba y la segunda con presentaciones en Tucum\u00e1n, Corrientes y Rosario.<\/p>\n<h2 class>Wos: shows en Argentina y Sudam\u00e9rica 2024<\/h2>\n<p data-mrf-recirculation=\"Links p\u00e1rrafos (art\u00edculo)\">El show de Wos en C\u00f3rdoba ser\u00e1 el s\u00e1bado 28 de septiembre en Plaza de la M\u00fasica, el mismo espacio que eligi\u00f3 para sus \u00faltima presentaciones.<\/p>\n<p data-mrf-recirculation=\"Links p\u00e1rrafos (art\u00edculo)\">Las entradas se pondr\u00e1n a la venta este viernes 5 de abril en&nbsp;<a href=\"https:\/\/www.edenentradas.com.ar\/sitio\/contenido\/inicio\" target=\"_blank\" rel=\"noopener\" data-mrf-link=\"https:\/\/www.edenentradas.com.ar\/sitio\/contenido\/inicio\">edenentradas.com.ar<\/a>. Habr\u00e1 promo del 20% de descuento y tres cuotas sin inter\u00e9s con tarjetas Visa de Banco Patagonia.<\/p>\n<p data-mrf-recirculation=\"Links p\u00e1rrafos (art\u00edculo)\">16\/8 Movistar Arena (Santiago, Chile)<\/p>\n<p data-mrf-recirculation=\"Links p\u00e1rrafos (art\u00edculo)\">26\/9 Arena Maip\u00fa (Mendoza)<\/p>\n<p data-mrf-recirculation=\"Links p\u00e1rrafos (art\u00edculo)\">28\/9 Plaza de la M\u00fasica (C\u00f3rdoba)<\/p>\n<p data-mrf-recirculation=\"Links p\u00e1rrafos (art\u00edculo)\">4\/10 Circuito Militar (Lima, Per\u00fa)<\/p>\n<p data-mrf-recirculation=\"Links p\u00e1rrafos (art\u00edculo)\">12\/10 Jockey Club (Asunci\u00f3n, Paraguay)<\/p>\n<p data-mrf-recirculation=\"Links p\u00e1rrafos (art\u00edculo)\">19\/10 Vel\u00f3dromo (Montevideo, Uruguay)<\/p>\n<p data-mrf-recirculation=\"Links p\u00e1rrafos (art\u00edculo)\">25\/10 Chamorro City Hall (Bogot\u00e1, Colombia)<\/p>\n<p data-mrf-recirculation=\"Links p\u00e1rrafos (art\u00edculo)\">01\/11 Anfiteatro Coca Cola (San Jos\u00e9, Costa Rica)<\/p>\n<p data-mrf-recirculation=\"Links p\u00e1rrafos (art\u00edculo)\">15\/11 Club Central (Tucum\u00e1n)<\/p>\n<p data-mrf-recirculation=\"Links p\u00e1rrafos (art\u00edculo)\">21\/11 Once Unidos (Corrientes)<\/p>\n<p data-mrf-recirculation=\"Links p\u00e1rrafos (art\u00edculo)\">23\/11 Ex Rural (Rosario)<\/p>\n","protected":false},"excerpt":{"rendered":"\n<div style=\"float:right;margin:0 0 20px 20px;\"><img decoding=\"async\" width=\"150\" height=\"150\" src=\"http:\/\/latecordoba.com\/wp-content\/uploads\/2024\/04\/presenta-descartable-wos-publico-las-fechas-de-su-gira-mundial-2024-habra-seis-shows-en-argentina-1.jpg\" class=\"attachment-thumbnail size-thumbnail wp-post-image\" alt=\"\" loading=\"lazy\" \/><\/div>\n<p>El cantante presentar\u00e1 su reciente disco Descartable en la cancha Racing y luego viajar\u00e1 a Europa y Latinoam\u00e9rica. Cu\u00e1ndo y d\u00f3nde ser\u00e1 el recital en C\u00f3rdoba y qu\u00e9 d\u00eda se ponen en venta las entradas. Mientras las reproducciones y repercusiones de su disco m\u00e1s reciente se acrecientan d\u00eda a d\u00eda,\u00a0Wos\u00a0anunci\u00f3 este mi\u00e9rcoles las fechas de &#8230;  <\/p>\n","protected":false},"author":1,"featured_media":21864,"comment_status":"closed","ping_status":"closed","sticky":false,"template":"","format":"standard","meta":[],"categories":[20],"tags":[],"_links":{"self":[{"href":"https:\/\/latecordoba.com\/index.php\/wp-json\/wp\/v2\/posts\/21863"}],"collection":[{"href":"https:\/\/latecordoba.com\/index.php\/wp-json\/wp\/v2\/posts"}],"about":[{"href":"https:\/\/latecordoba.com\/index.php\/wp-json\/wp\/v2\/types\/post"}],"author":[{"embeddable":true,"href":"https:\/\/latecordoba.com\/index.php\/wp-json\/wp\/v2\/users\/1"}],"replies":[{"embeddable":true,"href":"https:\/\/latecordoba.com\/index.php\/wp-json\/wp\/v2\/comments?post=21863"}],"version-history":[{"count":0,"href":"https:\/\/latecordoba.com\/index.php\/wp-json\/wp\/v2\/posts\/21863\/revisions"}],"wp:featuredmedia":[{"embeddable":true,"href":"https:\/\/latecordoba.com\/index.php\/wp-json\/wp\/v2\/media\/21864"}],"wp:attachment":[{"href":"https:\/\/latecordoba.com\/index.php\/wp-json\/wp\/v2\/media?parent=21863"}],"wp:term":[{"taxonomy":"category","embeddable":true,"href":"https:\/\/latecordoba.com\/index.php\/wp-json\/wp\/v2\/categories?post=21863"},{"taxonomy":"post_tag","embeddable":true,"href":"https:\/\/latecordoba.com\/index.php\/wp-json\/wp\/v2\/tags?post=21863"}],"curies":[{"name":"wp","href":"https:\/\/api.w.org\/{rel}","templated":true}]}}