{"id":21827,"date":"2024-04-04T23:02:00","date_gmt":"2024-04-04T23:02:00","guid":{"rendered":"https:\/\/www.iprofesional.com\/politica\/403333-jubilaciones-gobierno-y-oposicion-ya-pulsean-por-suba-mayor-con-la-nueva-formula"},"modified":"2024-04-04T23:02:00","modified_gmt":"2024-04-04T23:02:00","slug":"el-gobierno-defiende-la-nueva-formula-de-movilidad-jubilatoria-e-intenta-resistir-la-presion-del-congreso-con-apoyo-del-fmi","status":"publish","type":"post","link":"https:\/\/latecordoba.com\/index.php\/2024\/04\/04\/el-gobierno-defiende-la-nueva-formula-de-movilidad-jubilatoria-e-intenta-resistir-la-presion-del-congreso-con-apoyo-del-fmi\/","title":{"rendered":"El Gobierno defiende la nueva f\u00f3rmula de movilidad jubilatoria e intenta resistir la presi\u00f3n del Congreso, con apoyo del FMI"},"content":{"rendered":"\n<div class=\"media_block\"><img decoding=\"async\" src=\"http:\/\/latecordoba.com\/wp-content\/uploads\/2024\/04\/el-gobierno-defiende-la-nueva-formula-de-movilidad-jubilatoria-e-intenta-resistir-la-presion-del-congreso-con-apoyo-del-fmi.jpg\"><\/div>\n<p>Tras el <a href=\"https:\/\/www.iprofesional.com\/impuestos\/402763-jubilaciones-ajuste-por-inflacion-desde-julio-y-anticipos\" target=\"_blank\" rel=\"noopener noreferrer\">decreto que cambi\u00f3 la f\u00f3rmula de <strong>movilidad para las jubilaciones<\/strong><\/a>, el <strong>Gobierno intenta contener en el Congreso el avance de la oposici\u00f3n hacia un proyecto consensuado que establezca una compensaci\u00f3n mayor para el &#8220;empalme&#8221;<\/strong> con el c\u00e1lculo anterior, para lo cual apela a los oficios de un aliado clave en la C\u00e1mara de Diputados pero tambi\u00e9n a un renovado apoyo del FMI.\n<\/p>\n<p>Si bien en los bloques de la oposici\u00f3n dialoguista como Hacemos Coalici\u00f3n Federal y la UCR est\u00e1n a favor de que el nuevo c\u00e1lculo contemple que los aumentos mensuales tomen el \u00edndice de precios (IPC), cuestionan el &#8220;empalme&#8221; con la f\u00f3rmula anterior y el<strong> pago extra de un 12,5% que no compensa la ifnlaci\u00f3n de enero, de 20,6%.<\/strong>\n<\/p>\n<p>Estas cr\u00edticas se escucharon en la Comisi\u00f3n de Previsi\u00f3n Social de la C\u00e1mara de Diputados a la que <a href=\"https:\/\/www.iprofesional.com\/politica\/403137-jubilaciones-la-oposicion-cita-a-la-anses-y-presiona-por-aumento-mayor\" target=\"_blank\" rel=\"noopener noreferrer\">fue invitado este jueves el titular de la ANSES,<strong> Mariano de los Heros<\/strong><\/a>, cuya asistencia se mantuvo en suspenso y se termin\u00f3 de confirmar sobre la marcha. El funcionario <strong>fue enviado por el Ejecutivo a defender la f\u00f3rmula que se estableci\u00f3 por decreto<\/strong>.\n<\/p>\n<p>La decisi\u00f3n del gobierno de Javier Milei de enviar a De los Heros <span>tiene que ver con enfriar el plan de los diputados de la oposici\u00f3n dialoguista de consensuar en la comisi\u00f3n un proyecto de ley que obligue a la Anses a pagar una compensaci\u00f3n del 20% adicional, a contramano del decreto.<\/span>\n<\/p>\n<p>El acuerdo no estar\u00eda lejos, seg\u00fan supo iProfesional de fuentes parlamentarias y, por si fuera poco, el <strong>kirchnerismo presiona por su cuenta<\/strong> al resto de la oposici\u00f3n para que <strong>se firme un dictamen la semana pr\u00f3xima.<\/strong>\n<\/p>\n<h2>Jubilaciones: \u00bfc\u00f3mo defiende el Gobierno la nueva f\u00f3rmula ante la presi\u00f3n opositora?<\/h2>\n<p>En ese contexto, De los Heros asisti\u00f3 a la comisi\u00f3n acompa\u00f1ado por Alejandro Chiti, ex titular de la ANSES durante el gobierno de Juntos por el Cambio y actual asesor del Gobierno para<span> defender la nueva f\u00f3rmula con el argumento de que &#8220;la diferencia que ya se est\u00e1 obteniendo es del 63%&#8221; contra el 34,1% que hubiese otorgado el sistema de movilidad anterior.<\/span>\n<\/p>\n<div class=\"imagen\" readability=\"8\"><img decoding=\"async\" loading=\"lazy\" class=\"lazyload\" src=\"http:\/\/latecordoba.com\/wp-content\/uploads\/2024\/04\/el-gobierno-defiende-la-nueva-formula-de-movilidad-jubilatoria-e-intenta-resistir-la-presion-del-congreso-con-apoyo-del-fmi-1.jpg\" alt width=\"1280\" height=\"720\"><\/p>\n<p>El Gobierno envi\u00f3 al titular de la ANSES a defender la nueva f\u00f3rmula en el Congreso ante la insistencia de la oposici\u00f3n con otorgar un 20% de aumento adicional&nbsp;<\/p>\n<\/div>\n<p>Seg\u00fan De los Heros, ese ser\u00eda el resultado de &#8220;los <strong>adelantos que se van a dar durante este per\u00edodo, de abril, mayo y junio<\/strong>, como adelanto a la movilidad que va a entrar en pleno vigor a partir de julio&#8221;. Al respecto, puso de relieve &#8220;el<strong> esfuerzo fiscal que hace el Gobierno<\/strong> al establecer esta nueva movilidad&#8221;.\n<\/p>\n<p>Al momento de las preguntas de los diputados, el radical<strong> Mart\u00edn Tetaz<\/strong> remarc\u00f3 que &#8220;el a\u00f1o pasado hubo 210% de inflaci\u00f3n y las jubilaciones sacaron 110%&#8221;, con lo cual el<strong> Gobierno estar\u00eda &#8220;congelando la diferencia que se gener\u00f3 entre la inflaci\u00f3n y las jubilaciones hacia adelante&#8221;,<\/strong> seg\u00fan afirm\u00f3, antes de preguntarle al funcionario si &#8220;sac\u00f3 la cuenta de cu\u00e1nto tiene que ser la compensaci\u00f3n&#8221; para que los jubilados no pierdan respecto de 2023.\n<\/p>\n<p>El titular de la ANSES insisti\u00f3 entonces en la mejora que representa la nueva f\u00f3rmula decretada por Milei frente a la anterior y remarc\u00f3: &#8220;<strong>Ac\u00e1 no nos estamos ahorrando nada<\/strong>, sino que estamos <strong>poniendo casi 2.000 millones de d\u00f3lares<\/strong> en estos meses para mejorar la situaci\u00f3n de los jubilados&#8221;.\n<\/p>\n<p>Sin embargo, los <span>cuestionamientos por el pago extra del 12,5% y la decisi\u00f3n de dejar afuera la inflaci\u00f3n de enero (la m\u00e1s alta del a\u00f1o) se repitieron y, frente a esas cr\u00edticas, Chiti remarc\u00f3 que &#8220;la movilidad no es para recomponer jubilaciones, sino para mantenerlas&#8221; y que con la f\u00f3rmula los jubilados &#8220;no tienen que ganar, pero tampoco tienen que perder, si hay que recomponer, no se hace con la movilidad, sino recomponiendo el per\u00edodo puntual&#8221;.<\/span>\n<\/p>\n<h2>Un aliado clave para Milei en el Congreso: \u00bfpuede contener el avance de la oposici\u00f3n?&nbsp;<\/h2>\n<p>Pese a la decisi\u00f3n de permitir que De los Heros fuera a la comisi\u00f3n junto a Chiti para dar el debate sobre la f\u00f3rmula jubilatoria, el <strong>oficialismo necesita mucho m\u00e1s que eso<\/strong> para evitar que los bloques de la oposici\u00f3n dialoguista se unifiquen detr\u00e1s de un proyecto que podr\u00eda tambi\u00e9n tener apoyo del kirchnerismo y bloques provinciales distanciados del Gobierno.\n<\/p>\n<p>Con el consenso cerca, uno de los resquicios que intenta aprovechar el Gobierno es que el tema requerir\u00eda de un<strong> pronunciamiento por parte de la Comisi\u00f3n de Presupuesto y Hacienda<\/strong>, que preside<strong> Jos\u00e9 Luis Espert<\/strong>. No por nada el diputado liberal se incorpor\u00f3 a La Libertad Avanza hace pocas semanas y lo anunci\u00f3 junto con el propio Milei.\n<\/p>\n<div class=\"imagen\" readability=\"8\"><img decoding=\"async\" loading=\"lazy\" class=\"lazyload\" src=\"http:\/\/latecordoba.com\/wp-content\/uploads\/2024\/04\/el-gobierno-defiende-la-nueva-formula-de-movilidad-jubilatoria-e-intenta-resistir-la-presion-del-congreso-con-apoyo-del-fmi-2.jpg\" alt width=\"1280\" height=\"720\"><\/p>\n<p>El oficialismo busca evitar que la oposici\u00f3n dialoguista consens\u00fae un proyecto que re\u00fana apoyo de otras bancadas y lo lleve al recinto<\/p>\n<\/div>\n<p>Cerca de Espert confiaron a iProfesional que <span>mantiene un fluido contacto con el Presidente y hoy es un hombre clave para el oficialismo en la C\u00e1mara baja por su rol en esa comisi\u00f3n estrat\u00e9gica.. El diputado ya rechaz\u00f3 semanas atr\u00e1s que Prespuesto y Hacienda se sume al debate que impulsa la oposici\u00f3n sobre la nueva f\u00f3rmula de movilidad, como una forma de evitar una negociaci\u00f3n y una convalidaci\u00f3n del tema por parte del oficialismo.<\/span>\n<\/p>\n<p>El Gobierno apela a que la <strong>Comisi\u00f3n de Presupuesto arrastre los pies<\/strong> en caso de que los diputados de la oposici\u00f3n dialoguista logren el acuerdo que buscan en torno a un texto unificado. Sin embargo, Espert podr\u00eda verse presionado en el recinto si se da ese consenso.\n<\/p>\n<p>Y es que mientras en la UCR y en Hacemos Coalici\u00f3n Federal eval\u00faan pedir una sesi\u00f3n especial para tratar el tema (siempre y cuando logren consensuar un proyecto con mayor\u00eda suficiente) el bloque de<strong> Uni\u00f3n por la Patria <\/strong>empuja la idea no solo de firmar un dictamen la semana pr\u00f3xima, sino de ir al recinto para <strong>&#8220;emplazar a Espert&#8221;, es decir, obligar a que fije fecha y hora para reunirse a la Comisi\u00f3n de Presupuesto.<\/strong>\n<\/p>\n<h2>El apoyo del FMI a la nueva f\u00f3rmula: un arma de doble filo para el Gobierno&nbsp;&nbsp;<\/h2>\n<p>La otra carta que le queda al Gobierno para contener el posible avance de la oposici\u00f3n es el <span>sorpresivo respaldo que le otorg\u00f3 el FMI a trav\u00e9s de la portavoz y ex subdirectora del Departamento del Hemisferio Occidental, Julie Kozack, quien sostuvo el organismo &#8220;da la bienvenida&#8221; al cambio en la f\u00f3rmula jubilatoria que decret\u00f3 Milei.<\/span>\n<\/p>\n<p>En efecto, el organismmo espera una reforma previsional de fondo pero tambi\u00e9n <strong>hab\u00eda alertado semanas atr\u00e1s sobre la necesidad de que el ajuste<\/strong> que llevan adelante Milei y el ministro de Econom\u00eda, Luis Caputo, <strong>no recaiga solo en los beneficiarios de planes sociales y jubilados<\/strong>.&nbsp;Si se gu\u00eda por los argumentos que expusieron los funcionarios del Ejecutivo en el Congreso, <strong>con la nueva f\u00f3rmula estar\u00edan perdiendo menos <\/strong>que con la que dej\u00f3 la administraci\u00f3n anterior de Alberto Fern\u00e1ndez.\n<\/p>\n<div class=\"imagen\" readability=\"8\"><img decoding=\"async\" loading=\"lazy\" class=\"lazyload\" src=\"http:\/\/latecordoba.com\/wp-content\/uploads\/2024\/04\/el-gobierno-defiende-la-nueva-formula-de-movilidad-jubilatoria-e-intenta-resistir-la-presion-del-congreso-con-apoyo-del-fmi-3.jpg\" alt width=\"1280\" height=\"720\"><\/p>\n<p>El FMI salud\u00f3 el cambio de f\u00f3rmula y le dio as\u00ed un inesperado apoyo al Gobierno de Milei en medio de la discusi\u00f3n en Diputados&nbsp;<\/p>\n<\/div>\n<p>Si bien el apoyo del FMI a la decisi\u00f3n de Milei no tiene por qu\u00e9 influir directamente en el Congreso -en especial en la bancada kirchnerista- <strong>simb\u00f3licamente le sirve al Gobierno frente a los bloques de la oposici\u00f3n dialoguista<\/strong> donde hay legisladores que tienen m\u00e1s en cuenta los lineamientos del organismo, por entender la situaci\u00f3n de fragilidad que tiene la Argentina endeuda y, por tanto, condicionada.\n<\/p>\n<p>El <a href=\"https:\/\/www.iprofesional.com\/actualidad\/400371-reves-para-milei-que-le-advirtio-el-fmi-sobre-el-plan-de-dolarizacion\" target=\"_blank\" rel=\"noopener noreferrer\">FMI quiere que el plan de Milei sea sostenible en el tiempo<\/a> y entiende que para ello necesita apoyo pol\u00edtico y reducir al m\u00ednimo los riesgos de un estallido social. Por esa raz\u00f3n, <span>al mismo tiempo que salud\u00f3 el cambio de f\u00f3rmula -un primer paso en la reforma previsional de fondo que pide el organismo- tambi\u00e9n advirti\u00f3 que el Ejecutivo necesitar\u00e1 &#8220;pragmatismo&#8221; para llevar a cabo las reformas.<\/span>\n<\/p>\n<p>Kozack destac\u00f3 que &#8220;el progreso fue impresionante&#8221; en t\u00e9rminos de correcciones fiscales y de recomposici\u00f3n de reservas en el Banco Central pero a la vez pidi\u00f3 &#8220;mejorar la calidad del ajuste&#8221; que lleva a cabo el Gobierno. Este es un<strong> argumento que la oposici\u00f3n dialoguista podr\u00eda tomar a su favor.<\/strong>\n<\/p>\n<p>En el medio de todo esto aparece la nueva <strong>f\u00f3rmula de movilidad jubilatoria <\/strong>que el <strong>Gobierno<\/strong> trata de defender y sostener mientras la oposici\u00f3n busca en la C\u00e1mara de Dipuitados unificarse detr\u00e1s de un proyecto que otorgue una compensaci\u00f3n mayor para los haberes.<\/p>\n","protected":false},"excerpt":{"rendered":"\n<div class=\"media_block\"><img decoding=\"async\" src=\"http:\/\/latecordoba.com\/wp-content\/uploads\/2024\/04\/el-gobierno-defiende-la-nueva-formula-de-movilidad-jubilatoria-e-intenta-resistir-la-presion-del-congreso-con-apoyo-del-fmi.jpg\"><\/div>\n<p> El titular de ANSES defendi\u00f3 el nuevo esquema en Diputados, donde la oposici\u00f3n busca un acuerdo a contramano del decreto. La postura del Fondo <iframe width=\"0\" height=\"0\" border=\"0\"> <script> (function(i,s,o,g,r,a,m){i['GoogleAnalyticsObject']=r;i[r]=i[r]||function(){ (i[r].q=i[r].q||[]).push(arguments)},i[r].l=1*new Date();a=s.createElement(o), m=s.getElementsByTagName(o)[0];a.async=1;a.src=g;m.parentNode.insertBefore(a,m) })(window,document,'script','https:\/\/www.google-analytics.com\/analytics.js','ga'); ga('create', 'GTM-5LW5KQD', 'auto'); ga('require', 'displayfeatures'); ga('set', 'campaignSource', 'RSS Client for iProfesional'); ga('set', 'campaignMedium', 'RSS Client for iProfesional'); ga('set', {\"dataSource\": \"rss.atom.iprofesional.com\"}); ga('set', {\"referrer\": \"rss.atom.iprofesional.com\"}); ga('set', 'title', 'RSS Client for iProfesional'); ga('send', 'pageview'); <\/script> <!-- Begin comScore Tag --> <script> var _comscore = _comscore || []; _comscore.push({ c1: \"2\", c2: \"16597048\" }); (function() { var s = document.createElement(\"script\"), el = document.getElementsByTagName(\"script\")[0]; s.async = true; s.src = \"https:\/\/sb.scorecardresearch.com\/cs\/16597048\/beacon.js\"; el.parentNode.insertBefore(s, el); })(); <\/script> <noscript> <img decoding=\"async\" src=\"http:\/\/latecordoba.com\/wp-content\/uploads\/2024\/04\/el-gobierno-defiende-la-nueva-formula-de-movilidad-jubilatoria-e-intenta-resistir-la-presion-del-congreso-con-apoyo-del-fmi.gif\"> <\/noscript> <!-- End comScore Tag --> <\/iframe> <iframe border=\"0px\" style=\"display: none\" width=0 height=0 src=\"https:\/\/www.iprofesional.com\/ga4.html?gtag_id=G-N13KWJP8BK&amp;title=El Gobierno defiende la nueva f\u00f3rmula de movilidad jubilatoria e intenta resistir la presi\u00f3n del Congreso, con apoyo del FMI&amp;location=https:\/\/www.iprofesional.com\/politica\/403333-jubilaciones-gobierno-y-oposicion-ya-pulsean-por-suba-mayor-con-la-nueva-formula&amp;referrer=rss.atom.iprofesional.com&amp;ci=RSS Client for iProfesional&amp;cs=RSS Client for iProfesional&amp;cm=RSS&amp;cn=RSS Client for iProfesional&amp;cc=RSS Client for iProfesional\"><\/iframe>  <\/p>\n","protected":false},"author":1,"featured_media":21828,"comment_status":"closed","ping_status":"closed","sticky":false,"template":"","format":"standard","meta":[],"categories":[18],"tags":[],"_links":{"self":[{"href":"https:\/\/latecordoba.com\/index.php\/wp-json\/wp\/v2\/posts\/21827"}],"collection":[{"href":"https:\/\/latecordoba.com\/index.php\/wp-json\/wp\/v2\/posts"}],"about":[{"href":"https:\/\/latecordoba.com\/index.php\/wp-json\/wp\/v2\/types\/post"}],"author":[{"embeddable":true,"href":"https:\/\/latecordoba.com\/index.php\/wp-json\/wp\/v2\/users\/1"}],"replies":[{"embeddable":true,"href":"https:\/\/latecordoba.com\/index.php\/wp-json\/wp\/v2\/comments?post=21827"}],"version-history":[{"count":0,"href":"https:\/\/latecordoba.com\/index.php\/wp-json\/wp\/v2\/posts\/21827\/revisions"}],"wp:featuredmedia":[{"embeddable":true,"href":"https:\/\/latecordoba.com\/index.php\/wp-json\/wp\/v2\/media\/21828"}],"wp:attachment":[{"href":"https:\/\/latecordoba.com\/index.php\/wp-json\/wp\/v2\/media?parent=21827"}],"wp:term":[{"taxonomy":"category","embeddable":true,"href":"https:\/\/latecordoba.com\/index.php\/wp-json\/wp\/v2\/categories?post=21827"},{"taxonomy":"post_tag","embeddable":true,"href":"https:\/\/latecordoba.com\/index.php\/wp-json\/wp\/v2\/tags?post=21827"}],"curies":[{"name":"wp","href":"https:\/\/api.w.org\/{rel}","templated":true}]}}