{"id":21821,"date":"2024-04-03T12:32:43","date_gmt":"2024-04-03T12:32:43","guid":{"rendered":"https:\/\/www.radiourbanasf.com.ar\/?p=18713"},"modified":"2024-04-03T12:32:43","modified_gmt":"2024-04-03T12:32:43","slug":"jovenes-pordioseros-estara-de-gira-por-todo-el-pais","status":"publish","type":"post","link":"https:\/\/latecordoba.com\/index.php\/2024\/04\/03\/jovenes-pordioseros-estara-de-gira-por-todo-el-pais\/","title":{"rendered":"J\u00f3venes Pordioseros estar\u00e1 de gira por todo el pa\u00eds"},"content":{"rendered":"\n<div><img decoding=\"async\" src=\"http:\/\/latecordoba.com\/wp-content\/uploads\/2024\/04\/jovenes-pordioseros-estara-de-gira-por-todo-el-pais.jpg\" class=\"ff-og-image-inserted\"><\/div>\n<p><!-- .share-post --> <!-- WhatsApp Share Button for WordPress: http:\/\/peadig.com\/wordpress-plugins\/whatsapp-share-button\/ --><\/p>\n<h2>Tras agotar las entradas para el viernes 19 de abril, la banda agrega una funci\u00f3n para el viernes 24 de mayo en The Roxy Live, en el marco de la celebraci\u00f3n de \u201cVicio\u201d y \u201cP\u00e1nico\u201d<\/h2>\n<p>La banda argentina<a href=\"https:\/\/www.cmtv.com.ar\/buscador\/save.php?bnid=150&amp;banda=Jovenes_Pordioseros\"><b>&nbsp;J\u00f3venes Pordioseros<\/b><\/a>&nbsp;se presenta en The Roxy Live el viernes 19 de abril&nbsp; y agrega una nueva funci\u00f3n para el viernes 24 de mayo con el fin de celebrar los 20 a\u00f1os del disco \u201c<a href=\"https:\/\/www.cmtv.com.ar\/discos_letras\/show.php?bnid=150&amp;banda=Jovenes_Pordioseros&amp;DS_DS=1406&amp;disco=VICIO\"><b>Vicio<\/b><\/a>\u201d (2004) y los 10 a\u00f1os de \u201c<a href=\"https:\/\/www.cmtv.com.ar\/discos_letras\/show.php?bnid=150&amp;banda=Jovenes_Pordioseros&amp;DS_DS=10357&amp;disco=PANICO\"><b>P\u00e1nico<\/b><\/a>\u201d (2014).<\/p>\n<p>El show comprender\u00e1 una lista con \u00fanicamente todos los temas de ambos \u00e1lbumes claves en la carrera de la banda. \u201c<a href=\"https:\/\/www.cmtv.com.ar\/discos_letras\/letra.php?bnid=150&amp;banda=Jovenes_Pordioseros&amp;DS_DS=1406&amp;tmid=8083&amp;tema=DESCONTROLADO\">Descontrolado<\/a>\u201d, \u201c<a href=\"https:\/\/www.cmtv.com.ar\/discos_letras\/letra.php?bnid=150&amp;banda=Jovenes_Pordioseros&amp;DS_DS=1406&amp;tmid=8087&amp;tema=NUNCA_ME_ENSE%26Ntilde;ASTE\">Nunca me ense\u00f1aste<\/a>\u201d, \u201c<a href=\"https:\/\/www.cmtv.com.ar\/discos_letras\/letra.php?bnid=150&amp;banda=Jovenes_Pordioseros&amp;DS_DS=10357&amp;tmid=128331&amp;tema=PANICO\">P\u00e1nico<\/a>\u201d, \u201c<a href=\"https:\/\/www.cmtv.com.ar\/discos_letras\/letra.php?bnid=150&amp;banda=Jovenes_Pordioseros&amp;DS_DS=10357&amp;tmid=128332&amp;tema=LOBO\">Lobo<\/a>\u201d, son algunas de las canciones que sonar\u00e1n esa noche con m\u00fasicos invitados, un show de la banda liderada por Toti Iglesias denominado \u201cFiesta Pordiosera\u201d.<\/p>\n<p>Las entradas para esta nueva funci\u00f3n del 24 de mayo se pueden conseguir a trav\u00e9s de Sistema Al Access.<\/p>\n<p>La banda adem\u00e1s de realizar estas presentaciones en Capital Federal llevar\u00e1 este show a todo el pa\u00eds teniendo ya confirmadas para la primera parte de la gira las ciudades de San Salvador de Jujuy, Salta, C\u00f3rdoba, Neuqu\u00e9n, Bah\u00eda Blanca incluyendo Montevideo, Uruguay para principios del mes de Julio.<\/p>\n<p> <!-- WhatsApp Share Button for WordPress: http:\/\/peadig.com\/wordpress-plugins\/whatsapp-share-button\/ -->  <\/p>\n","protected":false},"excerpt":{"rendered":"\n<div style=\"float:right;margin:0 0 20px 20px;\"><img decoding=\"async\" width=\"150\" height=\"150\" src=\"http:\/\/latecordoba.com\/wp-content\/uploads\/2024\/04\/jovenes-pordioseros-estara-de-gira-por-todo-el-pais-1.jpg\" class=\"attachment-thumbnail size-thumbnail wp-post-image\" alt=\"\" loading=\"lazy\" \/><\/div>\n<p>Tras agotar las entradas para el viernes 19 de abril, la banda agrega una funci\u00f3n para el viernes 24 de mayo en The Roxy Live, en el marco de la celebraci\u00f3n de &#8220;Vicio&#8221; y &#8220;P\u00e1nico&#8221; La banda argentina\u00a0J\u00f3venes Pordioseros\u00a0se presenta en The Roxy Live el viernes 19 de abril\u00a0 y agrega una nueva funci\u00f3n para &#8230;  <\/p>\n","protected":false},"author":1,"featured_media":21822,"comment_status":"closed","ping_status":"closed","sticky":false,"template":"","format":"standard","meta":[],"categories":[20],"tags":[],"_links":{"self":[{"href":"https:\/\/latecordoba.com\/index.php\/wp-json\/wp\/v2\/posts\/21821"}],"collection":[{"href":"https:\/\/latecordoba.com\/index.php\/wp-json\/wp\/v2\/posts"}],"about":[{"href":"https:\/\/latecordoba.com\/index.php\/wp-json\/wp\/v2\/types\/post"}],"author":[{"embeddable":true,"href":"https:\/\/latecordoba.com\/index.php\/wp-json\/wp\/v2\/users\/1"}],"replies":[{"embeddable":true,"href":"https:\/\/latecordoba.com\/index.php\/wp-json\/wp\/v2\/comments?post=21821"}],"version-history":[{"count":0,"href":"https:\/\/latecordoba.com\/index.php\/wp-json\/wp\/v2\/posts\/21821\/revisions"}],"wp:featuredmedia":[{"embeddable":true,"href":"https:\/\/latecordoba.com\/index.php\/wp-json\/wp\/v2\/media\/21822"}],"wp:attachment":[{"href":"https:\/\/latecordoba.com\/index.php\/wp-json\/wp\/v2\/media?parent=21821"}],"wp:term":[{"taxonomy":"category","embeddable":true,"href":"https:\/\/latecordoba.com\/index.php\/wp-json\/wp\/v2\/categories?post=21821"},{"taxonomy":"post_tag","embeddable":true,"href":"https:\/\/latecordoba.com\/index.php\/wp-json\/wp\/v2\/tags?post=21821"}],"curies":[{"name":"wp","href":"https:\/\/api.w.org\/{rel}","templated":true}]}}