{"id":21817,"date":"2024-04-04T12:09:00","date_gmt":"2024-04-04T12:09:00","guid":{"rendered":"https:\/\/www.puntal.com.ar\/cine\/los-estrenos-el-favio-n214549"},"modified":"2024-04-04T12:09:00","modified_gmt":"2024-04-04T12:09:00","slug":"los-estrenos-en-el-favio","status":"publish","type":"post","link":"https:\/\/latecordoba.com\/index.php\/2024\/04\/04\/los-estrenos-en-el-favio\/","title":{"rendered":"Los estrenos en el Favio"},"content":{"rendered":"\n<div><img decoding=\"async\" src=\"http:\/\/latecordoba.com\/wp-content\/uploads\/2024\/04\/los-estrenos-en-el-favio.jpg\" class=\"ff-og-image-inserted\"><\/div>\n<p> <strong>Eureka<\/strong><\/p>\n<p>Dirigida por Lisandro Alonso y protagonizada por Viggo Mortensen y Chiara Mastroianni.<\/p>\n<p>Un viaje en el tiempo y el espacio, entre 1870 y el 2019, entre los Estados Unidos, M\u00e9xico y la selva del Amazonas, para descubrir la cultura amerindia. Para unir las diferentes \u00e9pocas y los continentes, el relato est\u00e1 a cargo de Eureka, una mujer convertida en p\u00e1jaro migratorio. Proyecci\u00f3n: 17.30hs.<\/p>\n<div contenteditable=\"false\" class=\"embed_cont type_freetext\" rel=\"freetext\" id=\"embed776_wrap\" data-provider=\"YouTube\" readability=\"32\">\n<p>Embed &#8211; Eureka | Trailer | NYFF61<span onclick=\"parent.parent.TinyMCETdcuerpo.preview_embed('embed776')\" class=\"embed_colapse less\" id=\"embed776_colapse\"><\/span><span onclick=\"parent.parent.TinyMCETdcuerpo.delete_embed('embed776')\" class=\"embed_delete less\" id=\"embed776_delete\"><\/span><\/p>\n<div id=\"embed776_content\" class=\"embed_content\">\n<p> <iframe loading=\"lazy\" width=\"200\" height=\"113\" src=\"https:\/\/www.youtube.com\/embed\/GlQynrCZidg?feature=oembed\" frameborder=\"0\" allow=\"accelerometer; autoplay; clipboard-write; encrypted-media; gyroscope; picture-in-picture; web-share\" referrerpolicy=\"strict-origin-when-cross-origin\" allowfullscreen title=\"Eureka | Trailer | NYFF61\">[embedded content]<\/iframe><\/p>\n<\/p><\/div>\n<\/p><\/div>\n<p><strong> Tras un manto de neblinas <\/strong><\/p>\n<p>De Diego Julio Ludue\u00f1a y Glenda Mackinson (en el marco de la Semana dedicada a Malvinas, \u00fanica funci\u00f3n). Estreno especial.<\/p>\n<p>Tras un manto de neblinas cuenta en primera persona lo vivido durante la Guerra de Malvinas por siete ex combatientes que en su infancia y adolescencia compartieron la vida en un pueblo del interior de C\u00f3rdoba. La colimba, el desembarco, la espera, el fr\u00edo, el hambre, el miedo, las batallas y la vuelta al pueblo. \u201cYo quiero que conozcan mi guerra\u201d, dice Jorge mientras se saca la boina en se\u00f1al de respeto hacia aquellos que dejaron la vida en Malvinas. Hoy, a m\u00e1s de 40 a\u00f1os de la guerra, cuentan c\u00f3mo fueron aquellos 74 d\u00edas que marcaron sus vidas para siempre. Proyecci\u00f3n: 19hs.<\/p>\n<div contenteditable=\"false\" class=\"embed_cont type_freetext\" rel=\"freetext\" id=\"embed1181_wrap\" data-provider=\"YouTube\" readability=\"32\">\n<p>Embed &#8211; TRAS UN MANTO DE NEBLINAS &#8211; ADELANTO-<span onclick=\"parent.parent.TinyMCETdcuerpo.preview_embed('embed1181')\" class=\"embed_colapse less\" id=\"embed1181_colapse\"><\/span><span onclick=\"parent.parent.TinyMCETdcuerpo.delete_embed('embed1181')\" class=\"embed_delete less\" id=\"embed1181_delete\"><\/span><\/p>\n<div id=\"embed1181_content\" class=\"embed_content\">\n<p> <iframe loading=\"lazy\" width=\"200\" height=\"113\" src=\"https:\/\/www.youtube.com\/embed\/9DLdbt3T1Vg?feature=oembed\" frameborder=\"0\" allow=\"accelerometer; autoplay; clipboard-write; encrypted-media; gyroscope; picture-in-picture; web-share\" referrerpolicy=\"strict-origin-when-cross-origin\" allowfullscreen title=\"TRAS UN MANTO DE NEBLINAS - ADELANTO-\">[embedded content]<\/iframe><\/p>\n<\/p><\/div>\n<\/p><\/div>\n<p><strong> D\u00edas perfectos<\/strong><\/p>\n<p>Dirigida por Win Wenders, con las actuaciones de Koji Yakusho, Tokio Emoto y Arisa Nakano.<\/p>\n<p>Hirayama trabaja en el mantenimiento de los ba\u00f1os p\u00fablicos de Tokio y parece contento con una vida sencilla. Fuera de su rutina, entrega su pasi\u00f3n por la m\u00fasica y los libros. Una serie de encuentros inesperados revelan poco a poco su pasado.<\/p>\n<p>Proyecci\u00f3n: 20.30hs.<\/p>\n<div contenteditable=\"false\" class=\"embed_cont type_freetext\" rel=\"freetext\" id=\"embed2804_wrap\" data-provider=\"YouTube\" readability=\"32\">\n<p>Embed &#8211; DIAS PERFECTOS (trailer HD subtitulado)<span onclick=\"parent.parent.TinyMCETdcuerpo.preview_embed('embed2804')\" class=\"embed_colapse less\" id=\"embed2804_colapse\"><\/span><span onclick=\"parent.parent.TinyMCETdcuerpo.delete_embed('embed2804')\" class=\"embed_delete less\" id=\"embed2804_delete\"><\/span><\/p>\n<div id=\"embed2804_content\" class=\"embed_content\">\n<p> <iframe loading=\"lazy\" width=\"200\" height=\"113\" src=\"https:\/\/www.youtube.com\/embed\/MkH8nvwtGtI?feature=oembed\" frameborder=\"0\" allow=\"accelerometer; autoplay; clipboard-write; encrypted-media; gyroscope; picture-in-picture; web-share\" referrerpolicy=\"strict-origin-when-cross-origin\" allowfullscreen title=\"DIAS PERFECTOS (trailer HD subtitulado)\">[embedded content]<\/iframe><\/p>\n<\/p><\/div>\n<\/p><\/div>\n<p><strong> Programaci\u00f3n<\/strong><\/p>\n<p><strong> Jueves 4<\/strong><\/p>\n<p>17:30hs: Eureka<\/p>\n<p>19hs. Estreno especial. Tras un manto de neblinas, de Diego Julio Ludue\u00f1a y Glenda Mackinson (Argentina\/2023)<\/p>\n<p>20:30hs: D\u00edas perfectos<\/p>\n<p><strong>Viernes 5<\/strong><\/p>\n<p>19hs: D\u00edas perfectos<\/p>\n<p><strong>S\u00e1bado 6<\/strong><\/p>\n<p>18hs: D\u00edas perfectos<\/p>\n<p>20:30hs: Eureka<\/p>\n<p><strong>Lunes 8<\/strong><\/p>\n<p>18hs: Eureka<\/p>\n<p>20hs: Cine de cabecera. Velvet Goldmine, de Todd Haynes (Estados Unidos-Reino Unido\/1998)<\/p>\n<p>21hs: D\u00edas perfectos<\/p>\n<p><strong>Martes 9<\/strong><\/p>\n<p>18hs: D\u00edas perfectos<\/p>\n<p>20hs: Cine por la Diversidad. Capitanes de Abril, Mar\u00eda de Medeiros (Portugal\/2000)<\/p>\n<p>20:30hs: Eureka<\/p>\n<p><strong>Mi\u00e9rcoles 10<\/strong><\/p>\n<p>18hs: D\u00edas perfectos<\/p>\n<p>20:30hs: Eureka<\/p>\n<p><strong>SEMANA 2<\/strong><\/p>\n<p>Estrenos<\/p>\n<p>D\u00edas perfectos, de Win Wenders (Jap\u00f3n\/2024), 124 min. (ATP)<\/p>\n<p>La terminal, de Gustavo Font\u00e1n (Argentina\/2024), 60 min. (ATP)<\/p>\n<p><strong>Jueves 11<\/strong><\/p>\n<p>17hs: D\u00edas perfectos<\/p>\n<p>19:30hs: La terminal<\/p>\n<p>21hs: D\u00edas perfectos<\/p>\n<p><strong>Viernes 12<\/strong><\/p>\n<p>19hs: D\u00edas perfectos<\/p>\n<p>21hs: La terminal (CON LA PRESENCIA DEL DIRECTOR DE FOTOGRAF\u00cdA)<\/p>\n<p><strong>S\u00e1bado 13<\/strong><\/p>\n<p>17:30hs: D\u00edas perfectos<\/p>\n<p>19:45hs: La terminal<\/p>\n<p>21hs: D\u00edas perfectos<\/p>\n<p><strong>Lunes 15<\/strong><\/p>\n<p>18:30hs: D\u00edas perfectos<\/p>\n<p>20hs: Cine de cabecera. Alta fidelidad, de Stephen Frears (Estados Unidos\/2000)<\/p>\n<p>21hs: La terminal<\/p>\n<p><strong>Martes 16<\/strong><\/p>\n<p>17:30hs: D\u00edas perfectos<\/p>\n<p>19:45hs: La terminal<\/p>\n<p>20hs: Cine por la Diversidad. Otro pa\u00eds, Fernando Sergio Tr\u00e9faut (Portugal\/1999)<\/p>\n<p>21hs: D\u00edas perfectos<\/p>\n<p><strong>Mi\u00e9rcoles 17<\/strong><\/p>\n<p>18:30hs: D\u00edas perfectos<\/p>\n<p>21hs: La terminal<\/p>\n<p><strong>SEMANA 3<\/strong><\/p>\n<p>Estrenos<\/p>\n<p>D\u00edas perfectos, de Win Wenders (Jap\u00f3n\/2024), 124 min. (ATP)<\/p>\n<p>No esperes demasiado del fin del mundo, de Radu Jude (Rumania\/2024), 164 min. (SAM13)<\/p>\n<p><strong>Viernes 19<\/strong><\/p>\n<p>19hs: D\u00edas perfectos<\/p>\n<p><strong>S\u00e1bado 20<\/strong><\/p>\n<p>17:30hs: D\u00edas perfectos<\/p>\n<p>20hs: No esperes demasiado del fin del mundo<\/p>\n<p><strong>Lunes 22<\/strong><\/p>\n<p>17:30hs: No esperes demasiado del fin del mundo<\/p>\n<p>20hs: Cine de cabecera. This Is Spinal Tap, de Rob Reiner (Estados Unidos\/1984)<\/p>\n<p>21hs: D\u00edas perfectos<\/p>\n<p><strong>Martes 23<\/strong><\/p>\n<p>17:30hs: D\u00edas perfectos<\/p>\n<p>20hs: Cine por la Diversidad. Al Berto, Vicente Albes (Portugal\/2017), 109 min. (SAM18)<\/p>\n<p>20hs: No esperes demasiado del fin del mundo<\/p>\n<p><strong>Mi\u00e9rcoles 24<\/strong><\/p>\n<p>17:30hs: No esperes demasiado del fin del mundo<\/p>\n<p>21hs: D\u00edas perfectos<\/p>\n<p><strong>SEMANA 4<\/strong><\/p>\n<p>Estrenos<\/p>\n<p>D\u00edas perfectos, de Win Wenders (Jap\u00f3n\/2024), 124 min. (ATP)<\/p>\n<p>No esperes demasiado del fin del mundo, de Radu Jude (Rumania\/2024), 164 min. (SAM13)<\/p>\n<p><strong>Jueves 25<\/strong><\/p>\n<p>17:30hs: D\u00edas perfectos<\/p>\n<p>20hs: No esperes demasiado del fin del mundo<\/p>\n<p><strong>Viernes 26<\/strong><\/p>\n<p>19hs: D\u00edas perfectos<\/p>\n<p><strong>S\u00e1bado 27<\/strong><\/p>\n<p>17:30hs: No esperes demasiado del fin del mundo<\/p>\n<p>21hs: D\u00edas perfectos<\/p>\n<p><strong>Lunes 29<\/strong><\/p>\n<p>17:30hs: D\u00edas perfectos<\/p>\n<p>20hs: Cine de cabecera. Casi famosos, de Cameron Crowe (Estados Unidos\/2000)<\/p>\n<p>20hs: No esperes demasiado del fin del mundo<\/p>\n<p><strong>Martes 30<\/strong><\/p>\n<p>17:30hs: No esperes demasiado del fin del mundo<\/p>\n<p>20hs: Cine por la Diversidad. As armas e o povo, de Manuel Costa e Silva (Portugal, 1975)<\/p>\n<p>21hs: D\u00edas perfectos<\/p>\n","protected":false},"excerpt":{"rendered":"\n<p>Hoy se proyectan en la sala provincial Eureka, Tras un manto de neblinas y D\u00edas perfectos<\/p>\n","protected":false},"author":1,"featured_media":21818,"comment_status":"closed","ping_status":"closed","sticky":false,"template":"","format":"standard","meta":[],"categories":[14],"tags":[],"_links":{"self":[{"href":"https:\/\/latecordoba.com\/index.php\/wp-json\/wp\/v2\/posts\/21817"}],"collection":[{"href":"https:\/\/latecordoba.com\/index.php\/wp-json\/wp\/v2\/posts"}],"about":[{"href":"https:\/\/latecordoba.com\/index.php\/wp-json\/wp\/v2\/types\/post"}],"author":[{"embeddable":true,"href":"https:\/\/latecordoba.com\/index.php\/wp-json\/wp\/v2\/users\/1"}],"replies":[{"embeddable":true,"href":"https:\/\/latecordoba.com\/index.php\/wp-json\/wp\/v2\/comments?post=21817"}],"version-history":[{"count":0,"href":"https:\/\/latecordoba.com\/index.php\/wp-json\/wp\/v2\/posts\/21817\/revisions"}],"wp:featuredmedia":[{"embeddable":true,"href":"https:\/\/latecordoba.com\/index.php\/wp-json\/wp\/v2\/media\/21818"}],"wp:attachment":[{"href":"https:\/\/latecordoba.com\/index.php\/wp-json\/wp\/v2\/media?parent=21817"}],"wp:term":[{"taxonomy":"category","embeddable":true,"href":"https:\/\/latecordoba.com\/index.php\/wp-json\/wp\/v2\/categories?post=21817"},{"taxonomy":"post_tag","embeddable":true,"href":"https:\/\/latecordoba.com\/index.php\/wp-json\/wp\/v2\/tags?post=21817"}],"curies":[{"name":"wp","href":"https:\/\/api.w.org\/{rel}","templated":true}]}}