{"id":21815,"date":"2024-04-04T12:14:00","date_gmt":"2024-04-04T12:14:00","guid":{"rendered":"https:\/\/www.puntal.com.ar\/cines-del-paseo\/la-primera-profecia-llega-cines-del-paseo-n214550"},"modified":"2024-04-04T12:14:00","modified_gmt":"2024-04-04T12:14:00","slug":"la-primera-profecia-llega-a-cines-del-paseo","status":"publish","type":"post","link":"https:\/\/latecordoba.com\/index.php\/2024\/04\/04\/la-primera-profecia-llega-a-cines-del-paseo\/","title":{"rendered":"La primera profec\u00eda llega a Cines del Paseo"},"content":{"rendered":"\n<div><img decoding=\"async\" src=\"http:\/\/latecordoba.com\/wp-content\/uploads\/2024\/04\/la-primera-profecia-llega-a-cines-del-paseo.jpg\" class=\"ff-og-image-inserted\"><\/div>\n<div class=\"cuerpo\" data-twitter-link readability=\"17\">\n<p> Se trata de la precuela de la exitosa cinta de 1976: La profec\u00eda. La trama explora los eventos previos al nacimiento de Damian.<\/p>\n<div contenteditable=\"false\" class=\"embed_cont type_freetext\" rel=\"freetext\" id=\"embed200_wrap\" data-provider=\"YouTube\" readability=\"32\">\n<p>Embed &#8211; La Primera Profec\u00eda | Tr\u00e1iler Oficial | Subtitulado<span onclick=\"parent.parent.TinyMCETdcuerpo.preview_embed('embed200')\" class=\"embed_colapse less\" id=\"embed200_colapse\"><\/span><span onclick=\"parent.parent.TinyMCETdcuerpo.delete_embed('embed200')\" class=\"embed_delete less\" id=\"embed200_delete\"><\/span><\/p>\n<div id=\"embed200_content\" class=\"embed_content\">\n<p> <iframe loading=\"lazy\" width=\"200\" height=\"113\" src=\"https:\/\/www.youtube.com\/embed\/61rrDlVwvx4?feature=oembed\" frameborder=\"0\" allow=\"accelerometer; autoplay; clipboard-write; encrypted-media; gyroscope; picture-in-picture; web-share\" referrerpolicy=\"strict-origin-when-cross-origin\" allowfullscreen title=\"La Primera Profec\u00eda | Tr\u00e1iler Oficial | Subtitulado\">[embedded content]<\/iframe><\/p>\n<\/p><\/div>\n<\/p><\/div>\n<p>Sinopsis: Tras hacer sus votos como monja, una joven estadounidense es enviada a Roma para comenzar su vida como religiosa al servicio a la Iglesia. Sin embargo, una vez all\u00ed se encuentra de frente con las tinieblas, lo que har\u00e1 tambalear su propia fe y descubrir\u00e1 una conspiraci\u00f3n maligna que espera provocar la venida al mundo del mism\u00edsimo hijo de Satan\u00e1s.<\/p>\n<\/div>\n","protected":false},"excerpt":{"rendered":"\n<p>La precuela de la exitosa pel\u00edcula de 1976, se podr\u00e1 ver desde hoy en la ciudad<\/p>\n","protected":false},"author":1,"featured_media":21816,"comment_status":"closed","ping_status":"closed","sticky":false,"template":"","format":"standard","meta":[],"categories":[14],"tags":[],"_links":{"self":[{"href":"https:\/\/latecordoba.com\/index.php\/wp-json\/wp\/v2\/posts\/21815"}],"collection":[{"href":"https:\/\/latecordoba.com\/index.php\/wp-json\/wp\/v2\/posts"}],"about":[{"href":"https:\/\/latecordoba.com\/index.php\/wp-json\/wp\/v2\/types\/post"}],"author":[{"embeddable":true,"href":"https:\/\/latecordoba.com\/index.php\/wp-json\/wp\/v2\/users\/1"}],"replies":[{"embeddable":true,"href":"https:\/\/latecordoba.com\/index.php\/wp-json\/wp\/v2\/comments?post=21815"}],"version-history":[{"count":0,"href":"https:\/\/latecordoba.com\/index.php\/wp-json\/wp\/v2\/posts\/21815\/revisions"}],"wp:featuredmedia":[{"embeddable":true,"href":"https:\/\/latecordoba.com\/index.php\/wp-json\/wp\/v2\/media\/21816"}],"wp:attachment":[{"href":"https:\/\/latecordoba.com\/index.php\/wp-json\/wp\/v2\/media?parent=21815"}],"wp:term":[{"taxonomy":"category","embeddable":true,"href":"https:\/\/latecordoba.com\/index.php\/wp-json\/wp\/v2\/categories?post=21815"},{"taxonomy":"post_tag","embeddable":true,"href":"https:\/\/latecordoba.com\/index.php\/wp-json\/wp\/v2\/tags?post=21815"}],"curies":[{"name":"wp","href":"https:\/\/api.w.org\/{rel}","templated":true}]}}