{"id":21813,"date":"2024-04-04T23:01:55","date_gmt":"2024-04-04T23:01:55","guid":{"rendered":"https:\/\/viapais.com.ar\/jujuy\/copa-libertadores-un-jujeno-vive-el-sueno-de-estar-en-el-futbol-internacional\/"},"modified":"2024-04-04T23:01:55","modified_gmt":"2024-04-04T23:01:55","slug":"copa-libertadores-un-jujeno-vive-el-sueno-de-estar-en-el-futbol-internacional","status":"publish","type":"post","link":"https:\/\/latecordoba.com\/index.php\/2024\/04\/04\/copa-libertadores-un-jujeno-vive-el-sueno-de-estar-en-el-futbol-internacional\/","title":{"rendered":"Copa Libertadores: un juje\u00f1o vive el sue\u00f1o de \u201cestar en el f\u00fatbol\u201d internacional"},"content":{"rendered":"\n<p>Muchos son los que alguna vez so\u00f1aron con ser una estrella del f\u00fatbol, un <b>Messi<\/b> o un <b>Maradona<\/b>, seg\u00fan la edad o generaci\u00f3n. <b>El juje\u00f1o Nicol\u00e1s Nasisi tambi\u00e9n tuvo ese sue\u00f1o<\/b>. De hecho, en su ni\u00f1ez y juventud hizo su paso por las divisiones inferiores del <b>Club Atl\u00e9tico Cuyaya<\/b> y del <b>Club Deportivo Luj\u00e1n<\/b>, y hasta lleg\u00f3 a probarse dos veces en <b>Gimnasia y Esgrima de Jujuy<\/b>, habiendo logrado el ingreso al plantel juvenil. Pero en un momento -que define como \u201cjusto y puntual\u201d-, descubri\u00f3 que m\u00e1s que ser futbolista, su verdadero anhelo era <b>\u201cestar en el f\u00fatbol desde donde me toque\u201d<\/b> y este jueves por la noche ese lugar es en el banco de <b>Bol\u00edvar, el equipo boliviano<\/b> que por la primera fecha del Grupo E de la <b>Copa Libertadores<\/b> visita al chileno <b>Palestino<\/b>, en Rancagua, a 87 kil\u00f3metros de la capital Santiago. <\/p>\n<article class=\"article card\">\n<div class=\"article-inner \">\n<div class=\"article-image \"><a href=\"https:\/\/viapais.com.ar\/jujuy\/cumple-50-anos-el-circulo-de-periodistas-deportivos-de-jujuy\/\" title=\"C\u00edrculo de Periodistas Deportivos de Jujuy\"><\/p>\n<figure><img alt=\"C\u00edrculo de Periodistas Deportivos de Jujuy\" class=\" block \" src=\"http:\/\/latecordoba.com\/wp-content\/uploads\/2024\/04\/copa-libertadores-un-jujeno-vive-el-sueno-de-estar-en-el-futbol-internacional.jpg\" sizes=\"auto\" loading=\"lazy\" data-src=\"http:\/\/latecordoba.com\/wp-content\/uploads\/2024\/04\/copa-libertadores-un-jujeno-vive-el-sueno-de-estar-en-el-futbol-internacional.jpg\" width=\"307px\" fetchpriority=\"low\" decoding=\"async\" height=\"173px\"><\/figure>\n<p><\/a><\/div>\n<\/div>\n<\/article>\n<p>\u201cEstando en la secundaria<b> en una clase de Educaci\u00f3n F\u00edsica<\/b>, un compa\u00f1ero me pidi\u00f3 que le explique algo que a mi me resultaba sencillo, y fue ah\u00ed cuando sent\u00ed ese gustito de estar de este lado: <b>me gusta ense\u00f1ar, me gusta ayudar<\/b>, me gusta darle una mano a alguien para que logre hacer algo mejor que yo\u201d, narra Nicol\u00e1s recordando <b>el momento en que descubri\u00f3 su vocaci\u00f3n<\/b>. <\/p>\n<p>\u201cNo me arrepiento para nada de haber tomado la decisi\u00f3n de estudiar para ser preparador f\u00edsico o profesor, porque <b>estoy viviendo el sue\u00f1o de estar en el f\u00fatbol<\/b>. Es mi lugar, y no s\u00e9 si hubiera llegado a sentir lo mismo siendo futbolista\u201d, analiza. <\/p>\n<h2 class><b>PRIMEROS PASOS Y SALTO AL F\u00daTBOL INTERNACIONAL <\/b><\/h2>\n<p>Un d\u00eda el joven juje\u00f1o parti\u00f3, como lo hacen muchos de sus coterr\u00e1neos, a formarse fuera de la provincia, alejado del hogar familiar y de los afectos. Fue en la <b>Universidad Nacional de Tucum\u00e1n<\/b> donde se recibi\u00f3 de <b>profesor de Educaci\u00f3n F\u00edsica<\/b>, afianzando su pasi\u00f3n por los deportes en general y el f\u00fatbol en particular. <\/p>\n<p>Pero el periplo por instituciones deportivas menores para abrirse paso en el mundo de la preparaci\u00f3n f\u00edsica de atletas, lo hab\u00eda iniciado aun antes de recibirse. <\/p>\n<figure><picture><img alt=\"Nicol\u00e1s Nasisi y Flavio Robatto intercambian ideas durante un entrenamiento en la altura de La Paz.\" class=\" block \" src=\"http:\/\/latecordoba.com\/wp-content\/uploads\/2024\/04\/copa-libertadores-un-jujeno-vive-el-sueno-de-estar-en-el-futbol-internacional-1.jpg\" sizes=\"auto\" loading=\"lazy\" data-src=\"http:\/\/latecordoba.com\/wp-content\/uploads\/2024\/04\/copa-libertadores-un-jujeno-vive-el-sueno-de-estar-en-el-futbol-internacional-1.jpg\" width=\"1023px\" fetchpriority=\"low\" decoding=\"async\" height=\"723px\"><\/picture><figcaption class>Nicol\u00e1s Nasisi y Flavio Robatto intercambian ideas durante un entrenamiento en la altura de La Paz. Foto: Prensa Club Bol\u00edvar<\/figcaption><\/figure>\n<p>En <b>2017<\/b> comenz\u00f3 a poner en pr\u00e1ctica los conocimientos que iba adquiriendo, colaborando en escuelitas de f\u00fatbol y en cuerpos t\u00e9cnicos de clubes como <b>Racing de La Quiaca<\/b>, que por esos momentos disputaba torneos regionales amateur en los Federales B y C. <\/p>\n<p>Ya con el diploma bajo el brazo y de vuelta en su Jujuy natal, trabaj\u00f3 en el <b>Club Los Perales<\/b> y en la <b>Asociaci\u00f3n Atl\u00e9tica La Vi\u00f1a<\/b>, instituci\u00f3n de la que guarda tan gratos recuerdos al punto que la define como su casa. \u201cMe sent\u00ed muy c\u00f3modo y<b> tuve un crecimiento grande, sobre todo por lo que signific\u00f3 trabajar all\u00ed<\/b>: todo a pulm\u00f3n, luchar por un lugar propio de entrenamiento para el club, rodearme de muy buena gente y muy buenos profesionales\u201d, evoca. <\/p>\n<p>Si bien ya estaba dando los primeros pasos en el f\u00fatbol profesional, el salto al f\u00fatbol internacional lo pudo dar luego de trabajar junto a <b>Sebasti\u00e1n Galv\u00e1n<\/b> en <b>Tiro y Gimnasia de San Pedro de Jujuy<\/b>. <\/p>\n<p>No fue sencillo hacerse un lugar en el f\u00fatbol boliviano, pero \u201cen los torneos de ascenso fui conociendo a otras personas que vieron mi trabajo, lo que me permiti\u00f3 llegar donde estoy hoy\u201d, reconoce con agradecimiento el joven preparador f\u00edsico. <\/p>\n<p>En este sentido, resume: \u201cEmpec\u00e9 a trabajar con el t\u00e9cnico <b>Claudio Chacior<\/b>, y m\u00e1s adelante un colega recomend\u00f3 mi trabajo a <b>Andr\u00e9s Marinangeli<\/b>, con quien pude trabajar en el <b>Real Santa Cruz<\/b>. Posteriormente pas\u00e9 por otros dos equipos y el a\u00f1o pasado se dio la oportunidad de trabajar con el equipo t\u00e9cnico de <b>Flavio Robatto en el Real Potos\u00ed<\/b>\u201d. <\/p>\n<p>El cuerpo t\u00e9cnico que lidera dicho entrenador argentino firm\u00f3 despu\u00e9s contrato con el <b>Club Bol\u00edvar de La Paz<\/b>. <\/p>\n<p>\u201cLo que nos llev\u00f3 a formar parte del plantel profesional del Bol\u00edvar es la <b>filosof\u00eda de trabajo<\/b>: la idea de <b>ser un equipo protagonista, que tenga la pelota, que ataque mucho con mucha gente, que arriesgue de local o visitante<\/b>. Esa forma de trabajar, esos ideales que tenemos como cuerpo t\u00e9cnico, gust\u00f3 mucho en el Bol\u00edvar y <b>as\u00ed hoy estamos transitando este camino de formar parte de la instituci\u00f3n m\u00e1s grande de Bolivia\u201d<\/b>, defini\u00f3 el preparador f\u00edsico juje\u00f1o. <\/p>\n<p>\u201cEstar en una instituci\u00f3n tan grande es otra cosa: las instalaciones, la infraestructura, los recursos humanos, y todo lo que uno tiene en el d\u00eda a d\u00eda. La predisposici\u00f3n de la gente tambi\u00e9n es algo que supera las expectativas que uno pod\u00eda tener\u201d, describe <b>Nasisi<\/b>, y ampl\u00eda: \u201cSupera ampliamente las experiencias pasadas porque <b>es una instituci\u00f3n enorme, y nos vemos obligados a estar atentos, siempre dispuestos a dar el cien por ciento<\/b> para que el equipo pueda tener una actuaci\u00f3n muy buena\u201d. <\/p>\n<h2 class><b>MUCHO M\u00c1S QUE EL TRABAJO DE PREPARADOR F\u00cdSICO <\/b><\/h2>\n<p>El <b>\u201cprofe Nico\u201d<\/b>, como lo conocen en el club pace\u00f1o, no deja de reconocer a sus compa\u00f1eros del cuerpo t\u00e9cnico y m\u00e9dico. <b>\u201cNuestro equipo es tremendo\u201d<\/b>, define al amplio conjunto del que forma parte bajo la coordinaci\u00f3n de <b>Robatto<\/b>, junto a otros asistentes y un videoanalista encargado del an\u00e1lisis de los rivales y de los entrenamientos, sin olvidar al cuerpo m\u00e9dico especializado en equipos de altura, que integra a su vez el kinesi\u00f3logo argentino <b>Gonzalo Salas<\/b>. <\/p>\n<figure><picture><img alt=\"Nicol\u00e1s Nasisi, &quot;El profe Nico&quot;, como es conocido por sus compa\u00f1eros del cuerpo t\u00e9cnico y del plantel profesional boliviano, celebr\u00f3 poder &quot;vivir el sue\u00f1o de estar en el f\u00fatbol&quot;.\" class=\" block \" src=\"http:\/\/latecordoba.com\/wp-content\/uploads\/2024\/04\/copa-libertadores-un-jujeno-vive-el-sueno-de-estar-en-el-futbol-internacional-2.jpg\" sizes=\"auto\" loading=\"lazy\" data-src=\"http:\/\/latecordoba.com\/wp-content\/uploads\/2024\/04\/copa-libertadores-un-jujeno-vive-el-sueno-de-estar-en-el-futbol-internacional-2.jpg\" width=\"1023px\" fetchpriority=\"low\" decoding=\"async\" height=\"755px\"><\/picture><figcaption class>Nicol\u00e1s Nasisi, &#8220;El profe Nico&#8221;, como es conocido por sus compa\u00f1eros del cuerpo t\u00e9cnico y del plantel profesional boliviano, celebr\u00f3 poder &#8220;vivir el sue\u00f1o de estar en el f\u00fatbol&#8221;. Foto: Prensa Club Bol\u00edvar<\/figcaption><\/figure>\n<p>Sobre su funci\u00f3n como <b>preparador f\u00edsico<\/b>, describe que <b>\u201ces un trabajo arduo que engloba mucho<\/b> y muchas veces excede a las funciones espec\u00edficas del puesto\u201d al punto que \u201clos profesores y entrenadores <b>tenemos que hacer de psic\u00f3logos<\/b>: no solo tenemos que <b>conocer la faz f\u00edsica del futbolista<\/b> sino tambi\u00e9n saber <b>gestionar sus emociones<\/b>, para que todos se sientan importantes y <b>se enfoquen en el mismo objetivo\u201d<\/b>. <\/p>\n<p>Dice asimismo que en la rutina diaria \u201csomos los encargados de armar los <b>horarios de entrenamiento y de las comidas<\/b>; tenemos que <b>estar atentos a muchos detalles<\/b>, especialmente en las entradas en calor de titulares y suplentes; preparar f\u00edsicamente los trabajos de cada semana; controlar la carga y vol\u00famenes de trabajo; estar en constante comunicaci\u00f3n con el cuerpo m\u00e9dico para detectar sobrecargas y lesiones en los jugadores; coordinar los tiempos de recuperaci\u00f3n con el cuerpo m\u00e9dico\u201d. <\/p>\n<p>A la vez <b>\u201csomos el nexo entre el cuerpo t\u00e9cnico y los utileros\u201d<\/b>, de manera que <b>\u201chay muchas aristas donde nosotros tenemos participaci\u00f3n, m\u00e1s all\u00e1 de preparar f\u00edsicamente a un futbolista en resistencia, fuerza y velocidad\u201d<\/b>, detalla. <\/p>\n<h2 class><b>UN JUJE\u00d1O EN LA PAZ: SUE\u00d1OS Y METAS DE CARA AL FUTURO <\/b><\/h2>\n<p>De sus anhelos siendo parte del cuerpo t\u00e9cnico del Bol\u00edvar, <b>Nicol\u00e1s Nasisi <\/b>anota <b>\u201csalir campe\u00f3n de la liga local, hacer un buen torneo, y un buen papel en la Libertadores\u201d<\/b>. <\/p>\n<p>Como meta personal, el joven preparador f\u00edsico juje\u00f1o busca dejar una impronta en los jugadores, <b>\u201cdejar algo en los futbolistas, algo que les sirva en la vida<\/b> por m\u00e1s que ya tengan una carrera -dice-. Ellos siempre est\u00e1n aprendiendo y siempre te lo hacen saber; eso, <b>para mi, es muy importante como un logro personal porque creo que al futbolista primero hay que considerarlo como una persona\u201d<\/b>, asume. <\/p>\n<p>Entre sus <b>objetivos a largo plazo<\/b> enuncia \u201cmantenerse a este nivel, <b>dar un paso m\u00e1s quiz\u00e1s hacia otra liga, hacia otro equipo, quiz\u00e1s a otro pa\u00eds con la misma o mayor exigencia\u201d<\/b> e incluso confiesa que <b>\u201cllegar a dirigir alguna selecci\u00f3n<\/b> es algo con lo que sue\u00f1o\u201d, y lo fundamenta mirando en retrospectiva: \u201cTuve el objetivo a largo plazo de llegar al f\u00fatbol profesional y <b>a medida que pasaron los a\u00f1os los objetivos se fueron cumpliendo\u201d<\/b>. <\/p>\n<p>En tal sentido <b>Nasisi<\/b> sostiene que \u201ces importante tener siempre la llama viva para que la motivaci\u00f3n est\u00e9 siempre\u201d y con esa base es que contin\u00faa su formaci\u00f3n profesional. <\/p>\n<p>Revel\u00f3 que est\u00e1 <b>estudiando para ser director t\u00e9cnico<\/b>, aunque aclara que \u201clo hago m\u00e1s como un complemento que para ejercer en el d\u00eda de ma\u00f1ana. <b>Estudio para entender un poco m\u00e1s a los t\u00e9cnicos<\/b> desde mi lado y, sobre todo, <b>para poder manejar aspectos que me ayuden a armar ejercicios donde pueda incluir lo f\u00edsico y lo t\u00e1ctico\u201d<\/b>. <\/p>\n<p>Volviendo al tema de los sue\u00f1os y los proyectos, a modo de mensaje para los j\u00f3venes que aspiran a triunfar en sus vocaciones, y sobre todo a aquellos que tienen que dejar el terru\u00f1o para ir en su b\u00fasqueda, dice: <b>\u201cSi uno est\u00e1 convencido de lo que quiere y sale a buscarlo con mucha fuerza, lo puede conseguir<\/b>; se puede lograr encaminar las cosas para hacer que todo conspire a favor de uno. Obviamente <b>a esto hay que acompa\u00f1arlo con mucho trabajo -subraya-, con mucha capacitaci\u00f3n y estando abierto a conocer gente\u201d<\/b>. <\/p>\n<p>Aconseja tambi\u00e9n que <b>\u201csigan peleando por lo que quieren y buscan<\/b>, que <b>a veces parece lejano, pero la vida te sorprende<\/b> y, de un d\u00eda para otro, te das cuenta que no estaba tan lejos, que <b>solo hab\u00eda que dejar el miedo atr\u00e1s para ver que las cosas est\u00e1n al alcance\u201d<\/b>, complet\u00f3. <\/p>\n<h2 class><b>\u00bfC\u00d3MO ES VIVIR FUERA DEL PA\u00cdS? <\/b><\/h2>\n<p>Consultado sobre la experiencia de dejar atr\u00e1s familia y afectos para embarcarse en la odisea de perseguir un sue\u00f1o, el joven preparador f\u00edsico juje\u00f1o asegura que la experiencia de <b>haber salido de su provincia natal en pos de una formaci\u00f3n superior le sirvi\u00f3 para hacer \u201cm\u00e1s sencillo\u201d el camino<\/b>. <\/p>\n<p>\u201cEso me form\u00f3 mucho y <b>me ayud\u00f3 a estar listo para cuando se dio la oportunidad de salir de la Argentina<\/b> y no tener tantas dudas al momento de tomar la decisi\u00f3n\u201d, asevera y agrega: \u201cObviamente que salir del pa\u00eds, estar en otro lado que no es tu pa\u00eds, es algo complicado, pero <b>el motor m\u00e1s grande siempre fueron las ganas de llegar al futbol profesional\u201d<\/b>, dice en su caso. <\/p>\n<p>\u201cSe extra\u00f1a a la familia, a los amigos, las cosas que uno puede hacer en casa, pero <b>el presente que estoy viviendo es lo que siempre quise, al punto que no termina siendo un trabajo<\/b>; los que tenemos la posibilidad de esto somos muy afortunados\u201d, sopesa. <\/p>\n<p>Reconoce m\u00e1s adelante que <b>en Bolivia \u201clo que m\u00e1s me cost\u00f3 fue adaptarme a las comidas, sobre todo a las carnes<\/b>; siento que la carne argentina es mucho m\u00e1s rica, lo que m\u00e1s se extra\u00f1a son los asados, pero con el tiempo uno va conociendo<b> platos t\u00edpicos de cada departamento y encontr\u00e9 algunos que me gustan mucho\u201d<\/b>, como el \u201cqueper\u00ed\u201d, el \u201cmajadito\u201d y el \u201cpique a lo macho\u201d, cita entre las especialidades bolivianas que resultan de su agrado. <\/p>\n<figure><picture><img alt=\"El preparador f\u00edsico juje\u00f1o compartiendo el banco con el t\u00e9cnico argentino Flavio Robatto y suplentes del Bol\u00edvar.\" class=\" block \" src=\"http:\/\/latecordoba.com\/wp-content\/uploads\/2024\/04\/copa-libertadores-un-jujeno-vive-el-sueno-de-estar-en-el-futbol-internacional-3.jpg\" sizes=\"auto\" loading=\"lazy\" data-src=\"http:\/\/latecordoba.com\/wp-content\/uploads\/2024\/04\/copa-libertadores-un-jujeno-vive-el-sueno-de-estar-en-el-futbol-internacional-3.jpg\" width=\"1023px\" fetchpriority=\"low\" decoding=\"async\" height=\"695px\"><\/picture><figcaption class>El preparador f\u00edsico juje\u00f1o compartiendo el banco con el t\u00e9cnico argentino Flavio Robatto y suplentes del Bol\u00edvar. Foto: Prensa Club Bol\u00edvar<\/figcaption><\/figure>\n<p>Sumado a la experiencia \u00fanica de vivir el sue\u00f1o de \u201cestar en el f\u00fatbol\u201d, la cercan\u00eda con el hogar familiar es un aliciente a la hora de lidiar con el desarraigo. <\/p>\n<p><b>\u201cSiempre vuelvo a casa al final de temporada<\/b>, y cuando hay tiempo a mitad de a\u00f1o, que generalmente siempre hay un receso. <b>Mantengo contacto con mi familia, mis padres siempre est\u00e1n presentes y eso me da mucha energ\u00eda para seguir.<\/b> Adem\u00e1s en Bolivia, en Santa Cruz, tengo a mi t\u00edo Rub\u00e9n, que fue muy importante en mis primeros pasos; es como mi pap\u00e1 ac\u00e1 en Bolivia\u201d, valora. <\/p>\n<p>No menos importantes son los v\u00ednculos de amistad que se forman con otros argentinos que transitan por el mismo camino lejos de casa. <b>\u201cContacto con argentinos siempre hay, estamos en todos lados<\/b>, desde jugadores en el mismo plantel, a profesores e integrantes de otros cuerpos t\u00e9cnicos tambi\u00e9n. <b>Uno nunca se siente solo<\/b> en ese sentido\u201d. <\/p>\n<p>Testimonio de ello es que <b>\u201cde los cinco integrantes del cuerpo t\u00e9cnico que integro actualmente, cuatro somos argentinos\u201d<\/b>, y \u201cdentro del plantel hay dos argentinos; el a\u00f1o pasado tambi\u00e9n hab\u00eda tres argentinos, de manera que la convivencia del d\u00eda a d\u00eda, al <b>compartir con ellos, hace una diferencia\u201d<\/b>. <\/p>\n<article class=\"article card\">\n<div class=\"article-inner \">\n<div class=\"article-image \"><a href=\"https:\/\/viapais.com.ar\/jujuy\/invertir-en-el-deporte-es-una-gran-inversion-aseguro-el-gobernador-sadir\/\" title=\"Plan de Acci\u00f3n Integral de Deportes, en Jujuy\"><\/p>\n<figure><img alt=\"Plan de Acci\u00f3n Integral de Deportes, en Jujuy\" class=\" block \" src=\"http:\/\/latecordoba.com\/wp-content\/uploads\/2024\/04\/copa-libertadores-un-jujeno-vive-el-sueno-de-estar-en-el-futbol-internacional-4.jpg\" sizes=\"auto\" loading=\"lazy\" data-src=\"http:\/\/latecordoba.com\/wp-content\/uploads\/2024\/04\/copa-libertadores-un-jujeno-vive-el-sueno-de-estar-en-el-futbol-internacional-4.jpg\" width=\"307px\" fetchpriority=\"low\" decoding=\"async\" height=\"173px\"><\/figure>\n<p><\/a><\/div>\n<\/div>\n<\/article>\n<p>Por \u00faltimo, <b>Nicol\u00e1s Nasisi <\/b>destaca con gratitud el important\u00edsimo rol que jugaron -y juegan- figuras <b>Pablo Siacia, Leandro Vilari\u00f1o <\/b>y <b>Maxi Alonso<\/b>, como mentores y amigos. <\/p>\n<p>\u201cEn La Paz tengo la suerte de tener cerca al \u2018profe\u2019 <b>Pablo Siacia<\/b>, de <b>Always Ready<\/b>, que se ha transformado en un gran amigo y es uno de mis mentores\u201d, agradece, al tiempo que a\u00f1ade que \u201c<b>Maxi Alonso<\/b> es como un hermano; compartir con colegas como <b>Leandro Vilari\u00f1o<\/b>, que ha sido mi profesor en varios cursos, es tambi\u00e9n importante porque hemos entablado una hermosa amistad. Ellos me han recomendado en su momento, <b>han confiado en mi trabajo y creo que no les he fallado\u201d<\/b>, concluye con satisfacci\u00f3n el juje\u00f1o que desde este jueves es parte del show de la <b>Copa Libertadores de Am\u00e9rica<\/b>, el torneo m\u00e1s importante del Cono Sur a nivel de clubes.<\/p>\n","protected":false},"excerpt":{"rendered":"<p>Muchos son los que alguna vez so\u00f1aron con ser una estrella del f\u00fatbol, un Messi o un Maradona, seg\u00fan la edad o generaci\u00f3n. El juje\u00f1o Nicol\u00e1s Nasisi tambi\u00e9n tuvo ese sue\u00f1o. De hecho, en su ni\u00f1ez y juventud hizo su paso por las divisiones inferiores del Club Atl\u00e9tico Cuyaya y del Club Deportivo Luj\u00e1n, y [&hellip;]<\/p>\n","protected":false},"author":1,"featured_media":21814,"comment_status":"closed","ping_status":"closed","sticky":false,"template":"","format":"standard","meta":[],"categories":[15],"tags":[],"_links":{"self":[{"href":"https:\/\/latecordoba.com\/index.php\/wp-json\/wp\/v2\/posts\/21813"}],"collection":[{"href":"https:\/\/latecordoba.com\/index.php\/wp-json\/wp\/v2\/posts"}],"about":[{"href":"https:\/\/latecordoba.com\/index.php\/wp-json\/wp\/v2\/types\/post"}],"author":[{"embeddable":true,"href":"https:\/\/latecordoba.com\/index.php\/wp-json\/wp\/v2\/users\/1"}],"replies":[{"embeddable":true,"href":"https:\/\/latecordoba.com\/index.php\/wp-json\/wp\/v2\/comments?post=21813"}],"version-history":[{"count":0,"href":"https:\/\/latecordoba.com\/index.php\/wp-json\/wp\/v2\/posts\/21813\/revisions"}],"wp:featuredmedia":[{"embeddable":true,"href":"https:\/\/latecordoba.com\/index.php\/wp-json\/wp\/v2\/media\/21814"}],"wp:attachment":[{"href":"https:\/\/latecordoba.com\/index.php\/wp-json\/wp\/v2\/media?parent=21813"}],"wp:term":[{"taxonomy":"category","embeddable":true,"href":"https:\/\/latecordoba.com\/index.php\/wp-json\/wp\/v2\/categories?post=21813"},{"taxonomy":"post_tag","embeddable":true,"href":"https:\/\/latecordoba.com\/index.php\/wp-json\/wp\/v2\/tags?post=21813"}],"curies":[{"name":"wp","href":"https:\/\/api.w.org\/{rel}","templated":true}]}}