{"id":21811,"date":"2024-04-04T21:31:23","date_gmt":"2024-04-04T21:31:23","guid":{"rendered":"http:\/\/6a9d178fa8566ecb18861525237cf558"},"modified":"2024-04-04T21:31:23","modified_gmt":"2024-04-04T21:31:23","slug":"segun-una-encuesta-santilli-pullaro-y-nacho-torres-asoman-como-los-nuevos-lideres","status":"publish","type":"post","link":"https:\/\/latecordoba.com\/index.php\/2024\/04\/04\/segun-una-encuesta-santilli-pullaro-y-nacho-torres-asoman-como-los-nuevos-lideres\/","title":{"rendered":"Seg\u00fan una encuesta, Santilli, Pullaro y Nacho Torres asoman como los nuevos l\u00edderes"},"content":{"rendered":"\n<div class=\"media_block\"><img decoding=\"async\" src=\"http:\/\/latecordoba.com\/wp-content\/uploads\/2024\/04\/segun-una-encuesta-santilli-pullaro-y-nacho-torres-asoman-como-los-nuevos-lideres.jpg\"><\/div>\n<div><img decoding=\"async\" src=\"http:\/\/latecordoba.com\/wp-content\/uploads\/2024\/04\/segun-una-encuesta-santilli-pullaro-y-nacho-torres-asoman-como-los-nuevos-lideres-1.jpg\" class=\"ff-og-image-inserted\"><\/div>\n<p>Diego Santilli, Maximiliano Pullaro, Ignacio Torres asoman como los nuevos l\u00edderes de acuerdo a un sondeo de la consultora Pulso. Un poco m\u00e1s abajo aparece tambi\u00e9n el gobernador de C\u00f3rdoba, Mart\u00edn Llaryora.<\/p>\n<p dir=\"ltr\">El trabajo destaca la imagen de dirigentes pol\u00edticos. En primer lugar aparece Javier Milei con casi el 54% de imagen positiva y el 41,6% de negativa. M\u00e1s abajo aparecen Patricia Bullrich, Victoria Villarruel, Axel Kicillof, Cristina Kirchner, Mauricio Macri y Horacio Rodr\u00edguez Larreta. Todos ellos son referentes consolidados, en su mayor\u00eda con presencia en f\u00f3rmulas presidenciales en las \u00faltimas elecciones.<\/p>\n<p dir=\"ltr\">Pero detr\u00e1s de ese pelot\u00f3n asoma un grupo de dirigentes que podr\u00eda consolidarse en los pr\u00f3ximos a\u00f1os y ser una alternativa a los nombres conocidos.<\/p>\n<p dir=\"ltr\">Santilli encabeza ese grupo que gana fuerza desde abajo. Tiene un 34,3% de imagen positiva y un 27,5% de imagen negativa. Apenas por debajo, el gobernador de Santa Fe llega casi a los 34 puntos de imagen positiva, con una negativa del 19,7%.<\/p>\n<p dir=\"ltr\">En tanto, el gobernador de Chubut, Nacho Torres, llega a 31,8 puntos de imagen negativa y un 23,4 puntos de imagen negativa. Un escal\u00f3n m\u00e1s abajo est\u00e1 el gobernador de C\u00f3rdoba que alcanza una imagen positiva de casi 29 puntos y una negativa de 24,6.<\/p>\n<p dir=\"ltr\">A diferencia de la primera l\u00ednea de dirigentes, todos ellos registran altos porcentajes de No Sabe\/No Contesta, es decir que la gente los reconoce, pero no tiene una opini\u00f3n formada sobre ellos. Esos porcentajes rondan el 34% en los casos de Pullaro, Torres y Llaryora. Mientras que en el caso de Santilli es m\u00e1s bajo y llega a los 28 puntos.<\/p>\n<p dir=\"ltr\">Otra diferencia con el grupo de dirigentes consolidados es que un 10% asegura que todav\u00eda no los conoce, lo que permite un trabajo en posicionamiento.<\/p>\n<p dir=\"ltr\">Consultados sobre a qu\u00e9 espacio votar\u00edan si las elecciones legislativas de 2025 fuesen hoy, los encuestados se inclinan por La Libertad Avanza que consigue el 34,2% de los votos. En tanto, el peronismo kirchnerista llega al 19,7% y el peronismo federal el 8,7%. M\u00e1s abajo asoman el PRO (5,5%), la UCR (4,2%) y la izquierda (3,9%). Por supuesto, en funci\u00f3n de los meses que faltan para el proceso electoral de 2025, un 23,7% de los encuestados no tiene opini\u00f3n formada sobre el tema.<\/p>\n<p dir=\"ltr\">El trabajo de Pulso tambi\u00e9n revela la opini\u00f3n de los argentinos respecto de la gesti\u00f3n del gobierno de Milei. El 50,2% tiene una percepci\u00f3n positiva de la gesti\u00f3n, mientras que el 42,2% hace una evaluaci\u00f3n negativa.<\/p>\n<p dir=\"ltr\">En cuanto a la responsabilidad de la situaci\u00f3n econ\u00f3mica, el 54,5% de los encuestados asegura que se debe a las decisiones tomadas por la gesti\u00f3n de Alberto Fern\u00e1ndez, mientras que el 38,6% sostiene que se debe a las decisiones tomadas recientemente por el gobierno libertario.<\/p>\n<p dir=\"ltr\">Respecto del ajuste, el 56,5% de los encuestados asegura que es necesario, mientras que el 32,2% cree que las medidas no son necesarias. En esa pregunta, el 11,3% prefiri\u00f3 no tomar postura al respecto.<\/p>\n<figure class=\"vsmwidget widget-type-scribd\" vsmtype=\"scribd\" contenteditable=\"false\" readability=\"-3.0666666666667\">\n<p><a title=\"View Encuesta Nacional PULSO on Scribd\" href=\"https:\/\/www.scribd.com\/document\/720131705\/Encuesta-Nacional-PULSO#from_embed\">Encuesta Nacional PULSO<\/a> by <a title=\"View LPO's profile on Scribd\" href=\"https:\/\/www.scribd.com\/user\/629716430\/LPO#from_embed\">LPO<\/a><\/p>\n<\/figure>\n","protected":false},"excerpt":{"rendered":"\n<div class=\"media_block\"><img decoding=\"async\" src=\"http:\/\/latecordoba.com\/wp-content\/uploads\/2024\/04\/segun-una-encuesta-santilli-pullaro-y-nacho-torres-asoman-como-los-nuevos-lideres.jpg\"><\/div>\n<p>En un trabajo de la consultora Pulso, estos referentes j\u00f3venes emergen detr\u00e1s de un pelot\u00f3n de dirigentes consolidados.  <\/p>\n","protected":false},"author":1,"featured_media":21812,"comment_status":"closed","ping_status":"closed","sticky":false,"template":"","format":"standard","meta":[],"categories":[18],"tags":[],"_links":{"self":[{"href":"https:\/\/latecordoba.com\/index.php\/wp-json\/wp\/v2\/posts\/21811"}],"collection":[{"href":"https:\/\/latecordoba.com\/index.php\/wp-json\/wp\/v2\/posts"}],"about":[{"href":"https:\/\/latecordoba.com\/index.php\/wp-json\/wp\/v2\/types\/post"}],"author":[{"embeddable":true,"href":"https:\/\/latecordoba.com\/index.php\/wp-json\/wp\/v2\/users\/1"}],"replies":[{"embeddable":true,"href":"https:\/\/latecordoba.com\/index.php\/wp-json\/wp\/v2\/comments?post=21811"}],"version-history":[{"count":0,"href":"https:\/\/latecordoba.com\/index.php\/wp-json\/wp\/v2\/posts\/21811\/revisions"}],"wp:featuredmedia":[{"embeddable":true,"href":"https:\/\/latecordoba.com\/index.php\/wp-json\/wp\/v2\/media\/21812"}],"wp:attachment":[{"href":"https:\/\/latecordoba.com\/index.php\/wp-json\/wp\/v2\/media?parent=21811"}],"wp:term":[{"taxonomy":"category","embeddable":true,"href":"https:\/\/latecordoba.com\/index.php\/wp-json\/wp\/v2\/categories?post=21811"},{"taxonomy":"post_tag","embeddable":true,"href":"https:\/\/latecordoba.com\/index.php\/wp-json\/wp\/v2\/tags?post=21811"}],"curies":[{"name":"wp","href":"https:\/\/api.w.org\/{rel}","templated":true}]}}