{"id":21803,"date":"2024-04-03T22:27:19","date_gmt":"2024-04-03T22:27:19","guid":{"rendered":"https:\/\/www.eldiariodeturismo.com.ar\/?p=244184"},"modified":"2024-04-03T22:27:19","modified_gmt":"2024-04-03T22:27:19","slug":"fehgra-y-uthgra-comunicado-sobre-la-coyuntura-del-sector-hotelero-gastronomico","status":"publish","type":"post","link":"https:\/\/latecordoba.com\/index.php\/2024\/04\/03\/fehgra-y-uthgra-comunicado-sobre-la-coyuntura-del-sector-hotelero-gastronomico\/","title":{"rendered":"FEHGRA y UTHGRA: Comunicado sobre la coyuntura del sector Hotelero Gastron\u00f3mico"},"content":{"rendered":"\n<p class=\"m_3297658043513465717MsoNoSpacing\">Las autoridades de la&nbsp;<b>Federaci\u00f3n Empresaria Hotelera Gastron\u00f3mica de la Rep\u00fablica Argentina<\/b>&nbsp;(FEHGRA) y de la&nbsp;<b>Uni\u00f3n de Trabajadores del Turismo, Hoteleros y Gastron\u00f3micos de la Rep\u00fablica Argentina&nbsp;<\/b>(UTHGRA) manifestaron la preocupaci\u00f3n del sector por el contexto econ\u00f3mico del pa\u00eds, que impacta con fuerza en la PyMEs hoteleras y gastron\u00f3micas, y pidieron al Gobierno nacional que implemente medidas para fomentar \u201cla producci\u00f3n y la generaci\u00f3n de empleo\u201d.<u><\/u><u><\/u><\/p>\n<p class=\"m_3297658043513465717MsoNoSpacing\"><u><\/u>&nbsp;<u><\/u><\/p>\n<p class=\"m_3297658043513465717MsoNoSpacing\">Con el&nbsp;<b>consumo que se resiente ante la inflaci\u00f3n y la ca\u00edda de los ingresos reales<\/b>, sumado a los&nbsp;<b>incrementos de insumos y de los costos fijos, con los grandes aumentos de tarifas el\u00e9ctricas y de gas<\/b>, las empresas de este sector viven hoy nuevamente el gran desaf\u00edo de mantener su actividad. La combinaci\u00f3n de variables crea un escenario a\u00fan m\u00e1s dif\u00edcil para las empresas que dependen exclusivamente del consumo interno.<u><\/u><u><\/u><\/p>\n<p class=\"m_3297658043513465717MsoNoSpacing\"><u><\/u>&nbsp;<u><\/u><\/p>\n<p class=\"m_3297658043513465717MsoNoSpacing\"><b>Fernando Desbots,&nbsp;<\/b>presidente de FEHGRA, dijo: \u201cEstamos muy preocupados como empresarios porque los servicios se han cuadruplicado o quintuplicado, y no hay consumo. Este fin de semana fue un b\u00e1lsamo, pero es una foto de nuestra realidad. Nos preocupa la pel\u00edcula que estamos viviendo, que es una realidad de recesi\u00f3n\u201d. Llam\u00f3 \u201cal di\u00e1logo y al consenso\u201d y se\u00f1al\u00f3: \u201cEstamos a favor del sinceramiento de la econom\u00eda, pero tenemos que ser cautos, especialmente por el futuro\u201d. Adem\u00e1s, se refiri\u00f3 puntualmente a la situaci\u00f3n que vive Santa Fe, y en especial Rosario, por los hechos de inseguridad.<u><\/u><u><\/u><\/p>\n<p class=\"m_3297658043513465717MsoNoSpacing\"><u><\/u>&nbsp;<u><\/u><\/p>\n<p class=\"m_3297658043513465717MsoNoSpacing\"><b>Luis Barrionuevo,&nbsp;<\/b>secretario general de UTHGRA, expres\u00f3: \u201cEstamos viviendo una pandemia sin virus, por eso queremos prevenir lo que ya vivimos durante el COVID-19. En ese sentido, le queremos plantear al Presidente, antes de que sea tarde, que con esta desocupaci\u00f3n y falta de consumo vamos camino a un pa\u00eds donde los trabajadores y las PyMEs no pueden pagar el ajuste\u201d. Agreg\u00f3: \u201cLa construcci\u00f3n mueve un mill\u00f3n de trabajadores, y la industria hotelera, gastron\u00f3mica y tur\u00edstica mueve otro mill\u00f3n. Sin embargo, est\u00e1 todo frenado, y si esto se mantiene, se vienen cierres de establecimientos y cese de actividades. Cost\u00f3 mucho salir de la pandemia y estamos entrando en otra crisis de la que va a ser muy dif\u00edcil salir\u201d. A su vez, en la reuni\u00f3n organizada en la Federaci\u00f3n, destac\u00f3 la necesidad de generar una \u201cpol\u00edtica que tenga que ver con la producci\u00f3n, el trabajo y el empleo\u201d.<u><\/u><u><\/u><\/p>\n<p class=\"m_3297658043513465717MsoNoSpacing\"><u><\/u>&nbsp;<u><\/u><\/p>\n<p class=\"m_3297658043513465717MsoNoSpacing\">En el informe \u201c<b>Seguimiento de Coyuntura Sectorial del Sector Hotelero Gastron\u00f3mico en Argentina. Abril 2024<\/b>\u201d, elaborado por la&nbsp;<b>Consultora Invecq<\/b>&nbsp;en base a fuentes oficiales (*), se consigna que \u201cla actividad econ\u00f3mica total atraviesa una recesi\u00f3n con ca\u00edda del 4,5% interanual\u201d y que el consumo se resiente ante la inflaci\u00f3n y la ca\u00edda de los ingresos reales: \u201cTanto trabajadores como jubilados ven caer su poder adquisitivo entre 20% y 50% desde 2022 en el primer trimestre del a\u00f1o\u201d.<u><\/u><u><\/u><\/p>\n<figure id=\"attachment_244188\" aria-describedby=\"caption-attachment-244188\" class=\"wp-caption aligncenter\"><img loading=\"lazy\" decoding=\"async\" class=\"wp-image-244188 size-full\" src=\"http:\/\/latecordoba.com\/wp-content\/uploads\/2024\/04\/fehgra-y-uthgra-comunicado-sobre-la-coyuntura-del-sector-hotelero-gastronomico.jpg\" alt width=\"500\" height=\"281\" srcset=\"http:\/\/latecordoba.com\/wp-content\/uploads\/2024\/04\/fehgra-y-uthgra-comunicado-sobre-la-coyuntura-del-sector-hotelero-gastronomico.jpg 500w, https:\/\/www.eldiariodeturismo.com.ar\/wp-content\/uploads\/2024\/04\/FEHGRA-y-UTHGRA-2-300x169.jpg 300w\" sizes=\"(max-width: 500px) 100vw, 500px\"><figcaption id=\"caption-attachment-244188\" class=\"wp-caption-text\">Autoridades en el panel, de izquierda a derecha: Laura Sasprizza, secretaria de Prensa de UTHGRA Nacional; Fernando Desbots; Luis Barrionuevo; y Juan Jos\u00e9 Bordes, secretario gremial de UTHGRA Nacional. Disert\u00f3 Mat\u00edas Surt, de Invecq.<\/figcaption><\/figure>\n<p class=\"m_3297658043513465717MsoNoSpacing\"><u><\/u>&nbsp;<u><\/u><\/p>\n<p class=\"m_3297658043513465717MsoNoSpacing\">Con respecto al sector, la&nbsp;<b>actividad de alojamientos tur\u00edsticos cae 8,5% en el inicio del a\u00f1o principalmente por el desplome del turismo interno. En algunas regiones la ca\u00edda del sector supera el 15%.<u><\/u><u><\/u><\/b><\/p>\n<p class=\"m_3297658043513465717MsoNoSpacing\"><u><\/u>&nbsp;<u><\/u><\/p>\n<p class=\"m_3297658043513465717MsoNoSpacing\">En enero de 2024, en relaci\u00f3n con mismo mes del a\u00f1o anterior, la ca\u00edda de la actividad de alojamientos es la siguiente:&nbsp;<b>NOA: -20,3%; CUYO: -18,2%; Centro: -10,4%; NEA: -9,4%: Provincia de Buenos Aires: -7%; Patagonia: -5,6%; CABA: -3,2%.<\/b><u><\/u><u><\/u><\/p>\n<p class=\"m_3297658043513465717MsoNoSpacing\"><i><u><\/u>&nbsp;<u><\/u><\/i><\/p>\n<p class=\"m_3297658043513465717MsoNoSpacing\">La&nbsp;<b>hoteler\u00eda y la gastronom\u00eda<\/b>&nbsp;representan el 3% del Valor Bruto de Producci\u00f3n (VBP), el 4% de los puestos de trabajo totales del sector privado, y es el cuarto sector de la econom\u00eda seg\u00fan intensidad del factor de trabajo (relaci\u00f3n de producci\u00f3n y empleo). El complejo tur\u00edstico es el tercer exportador y generador bruto de divisas.<u><\/u><u><\/u><\/p>\n<p class=\"m_3297658043513465717MsoNoSpacing\"><u><\/u>&nbsp;<u><\/u><\/p>\n<p class=\"m_3297658043513465717MsoNoSpacing\"><i>(*) Fuente: Invecq en base a INDEC, Ministerio de Trabajo, ANSES, \u00edndices de precios y estimaciones.<u><\/u><u><\/u><\/i><\/p>\n<p class=\"m_3297658043513465717MsoNoSpacing\"><i><u><\/u>&nbsp;<u><\/u><\/i><\/p>\n<p>.<\/p>\n<p>FUENTE: FEHGRA \u2013 Federaci\u00f3n Empresaria Hotelera Gastron\u00f3mica de la Rep\u00fablica Argentina<\/p>\n","protected":false},"excerpt":{"rendered":"<p> Las autoridades de la\u00a0Federaci\u00f3n Empresaria Hotelera Gastron\u00f3mica de la Rep\u00fablica Argentina\u00a0(FEHGRA) y de la\u00a0Uni\u00f3n de Trabajadores del Turismo, Hoteleros y  <\/p>\n","protected":false},"author":1,"featured_media":21804,"comment_status":"open","ping_status":"closed","sticky":false,"template":"","format":"standard","meta":[],"categories":[19],"tags":[],"_links":{"self":[{"href":"https:\/\/latecordoba.com\/index.php\/wp-json\/wp\/v2\/posts\/21803"}],"collection":[{"href":"https:\/\/latecordoba.com\/index.php\/wp-json\/wp\/v2\/posts"}],"about":[{"href":"https:\/\/latecordoba.com\/index.php\/wp-json\/wp\/v2\/types\/post"}],"author":[{"embeddable":true,"href":"https:\/\/latecordoba.com\/index.php\/wp-json\/wp\/v2\/users\/1"}],"replies":[{"embeddable":true,"href":"https:\/\/latecordoba.com\/index.php\/wp-json\/wp\/v2\/comments?post=21803"}],"version-history":[{"count":0,"href":"https:\/\/latecordoba.com\/index.php\/wp-json\/wp\/v2\/posts\/21803\/revisions"}],"wp:featuredmedia":[{"embeddable":true,"href":"https:\/\/latecordoba.com\/index.php\/wp-json\/wp\/v2\/media\/21804"}],"wp:attachment":[{"href":"https:\/\/latecordoba.com\/index.php\/wp-json\/wp\/v2\/media?parent=21803"}],"wp:term":[{"taxonomy":"category","embeddable":true,"href":"https:\/\/latecordoba.com\/index.php\/wp-json\/wp\/v2\/categories?post=21803"},{"taxonomy":"post_tag","embeddable":true,"href":"https:\/\/latecordoba.com\/index.php\/wp-json\/wp\/v2\/tags?post=21803"}],"curies":[{"name":"wp","href":"https:\/\/api.w.org\/{rel}","templated":true}]}}