{"id":21789,"date":"2024-04-03T12:36:54","date_gmt":"2024-04-03T12:36:54","guid":{"rendered":"https:\/\/www.radiourbanasf.com.ar\/?p=18715"},"modified":"2024-04-03T12:36:54","modified_gmt":"2024-04-03T12:36:54","slug":"milo-j-anuncio-su-primer-show-en-un-estadio-para-celebrar-sus-18","status":"publish","type":"post","link":"https:\/\/latecordoba.com\/index.php\/2024\/04\/03\/milo-j-anuncio-su-primer-show-en-un-estadio-para-celebrar-sus-18\/","title":{"rendered":"Milo J anunci\u00f3 su primer show en un estadio para celebrar sus 18"},"content":{"rendered":"\n<div><img decoding=\"async\" src=\"http:\/\/latecordoba.com\/wp-content\/uploads\/2024\/04\/milo-j-anuncio-su-primer-show-en-un-estadio-para-celebrar-sus-18.jpg\" class=\"ff-og-image-inserted\"><\/div>\n<p>Ser\u00e1 en la cancha de Deportivo Mor\u00f3n, su barrio natal.<\/p>\n<div readability=\"59\">\n<p>S\u00ed,&nbsp;<strong>el 25 de octubre<\/strong>, se subir\u00e1 al escenario montado en el estadio de Deportivo Mor\u00f3n. Y el anuncio lo hizo el propio cantante, ante m\u00e1s de 30 mil personas, en los shows que dio el \u00faltimo fin de semana en el estadio Arena.<\/p>\n<p>\u201cEste a\u00f1o cumplo 18 y tambi\u00e9n lo quiero celebrar con ustedes, as\u00ed que<strong>&nbsp;nos vemos el 25 de octubre en el estadio de Mor\u00f3n<\/strong>\u201d, dijo el artista para coronar lo que fueron dos fechas muy esperadas por el p\u00fablico.<\/p>\n<p>As\u00ed, luego de su hist\u00f3rico paso por Espa\u00f1a y en medio de una extensa gira, Milo J va por m\u00e1s. Y, lo m\u00e1s importante, tiene con qu\u00e9\u2026<\/p>\n<p>Es que el artista revelaci\u00f3n del 2023&nbsp;<strong>no detiene su marcha<\/strong>, y entre estudios de grabaci\u00f3n, shows y destacadas colaboraciones con los m\u00fasicos referentes de la escena, este compositor nato que escribi\u00f3 sus primeras canciones en Mor\u00f3n no hace mucho, emociona y sigue creciendo.<\/p>\n<\/div>\n","protected":false},"excerpt":{"rendered":"\n<div style=\"float:right;margin:0 0 20px 20px;\"><img decoding=\"async\" width=\"150\" height=\"150\" src=\"http:\/\/latecordoba.com\/wp-content\/uploads\/2024\/04\/milo-j-anuncio-su-primer-show-en-un-estadio-para-celebrar-sus-18-1.jpg\" class=\"attachment-thumbnail size-thumbnail wp-post-image\" alt=\"\" loading=\"lazy\" \/><\/div>\n<p>Ser\u00e1 en la cancha de Deportivo Mor\u00f3n, su barrio natal. Hay d\u00edas que no se olvidan. Y para Milo J\u00a0uno de esos ser\u00e1 el 25 de octubre. \u00bfPor qu\u00e9? Porque cumplir\u00e1 18 a\u00f1os, claro. Pero, sobre todo, porque esa noche\u00a0realizar\u00e1 por primera vez en su carrera un show en un estadio. S\u00ed,\u00a0el 25 de octubre, &#8230;  <\/p>\n","protected":false},"author":1,"featured_media":21790,"comment_status":"closed","ping_status":"closed","sticky":false,"template":"","format":"standard","meta":[],"categories":[20],"tags":[],"_links":{"self":[{"href":"https:\/\/latecordoba.com\/index.php\/wp-json\/wp\/v2\/posts\/21789"}],"collection":[{"href":"https:\/\/latecordoba.com\/index.php\/wp-json\/wp\/v2\/posts"}],"about":[{"href":"https:\/\/latecordoba.com\/index.php\/wp-json\/wp\/v2\/types\/post"}],"author":[{"embeddable":true,"href":"https:\/\/latecordoba.com\/index.php\/wp-json\/wp\/v2\/users\/1"}],"replies":[{"embeddable":true,"href":"https:\/\/latecordoba.com\/index.php\/wp-json\/wp\/v2\/comments?post=21789"}],"version-history":[{"count":0,"href":"https:\/\/latecordoba.com\/index.php\/wp-json\/wp\/v2\/posts\/21789\/revisions"}],"wp:featuredmedia":[{"embeddable":true,"href":"https:\/\/latecordoba.com\/index.php\/wp-json\/wp\/v2\/media\/21790"}],"wp:attachment":[{"href":"https:\/\/latecordoba.com\/index.php\/wp-json\/wp\/v2\/media?parent=21789"}],"wp:term":[{"taxonomy":"category","embeddable":true,"href":"https:\/\/latecordoba.com\/index.php\/wp-json\/wp\/v2\/categories?post=21789"},{"taxonomy":"post_tag","embeddable":true,"href":"https:\/\/latecordoba.com\/index.php\/wp-json\/wp\/v2\/tags?post=21789"}],"curies":[{"name":"wp","href":"https:\/\/api.w.org\/{rel}","templated":true}]}}