{"id":21787,"date":"2024-04-03T12:47:35","date_gmt":"2024-04-03T12:47:35","guid":{"rendered":"https:\/\/radioritmo.com.ar\/?p=16885"},"modified":"2024-04-03T12:47:35","modified_gmt":"2024-04-03T12:47:35","slug":"desakta2-lanzo-luna-segundo-videoclip-desde-plaza-espana","status":"publish","type":"post","link":"https:\/\/latecordoba.com\/index.php\/2024\/04\/03\/desakta2-lanzo-luna-segundo-videoclip-desde-plaza-espana\/","title":{"rendered":"DesaKTa2 lanz\u00f3 \u201cLuna\u201d, segundo videoclip desde Plaza Espa\u00f1a"},"content":{"rendered":"\n<div><img decoding=\"async\" src=\"http:\/\/latecordoba.com\/wp-content\/uploads\/2024\/04\/desakta2-lanzo-luna-segundo-videoclip-desde-plaza-espana.jpg\" class=\"ff-og-image-inserted\"><\/div>\n<h2 class=\"article__dropline\">La banda renov\u00f3 su repertorio en la voz de Joaco Mart\u00edn. El material forma parte de su session \u201cEn la ciudad\u201d.<\/h2>\n<p class=\"paragraph\"><b>DesaKTa2<\/b>&nbsp;no para de renovar su listado de canciones y lanz\u00f3 su segundo cap\u00edtulo de la nueva \u201cSession\u201d grabada junto a su p\u00fablico en&nbsp;<b>Plaza Espa\u00f1a<\/b>.<\/p>\n<p class=\"paragraph\">A cargo de&nbsp;<b>Joaco Mart\u00edn<\/b>, la banda joven present\u00f3&nbsp;<i>Luna&nbsp;<\/i>con im\u00e1genes desde el coraz\u00f3n de la ciudad y ya se encuentra disponible en todas las plataformas digitales del d\u00fao cuartetero.<\/p>\n<p>El estreno se sum\u00f3 a<a href=\"https:\/\/eldoce.tv\/cuarteteando\/2024\/03\/20\/desakta2-estreno-su-nueva-session-grabada-en-plaza-espana\/\" target=\"_blank\" rel=\"noopener\"><i>&nbsp;Una foto<\/i><\/a>&nbsp;que inaugur\u00f3 la nueva Session, formato que ya se convirti\u00f3 en una modalidad recurrente de Fer y Joaco.<\/p>\n<p>La nueva apuesta se sum\u00f3 a&nbsp;<b>\u201cDesde la monta\u00f1a\u201d, \u201cDistrito\u201d&nbsp;<\/b>y&nbsp;<b>\u201cPool party\u201d&nbsp;<\/b>del cual salieron numerosos videoclips que alcanzaron miles de reproducciones en su canal de YouTube.<\/p>\n<p><iframe loading=\"lazy\" title=\"Luna \/\/ DesaKTa2\" width=\"618\" height=\"348\" src=\"https:\/\/www.youtube.com\/embed\/0vctlBz5GKs?feature=oembed\" frameborder=\"0\" allow=\"accelerometer; autoplay; clipboard-write; encrypted-media; gyroscope; picture-in-picture; web-share\" referrerpolicy=\"strict-origin-when-cross-origin\" allowfullscreen>[embedded content]<\/iframe><\/p>\n","protected":false},"excerpt":{"rendered":"<p> La banda renov\u00f3 su repertorio en la voz de Joaco Mart\u00edn. El material forma parte de su session \u201cEn la ciudad\u201d. DesaKTa2\u00a0no para de renovar su listado de canciones y lanz\u00f3 su segundo cap\u00edtulo de la nueva \u201cSession\u201d grabada junto a su p\u00fablico en\u00a0Plaza Espa\u00f1a. A cargo de\u00a0Joaco Mart\u00edn, la banda joven present\u00f3\u00a0Luna\u00a0con im\u00e1genes desde &#8230;  <\/p>\n","protected":false},"author":1,"featured_media":21788,"comment_status":"closed","ping_status":"closed","sticky":false,"template":"","format":"standard","meta":[],"categories":[20],"tags":[],"_links":{"self":[{"href":"https:\/\/latecordoba.com\/index.php\/wp-json\/wp\/v2\/posts\/21787"}],"collection":[{"href":"https:\/\/latecordoba.com\/index.php\/wp-json\/wp\/v2\/posts"}],"about":[{"href":"https:\/\/latecordoba.com\/index.php\/wp-json\/wp\/v2\/types\/post"}],"author":[{"embeddable":true,"href":"https:\/\/latecordoba.com\/index.php\/wp-json\/wp\/v2\/users\/1"}],"replies":[{"embeddable":true,"href":"https:\/\/latecordoba.com\/index.php\/wp-json\/wp\/v2\/comments?post=21787"}],"version-history":[{"count":0,"href":"https:\/\/latecordoba.com\/index.php\/wp-json\/wp\/v2\/posts\/21787\/revisions"}],"wp:featuredmedia":[{"embeddable":true,"href":"https:\/\/latecordoba.com\/index.php\/wp-json\/wp\/v2\/media\/21788"}],"wp:attachment":[{"href":"https:\/\/latecordoba.com\/index.php\/wp-json\/wp\/v2\/media?parent=21787"}],"wp:term":[{"taxonomy":"category","embeddable":true,"href":"https:\/\/latecordoba.com\/index.php\/wp-json\/wp\/v2\/categories?post=21787"},{"taxonomy":"post_tag","embeddable":true,"href":"https:\/\/latecordoba.com\/index.php\/wp-json\/wp\/v2\/tags?post=21787"}],"curies":[{"name":"wp","href":"https:\/\/api.w.org\/{rel}","templated":true}]}}