{"id":21778,"date":"2024-04-04T01:07:28","date_gmt":"2024-04-04T01:07:28","guid":{"rendered":"http:\/\/1796cae6eb6fab1d0054070c871d6ddb"},"modified":"2024-04-04T01:07:28","modified_gmt":"2024-04-04T01:07:28","slug":"upcn-va-a-la-justicia-por-los-despidos","status":"publish","type":"post","link":"https:\/\/latecordoba.com\/index.php\/2024\/04\/04\/upcn-va-a-la-justicia-por-los-despidos\/","title":{"rendered":"UPCN va a la Justicia por los despidos"},"content":{"rendered":"\n<div class=\"media_block\"><img decoding=\"async\" src=\"http:\/\/latecordoba.com\/wp-content\/uploads\/2024\/04\/upcn-va-a-la-justicia-por-los-despidos.jpg\"><\/div>\n<div><img decoding=\"async\" src=\"http:\/\/latecordoba.com\/wp-content\/uploads\/2024\/04\/upcn-va-a-la-justicia-por-los-despidos-1.jpg\" class=\"ff-og-image-inserted\"><\/div>\n<p dir=\"ltr\">La Uni\u00f3n del Personal Civil de la Naci\u00f3n (UPCN) activar\u00e1 este jueves la primera acci\u00f3n colectiva de amparo contra los despidos masivos concretados en los \u00faltimos d\u00edas en el Estado nacional por decisi\u00f3n del presidente Javier Milei.<\/p>\n<p dir=\"ltr\">La presentaci\u00f3n judicial ser\u00e1 realizada a las 12 del mediod\u00eda por el secretario general Andr\u00e9s Rodr\u00edguez, en compa\u00f1\u00eda con m\u00e1s de 200 delegados del gremio estatal, ante el Juzgado Nacional de Primera Instancia del Trabajo N\u00b0 57, Lavalle 1268, de la Ciudad de Buenos Aires.<\/p>\n<p dir=\"ltr\">Fuente del gremio explicaron a Mundo Gremial que se trata de una acci\u00f3n de amparo colectiva, sin perjuicio de las cientos de acciones judiciales individuales que se encuentran en curso. Se buscar\u00e1 que la Justicia ordene al Estado empleador el cese de despidos masivos de trabajadores p\u00fablicos nacionales.<\/p>\n<p dir=\"ltr\">El propio Gobierno confirm\u00f3 que hasta el momento de desvincul\u00f3 a 15.000 trabajadores estatales de distintos ministerios, organismos y dependencias del Estado nacional.<\/p>\n<p dir=\"ltr\">La entidad fundamenta su recurso en que, mediante esos actos arbitrarios, compulsivos y discriminatorios, se vulneran derechos establecidos en el Art\u00edculo 14 bis de nuestra Constituci\u00f3n Nacional, que consagrar al trabajador p\u00fablico como sujeto de preferente tutela, garantiz\u00e1ndole estabilidad propia en el empleo.<\/p>\n<p dir=\"ltr\">&#8220;Bajo la excusa de supuestas auditor\u00edas se ha despedido personal contratado en 2023, pero tambi\u00e9n contratados de muchos a\u00f1os de antig\u00fcedad, personal de planta transitoria concursado a la planta permanente y trabajadores de planta permanente, sin que esas desvinculaciones respondan a l\u00f3gica alguna que no sea la de achicar plantas en un porcentaje predeterminado y sin atender ninguna dotaci\u00f3n necesaria con respecto a la pol\u00edtica p\u00fablica que se brinda en cada sector&#8221;, explican desde UPCN.<\/p>\n<p dir=\"ltr\">El sindicato que conduce Rodr\u00edguez se declar\u00f3 en &#8220;estado de alerta y movilizaci\u00f3n permanente&#8221; por el accionar &#8220;injusto y desmedido&#8221; del gobierno de Milei, con la activaci\u00f3n de acciones gremiales en distintos organismos y presentaciones judiciales para revertir la situaci\u00f3n.<\/p>\n<p> <\/p>\n","protected":false},"excerpt":{"rendered":"\n<div class=\"media_block\"><img decoding=\"async\" src=\"http:\/\/latecordoba.com\/wp-content\/uploads\/2024\/04\/upcn-va-a-la-justicia-por-los-despidos.jpg\"><\/div>\n<p>El secretario general de UPCN, Andr\u00e9s Rodr\u00edguez, presentar\u00e1 una acci\u00f3n de amparo colectiva para frenar los despidos en el Estado. El gremio se declar\u00f3 en &#8220;estado de alerta y movilizaci\u00f3n permanente&#8221;.  <\/p>\n","protected":false},"author":1,"featured_media":21779,"comment_status":"closed","ping_status":"closed","sticky":false,"template":"","format":"standard","meta":[],"categories":[18],"tags":[],"_links":{"self":[{"href":"https:\/\/latecordoba.com\/index.php\/wp-json\/wp\/v2\/posts\/21778"}],"collection":[{"href":"https:\/\/latecordoba.com\/index.php\/wp-json\/wp\/v2\/posts"}],"about":[{"href":"https:\/\/latecordoba.com\/index.php\/wp-json\/wp\/v2\/types\/post"}],"author":[{"embeddable":true,"href":"https:\/\/latecordoba.com\/index.php\/wp-json\/wp\/v2\/users\/1"}],"replies":[{"embeddable":true,"href":"https:\/\/latecordoba.com\/index.php\/wp-json\/wp\/v2\/comments?post=21778"}],"version-history":[{"count":0,"href":"https:\/\/latecordoba.com\/index.php\/wp-json\/wp\/v2\/posts\/21778\/revisions"}],"wp:featuredmedia":[{"embeddable":true,"href":"https:\/\/latecordoba.com\/index.php\/wp-json\/wp\/v2\/media\/21779"}],"wp:attachment":[{"href":"https:\/\/latecordoba.com\/index.php\/wp-json\/wp\/v2\/media?parent=21778"}],"wp:term":[{"taxonomy":"category","embeddable":true,"href":"https:\/\/latecordoba.com\/index.php\/wp-json\/wp\/v2\/categories?post=21778"},{"taxonomy":"post_tag","embeddable":true,"href":"https:\/\/latecordoba.com\/index.php\/wp-json\/wp\/v2\/tags?post=21778"}],"curies":[{"name":"wp","href":"https:\/\/api.w.org\/{rel}","templated":true}]}}