{"id":21772,"date":"2024-04-03T14:22:11","date_gmt":"2024-04-03T14:22:11","guid":{"rendered":"http:\/\/6fbe5973d0af4bb74d83709e24a07a22"},"modified":"2024-04-03T14:22:11","modified_gmt":"2024-04-03T14:22:11","slug":"los-veteranos-de-malvinas-acorralaron-a-melella-por-el-radar-britanico-en-tierra-del-fuego","status":"publish","type":"post","link":"https:\/\/latecordoba.com\/index.php\/2024\/04\/03\/los-veteranos-de-malvinas-acorralaron-a-melella-por-el-radar-britanico-en-tierra-del-fuego\/","title":{"rendered":"Los veteranos de Malvinas acorralaron a Melella por el radar brit\u00e1nico en Tierra del Fuego"},"content":{"rendered":"\n<div class=\"media_block\"><img decoding=\"async\" src=\"http:\/\/latecordoba.com\/wp-content\/uploads\/2024\/04\/los-veteranos-de-malvinas-acorralaron-a-melella-por-el-radar-britanico-en-tierra-del-fuego.jpg\"><\/div>\n<div><img decoding=\"async\" src=\"http:\/\/latecordoba.com\/wp-content\/uploads\/2024\/04\/los-veteranos-de-malvinas-acorralaron-a-melella-por-el-radar-britanico-en-tierra-del-fuego-1.jpg\" class=\"ff-og-image-inserted\"><\/div>\n<p>El gobernador de Tierra del Fuego, Gustavo Melella, pas\u00f3 un momento inc\u00f3modo durante el acto oficial por el 2 de abril cuando los veteranos de la guerra de Malvinas le pidieron explicaciones por el radar brit\u00e1nico instalado en Tolhuin.<\/p>\n<p> El reclamo a Melella lo expres\u00f3 el titular del Centro de Veteranos de Ushuaia, Juan Carlos Parodi, quien dijo que la instalaci\u00f3n del radar &#8220;en el patio de casa&#8221; es &#8220;la frutilla del postre&#8221; al abandono de la defensa nacional.<\/p>\n<p> El veterano de guerra denunci\u00f3 que los funcionarios han dado &#8220;ambiguas explicaciones bajo la premisa del secreto de Estado&#8221; y denunci\u00f3 que la instalaci\u00f3n sigue funcionando a pesar de que el a\u00f1o pasado el entonces ministro de Defensa, Jorge Taiana,&nbsp;<a href=\"https:\/\/www.lapoliticaonline.com\/politica\/por-presion-de-taiana-el-gobierno-suspendio-la-instalacion-de-radar-de-eeuu-en-el-sur\/\" target=\"_blank\" rel=\"noopener\">orden\u00f3 desmontarla<\/a>.<\/p>\n<p>&#8220;Es verdad lo que el gobernador ha expresado y tambi\u00e9n nos ha informado por escrito la Direcci\u00f3n provincial de Energ\u00eda de que han cortado el suministro el\u00e9ctrico y retirado el medidor, pero es el suministro el\u00e9ctrico de baja tensi\u00f3n&#8221;, revel\u00f3 Parodi. &#8220;Exigimos explicaciones sobre la l\u00ednea de media tensi\u00f3n y la fibra \u00f3ptica que entra de manera subterr\u00e1nea a la estancia. No resulta suficiente (explicaci\u00f3n) que esa l\u00ednea se mantiene para alimentar la garita de la guardia policial, es demasiado&#8221;, denunci\u00f3 el veterano, que solicit\u00f3 que se les permita ingresar a la estancia.<\/p>\n<p class=\"authorquote\">Uno puede repudiar, una cosa es repudiar y otra cosa es saber para qu\u00e9 sirve. \u00bfUstedes se creen que necesitan un radar para hacer inteligencia? Saben lo que decimos y lo que vivimos haciendo permanentemente<\/p>\n<p>Melella tom\u00f3 nota de las cr\u00edticas de los veteranos, pero le rest\u00f3 importancia a la instalaci\u00f3n del radar brit\u00e1nico a unos 600 kil\u00f3metros de las Islas Malvinas.<\/p>\n<p>&#8220;Es un radar americano, el 95% es americano y un 5% tiene que ver con Gran Breta\u00f1a&#8221;, respondi\u00f3 el gobernador fueguino.&nbsp;&#8220;Si es un problema de Defensa, se tiene que ocupar la Defensa, \u00bfyo que voy a ir con la Protecci\u00f3n Civil? Si es un problema de Defensa nacional tan serio como dicen, se tienen que hacer cargo. Quienes saben se tienen que ocupar&#8221;, se deslig\u00f3.<\/p>\n<p>&#8220;Uno puede repudiar, una cosa es repudiar y otra cosa es saber para qu\u00e9 sirve. \u00bfUstedes se creen que necesitan un radar para hacer inteligencia? Saben lo que decimos y lo que vivimos haciendo permanentemente&#8221;, complet\u00f3 Melella.<\/p>\n<p>El radar en Tolhuin fue instalado por la empresa LeoLabs, una firma californiana con capitales brit\u00e1nicos-irlandeses que es proveedora comercial de servicios de conciencia de la situaci\u00f3n espacial (SSA) y mapeo de \u00f3rbita terrestre baja (LEO). La instalaci\u00f3n del radar hab\u00eda sido celebrada el a\u00f1o pasado por el embajador estadounidense Marc Stanley.<\/p>\n","protected":false},"excerpt":{"rendered":"\n<div class=\"media_block\"><img decoding=\"async\" src=\"http:\/\/latecordoba.com\/wp-content\/uploads\/2024\/04\/los-veteranos-de-malvinas-acorralaron-a-melella-por-el-radar-britanico-en-tierra-del-fuego.jpg\"><\/div>\n<p>En el acto oficial por el 2 de abril le reclamaron al gobernador explicaciones por la instalaci\u00f3n de una empresa en Tolhuin. &#8220;\u00bfUstedes se creen que necesitan un radar para hacer inteligencia&#8221;, respondi\u00f3.  <\/p>\n","protected":false},"author":1,"featured_media":21773,"comment_status":"closed","ping_status":"closed","sticky":false,"template":"","format":"standard","meta":[],"categories":[18],"tags":[],"_links":{"self":[{"href":"https:\/\/latecordoba.com\/index.php\/wp-json\/wp\/v2\/posts\/21772"}],"collection":[{"href":"https:\/\/latecordoba.com\/index.php\/wp-json\/wp\/v2\/posts"}],"about":[{"href":"https:\/\/latecordoba.com\/index.php\/wp-json\/wp\/v2\/types\/post"}],"author":[{"embeddable":true,"href":"https:\/\/latecordoba.com\/index.php\/wp-json\/wp\/v2\/users\/1"}],"replies":[{"embeddable":true,"href":"https:\/\/latecordoba.com\/index.php\/wp-json\/wp\/v2\/comments?post=21772"}],"version-history":[{"count":0,"href":"https:\/\/latecordoba.com\/index.php\/wp-json\/wp\/v2\/posts\/21772\/revisions"}],"wp:featuredmedia":[{"embeddable":true,"href":"https:\/\/latecordoba.com\/index.php\/wp-json\/wp\/v2\/media\/21773"}],"wp:attachment":[{"href":"https:\/\/latecordoba.com\/index.php\/wp-json\/wp\/v2\/media?parent=21772"}],"wp:term":[{"taxonomy":"category","embeddable":true,"href":"https:\/\/latecordoba.com\/index.php\/wp-json\/wp\/v2\/categories?post=21772"},{"taxonomy":"post_tag","embeddable":true,"href":"https:\/\/latecordoba.com\/index.php\/wp-json\/wp\/v2\/tags?post=21772"}],"curies":[{"name":"wp","href":"https:\/\/api.w.org\/{rel}","templated":true}]}}