{"id":21748,"date":"2024-04-03T05:13:56","date_gmt":"2024-04-03T05:13:56","guid":{"rendered":"https:\/\/elnoticierodigital.com.ar\/?p=1940350"},"modified":"2024-04-03T05:13:56","modified_gmt":"2024-04-03T05:13:56","slug":"vamos-los-bros-que-hicieron-martin-ku-y-bautista-al-convertirse-en-lideres-de-la-semana","status":"publish","type":"post","link":"https:\/\/latecordoba.com\/index.php\/2024\/04\/03\/vamos-los-bros-que-hicieron-martin-ku-y-bautista-al-convertirse-en-lideres-de-la-semana\/","title":{"rendered":"\u00a1Vamos los \u00b4Bros! Que hicieron Mart\u00edn Ku y Bautista al convertirse en l\u00edderes de la semana"},"content":{"rendered":"<p> <!-- image --><\/p>\n<div class=\"td-post-featured-image\"><a href=\"https:\/\/i0.wp.com\/elnoticierodigital.com.ar\/wp-content\/uploads\/2024\/04\/1940350.png?fit=1200%2C630&amp;ssl=1\" data-caption><img decoding=\"async\" loading=\"lazy\" width=\"696\" height=\"365\" class=\"entry-thumb td-modal-image\" src=\"http:\/\/latecordoba.com\/wp-content\/uploads\/2024\/04\/vamos-los-bros-que-hicieron-martin-ku-y-bautista-al-convertirse-en-lideres-de-la-semana.png\" srcset=\"http:\/\/latecordoba.com\/wp-content\/uploads\/2024\/04\/vamos-los-bros-que-hicieron-martin-ku-y-bautista-al-convertirse-en-lideres-de-la-semana-1.png 1200w, http:\/\/latecordoba.com\/wp-content\/uploads\/2024\/04\/vamos-los-bros-que-hicieron-martin-ku-y-bautista-al-convertirse-en-lideres-de-la-semana-2.png 300w, http:\/\/latecordoba.com\/wp-content\/uploads\/2024\/04\/vamos-los-bros-que-hicieron-martin-ku-y-bautista-al-convertirse-en-lideres-de-la-semana-3.png 1024w, http:\/\/latecordoba.com\/wp-content\/uploads\/2024\/04\/vamos-los-bros-que-hicieron-martin-ku-y-bautista-al-convertirse-en-lideres-de-la-semana-4.png 768w, http:\/\/latecordoba.com\/wp-content\/uploads\/2024\/04\/vamos-los-bros-que-hicieron-martin-ku-y-bautista-al-convertirse-en-lideres-de-la-semana-5.png 150w, http:\/\/latecordoba.com\/wp-content\/uploads\/2024\/04\/vamos-los-bros-que-hicieron-martin-ku-y-bautista-al-convertirse-en-lideres-de-la-semana.png 696w, https:\/\/i0.wp.com\/elnoticierodigital.com.ar\/wp-content\/uploads\/2024\/04\/1940350.png?resize=1068%2C561&amp;ssl=1 1068w\" sizes=\"(max-width: 696px) 100vw, 696px\" alt title=\"1940350\"><\/a><\/div>\n<p> <!-- content --><\/p>\n<article readability=\"33\">Los ganadores de la prueba por el liderazgo de la casa m\u00e1s famosa del pa\u00eds fueron la pareja de Mart\u00edn Ku y Bautista Mascia que vencieron a Dami\u00e1n y Virginia. Los \u00b4Bros se mostraron muy felices y se dieron un gran abrazo de festejo, el resto de los compa\u00f1eros tambi\u00e9n los felicitaron.<\/p>\n<p>El desafi\u00f3 consist\u00eda en que ambas parejas ten\u00edan que tirar de una cuerda en conjunto e ir colocando cuatro barras en una plataforma que arriba ten\u00eda un c\u00edrculo con los espacios marcados y que se iba desbalanceando y tirando las barras. Esta fue una prueba que mezcl\u00f3 equilibrio con paciencia y trabajo en equipo.<\/p>\n<p>Si bien no hubo debate, en el programa de esta noche se hizo un espiando la casa y se mostr\u00f3 en vivo la final del desaf\u00edo. El programa comenz\u00f3 a las 23:30 y se pudo ver por la pantalla de Telef\u00e9 al termino del partido de Copa Libertadores entre Deportivo T\u00e1chira y River Plate. Tambi\u00e9n se pudo seguir desde cualquier dispositivo m\u00f3vil a trav\u00e9s de las aplicaciones Flow, Telecentro Play y DirecTV Go, donde tambi\u00e9n se pueden ver las c\u00e1maras 24 horas.<\/p>\n<p>Al igual que todos los martes antes de la gala de nominaci\u00f3n, los participantes de Gran Hermano 2024 compitieron por el liderazgo de la semana, que otorga importantes beneficios como lo son la salvaci\u00f3n y la inmunidad. Cabe recordar que la semana pasada hubo doble liderazgo de Mart\u00edn y Zoe.<\/p>\n<p>LA PRUEBA QUE DETERMIN\u00d3 A LOS FINALISTAS<\/p>\n<p>En esta ocasi\u00f3n, los hermanitos de Gran Hermano debieron encontrar las barras que estaban escondidas en los rincones de la casa. De esta manera, quedaron conformados los primeros equipos: el Chino con Bautista; Catalina con Mauro; y Manzana con Dar\u00edo.<\/p>\n<p>Despu\u00e9s de lograr colocar tres barras en equilibrio sobre un cilindro movible, el Chino y Bautista se coronaron como los finalistas del desaf\u00edo y esta noche se tuvieron que medir frente a Virginia y Dami\u00e1n, resultados ganadores la primera pareja.<\/p>\n<\/article>\n<p>Fuente: <a href=\"https:\/\/www.paparazzi.com.ar\/teve\/vamos-los-bros-que-hicieron-martin-ku-y-bautista-al-convertirse-en-lideres-de-la-semana\/\">https:\/\/www.paparazzi.com.ar\/<\/a><\/p>\n","protected":false},"excerpt":{"rendered":"<p> Los ganadores de la prueba por el liderazgo de la casa m\u00e1s famosa del pa\u00eds fueron la pareja de Mart\u00edn Ku y Bautista Mascia que vencieron a Dami\u00e1n y Virginia. Los \u00b4Bros se mostraron muy felices y se dieron un gran abrazo de festejo, el resto de los compa\u00f1eros tambi\u00e9n los felicitaron. El desafi\u00f3 consist\u00eda [&#8230;]  <\/p>\n","protected":false},"author":1,"featured_media":21749,"comment_status":"closed","ping_status":"closed","sticky":false,"template":"","format":"standard","meta":[],"categories":[14],"tags":[],"_links":{"self":[{"href":"https:\/\/latecordoba.com\/index.php\/wp-json\/wp\/v2\/posts\/21748"}],"collection":[{"href":"https:\/\/latecordoba.com\/index.php\/wp-json\/wp\/v2\/posts"}],"about":[{"href":"https:\/\/latecordoba.com\/index.php\/wp-json\/wp\/v2\/types\/post"}],"author":[{"embeddable":true,"href":"https:\/\/latecordoba.com\/index.php\/wp-json\/wp\/v2\/users\/1"}],"replies":[{"embeddable":true,"href":"https:\/\/latecordoba.com\/index.php\/wp-json\/wp\/v2\/comments?post=21748"}],"version-history":[{"count":0,"href":"https:\/\/latecordoba.com\/index.php\/wp-json\/wp\/v2\/posts\/21748\/revisions"}],"wp:featuredmedia":[{"embeddable":true,"href":"https:\/\/latecordoba.com\/index.php\/wp-json\/wp\/v2\/media\/21749"}],"wp:attachment":[{"href":"https:\/\/latecordoba.com\/index.php\/wp-json\/wp\/v2\/media?parent=21748"}],"wp:term":[{"taxonomy":"category","embeddable":true,"href":"https:\/\/latecordoba.com\/index.php\/wp-json\/wp\/v2\/categories?post=21748"},{"taxonomy":"post_tag","embeddable":true,"href":"https:\/\/latecordoba.com\/index.php\/wp-json\/wp\/v2\/tags?post=21748"}],"curies":[{"name":"wp","href":"https:\/\/api.w.org\/{rel}","templated":true}]}}