{"id":21735,"date":"2024-04-03T03:15:30","date_gmt":"2024-04-03T03:15:30","guid":{"rendered":"https:\/\/viapais.com.ar\/cordoba\/instituto-para-copa-argentina-lista-de-convocados-y-la-formacion-de-este-miercoles\/"},"modified":"2024-04-03T03:15:30","modified_gmt":"2024-04-03T03:15:30","slug":"instituto-para-copa-argentina-lista-de-convocados-y-la-formacion-de-este-miercoles","status":"publish","type":"post","link":"https:\/\/latecordoba.com\/index.php\/2024\/04\/03\/instituto-para-copa-argentina-lista-de-convocados-y-la-formacion-de-este-miercoles\/","title":{"rendered":"Instituto para Copa Argentina: lista de convocados y la formaci\u00f3n de este mi\u00e9rcoles"},"content":{"rendered":"<br \/>\n<section readability=\"39.356673960613\">\n<p>Un<b> Instituto que sufri\u00f3 un baj\u00f3n en la Copa de la Liga<\/b> apuesta a <b>levantar cabeza en <\/b><a href=\"https:\/\/viapais.com.ar\/cordoba\/belgrano-talleres-e-instituto-de-copas-en-una-semana-historica-para-cordoba\/\" target=\"_blank\" rel=\"noopener\"><b>Copa Argentina<\/b><\/a><b>, <\/b>en la que har\u00e1 su presentaci\u00f3n este <a href=\"https:\/\/viapais.com.ar\/cordoba\/por-la-recuperacion-instituto-y-los-cambios-que-prepara-para-la-copa-argentina\/\" target=\"_blank\" rel=\"noopener\"><b>mi\u00e9rcoles a las 19 frente a Talleres de Remedios de Escalada,<\/b><\/a><b> <\/b>que milita en la Primera Nacional, en cancha de Atl\u00e9tico <b>Rafaela.<\/b><\/p>\n<article class=\"article card\">\n<div class=\"article-inner \">\n<div class=\"article-image \"><a href=\"https:\/\/viapais.com.ar\/cordoba\/maravilla-el-delantero-ex-instituto-que-esta-intratable-y-llego-a-la-cima-de-la-tabla-de-goleadores\/\" title=\"Maravilla: el delantero ex Instituto que est\u00e1 intratable y lleg\u00f3 a la cima de la tabla de goleadores\"><\/p>\n<figure><img alt=\"Maravilla: el delantero ex Instituto que est\u00e1 intratable y lleg\u00f3 a la cima de la tabla de goleadores\" class=\" block \" src=\"http:\/\/latecordoba.com\/wp-content\/uploads\/2024\/04\/instituto-para-copa-argentina-lista-de-convocados-y-la-formacion-de-este-miercoles.jpg\" sizes=\"auto\" loading=\"lazy\" data-src=\"http:\/\/latecordoba.com\/wp-content\/uploads\/2024\/04\/instituto-para-copa-argentina-lista-de-convocados-y-la-formacion-de-este-miercoles.jpg\" width=\"307px\" fetchpriority=\"low\" decoding=\"async\" height=\"173px\"><\/figure>\n<p><\/a><\/div>\n<\/div>\n<\/article>\n<p>Como el <b>domingo visita a Barracas Central por la pen\u00faltima fecha<\/b> de la Copa de la Liga, se especulaba que Diego Dabove aplicar\u00eda rotaci\u00f3n en el once titular, priorizando el intento de volver a meterse entre los cuatro primeros de la Zona A.<\/p>\n<p>Pero el DT Albirrojo pondr\u00e1 en escena a la mayor parte de los titulares: <b>Manuel Roffo; V\u00edctor Cabrera, Fernando Alarc\u00f3n y Miguel Brizuela; Giuliano Cerato, Roberto Bochi, Gast\u00f3n Lodico y Jonathan Bay; Silvio Romero, Facundo Su\u00e1rez, Santiago Rodr\u00edguez.<\/b><\/p>\n<figure><picture><img alt=\"Diego Dabove no aplicar\u00e1 la rotaci\u00f3n para el Instituto que juega por Copa Argentina.\" class=\" block \" src=\"http:\/\/latecordoba.com\/wp-content\/uploads\/2024\/04\/instituto-para-copa-argentina-lista-de-convocados-y-la-formacion-de-este-miercoles-1.jpg\" sizes=\"auto\" loading=\"lazy\" data-src=\"http:\/\/latecordoba.com\/wp-content\/uploads\/2024\/04\/instituto-para-copa-argentina-lista-de-convocados-y-la-formacion-de-este-miercoles-1.jpg\" width=\"1023px\" fetchpriority=\"low\" decoding=\"async\" height=\"1251px\"><\/picture><figcaption class>Diego Dabove no aplicar\u00e1 la rotaci\u00f3n para el Instituto que juega por Copa Argentina. Foto: Prensa Institut<\/figcaption><\/figure>\n<article class=\"article card videoCard\">\n<div class=\"article-inner \">\n<div class=\"article-image \"><a href=\"https:\/\/viapais.com.ar\/cordoba\/belgrano-talleres-e-instituto-en-primera-episodio-12-la-goleada-del-pirata-fue-real\/\" title=\"Belgrano, Talleres e Instituto en Primera, episodio 12; la goleada del Pirata fue Real.\"><\/p>\n<figure><img alt=\"Belgrano, Talleres e Instituto en Primera, episodio 12; la goleada del Pirata fue Real.\" class=\" block \" src=\"http:\/\/latecordoba.com\/wp-content\/uploads\/2024\/04\/instituto-para-copa-argentina-lista-de-convocados-y-la-formacion-de-este-miercoles-2.jpg\" sizes=\"auto\" loading=\"lazy\" data-src=\"http:\/\/latecordoba.com\/wp-content\/uploads\/2024\/04\/instituto-para-copa-argentina-lista-de-convocados-y-la-formacion-de-este-miercoles-2.jpg\" width=\"307px\" fetchpriority=\"low\" decoding=\"async\" height=\"173px\"><\/figure>\n<p><\/a><\/div>\n<\/div>\n<\/article>\n<p><b>Con tres en el fondo y el Chino Silvio Romero<\/b> de titular, se modifica el esquema de juego, con un <b>3-4-3. Tambi\u00e9n se destaca el regreso de Santiago Rodr\u00edguez a la titularidad, y seguir\u00e1 como eje del equipo Roberto Bochi, junto al Gatito L\u00f3dico.<\/b><\/p>\n<h2 class><b>AS\u00cd FOMAR\u00cdA EL RIVAL DE INSTITUTO<\/b><\/h2>\n<p><b>Talleres de Remedios de Escalada es uno de los ascendidos <\/b>a Primera Nacional en esta temporada, y est\u00e1 de mitad de cancha para abajo. Entre las caras conocidas aparece <b>David Achucarro, defensor que pasara por Talleres<\/b> en la Primera Nacional.<\/p>\n<p>Los dirigidos por Mart\u00edn Rol\u00f3n pondr\u00e1n en cancha a <b>Dami\u00e1n Tello; Fernando Dur\u00e9, Nicol\u00e1s Monserrat, Achucarro y Patricio Romero; Norberto Palmieri, Luciano S\u00e1nchez, Fernando Enrique, Agust\u00edn Campana; Dylan Vergara, y Mat\u00edas Donato<\/b>.<\/p>\n<\/section>\n<div class=\"story-tags noreadme-audima\">\n<h3>Temas Relacionados<\/h3>\n<\/div>\n","protected":false},"excerpt":{"rendered":"<p>Un Instituto que sufri\u00f3 un baj\u00f3n en la Copa de la Liga apuesta a levantar cabeza en Copa Argentina, en la que har\u00e1 su presentaci\u00f3n este mi\u00e9rcoles a las 19 frente a Talleres de Remedios de Escalada, que milita en la Primera Nacional, en cancha de Atl\u00e9tico Rafaela. Como el domingo visita a Barracas Central [&hellip;]<\/p>\n","protected":false},"author":1,"featured_media":21736,"comment_status":"closed","ping_status":"closed","sticky":false,"template":"","format":"standard","meta":[],"categories":[15],"tags":[],"_links":{"self":[{"href":"https:\/\/latecordoba.com\/index.php\/wp-json\/wp\/v2\/posts\/21735"}],"collection":[{"href":"https:\/\/latecordoba.com\/index.php\/wp-json\/wp\/v2\/posts"}],"about":[{"href":"https:\/\/latecordoba.com\/index.php\/wp-json\/wp\/v2\/types\/post"}],"author":[{"embeddable":true,"href":"https:\/\/latecordoba.com\/index.php\/wp-json\/wp\/v2\/users\/1"}],"replies":[{"embeddable":true,"href":"https:\/\/latecordoba.com\/index.php\/wp-json\/wp\/v2\/comments?post=21735"}],"version-history":[{"count":0,"href":"https:\/\/latecordoba.com\/index.php\/wp-json\/wp\/v2\/posts\/21735\/revisions"}],"wp:featuredmedia":[{"embeddable":true,"href":"https:\/\/latecordoba.com\/index.php\/wp-json\/wp\/v2\/media\/21736"}],"wp:attachment":[{"href":"https:\/\/latecordoba.com\/index.php\/wp-json\/wp\/v2\/media?parent=21735"}],"wp:term":[{"taxonomy":"category","embeddable":true,"href":"https:\/\/latecordoba.com\/index.php\/wp-json\/wp\/v2\/categories?post=21735"},{"taxonomy":"post_tag","embeddable":true,"href":"https:\/\/latecordoba.com\/index.php\/wp-json\/wp\/v2\/tags?post=21735"}],"curies":[{"name":"wp","href":"https:\/\/api.w.org\/{rel}","templated":true}]}}