{"id":21733,"date":"2024-04-02T23:37:57","date_gmt":"2024-04-02T23:37:57","guid":{"rendered":"http:\/\/261e1c1de7eac7d2e930e882b8a2beef"},"modified":"2024-04-02T23:37:57","modified_gmt":"2024-04-02T23:37:57","slug":"ante-el-brote-de-dengue-en-el-gobierno-de-kicillof-reclaman-que-milei-intervenga-en-la-produccion-de-repelentes","status":"publish","type":"post","link":"https:\/\/latecordoba.com\/index.php\/2024\/04\/02\/ante-el-brote-de-dengue-en-el-gobierno-de-kicillof-reclaman-que-milei-intervenga-en-la-produccion-de-repelentes\/","title":{"rendered":"Ante el brote de dengue, en el gobierno de Kicillof reclaman que Milei intervenga en la producci\u00f3n de repelentes"},"content":{"rendered":"\n<div class=\"media_block\"><img decoding=\"async\" src=\"http:\/\/latecordoba.com\/wp-content\/uploads\/2024\/04\/ante-el-brote-de-dengue-en-el-gobierno-de-kicillof-reclaman-que-milei-intervenga-en-la-produccion-de-repelentes.jpg\"><\/div>\n<div><img decoding=\"async\" src=\"http:\/\/latecordoba.com\/wp-content\/uploads\/2024\/04\/ante-el-brote-de-dengue-en-el-gobierno-de-kicillof-reclaman-que-milei-intervenga-en-la-produccion-de-repelentes-1.jpg\" class=\"ff-og-image-inserted\"><\/div>\n<p>El brote de dengue ya alcanz\u00f3 niveles hist\u00f3ricos y supera los 180 mil casos, con 129 muertes. Frente a ese cuadro, en la gesti\u00f3n de Axel Kicillof, el ministro de Salud Nicol\u00e1s Kreplak reclam\u00f3 que el gobierno de Javier Milei intervenga en la produccion de repelentes.<\/p>\n<p>&#8220;Tendr\u00eda que intervenir el Estado Nacional para aumentar la producci\u00f3n o fabricar. Es dif\u00edcil porque el mercado no se regula solo, en materia de salud tampoco&#8221;, expres\u00f3 el funcionario bonaerense que contrast\u00f3 con las acciones de la Provincia, donde se fabrican 10 mil frascos de repelente por semana, los cuales se entregan en operativos territoriales.<\/p>\n<p>Asimismo, Kreplak acus\u00f3 al gobierno libertario por la tard\u00eda puesta en marcha de la campa\u00f1a de prevenci\u00f3n de la enfermedad. &#8220;No hab\u00eda que esperar hasta marzo, sino que el 11 de diciembre hab\u00eda que arrancar con un plan de gobierno que tenga como primera emergencia resolver esto&#8221;, dijo.<\/p>\n<p>En la provincia de Buenos Aires ya fueron confirmados 97.516 contagiados, mientras que en la Ciudad se acumulan 50.905. El AMBA la regi\u00f3n m\u00e1s golpeada por el brote. En ese contexto, Kreplak, acus\u00f3: &#8220;La Naci\u00f3n no est\u00e1 haciendo nada&#8221;.<\/p>\n<p>Esa foto es una de las que m\u00e1s preocupa a los intendentes. Como viene contando LPO, jefes comunales de distintas extracciones sostienen que sus sistemas sanitarios est\u00e1n ingresando en fase cr\u00edtica.<\/p>\n<p><a href=\"https:\/\/www.lapoliticaonline.com\/tools\/redirect.php?t=3&amp;i=285983&amp;s=6fb49593b2a9dfab077a6b50cb670cc9\" class=\"link-type-content content-type-noticia-ar\">Intendentes radicales alertan que sus sistemas de salud entran en fase cr\u00edtica y piden reunirse con Kicillof<\/a><\/p>\n<p>Ante el aumento de la demanda (en buena medida a ra\u00edz del brote de dengue) y el incremento en los costos de los insumos, en algunos casos mantener la capacidad de respuesta del \u00e1rea de Salud municipal les afecte el 40% de sus presupuestos. <\/p>\n<p>Tras haber comenzado la semana pasada con la campa\u00f1a de prevenci\u00f3n en medios, el ministro de Salud nacional, Mario Russo, dijo que la vacuna contra el dengue &#8220;no es efectiva para mitigar el brote&#8221; y agreg\u00f3 que &#8220;har\u00edan falta ocho a\u00f1os de inmunizaciones&#8221; para combatir la ola de casos.<\/p>\n<p>Mientras el gobierno nacional acusa a la gesti\u00f3n anterior por el pico de casos, en la oposici\u00f3n proliferan los cuestionamientos a la actitud del gobierno libertario frente a esta crisis.<\/p>\n<p class=\"authorquote\" title=\"Nicol\u00e1s Kreplak\">&nbsp;No hab\u00eda que esperar hasta marzo, sino que el 11 de diciembre hab\u00eda que arrancar con un plan de gobierno que tenga como primera emergencia resolver esto&nbsp;<\/p>\n<p>El presidente de la UCR, Mart\u00edn Lousteau tambi\u00e9n focaliz\u00f3 en la falta de repelentes y c\u00f3mo eso provoc\u00f3 una estampida en el precio del producto. <\/p>\n<p>&#8220;Tener un Estado grande y deforme es un problema pero caer en la trampa del Estado m\u00ednimo como el que le gusta a Javier Milei tampoco es la soluci\u00f3n&#8221;, dijo el senador radical. <\/p>\n<p>Y agreg\u00f3: &#8220;Por eso, mientras tenemos m\u00e1s de 150 mil contagiados y casi 130 muertos, en Mercado Libre el repelente m\u00e1s conocido en aerosol vale 16.000 pesos en su envase de 60g. Este es justo un caso en donde un buen Estado tiene disponible m\u00e1s informaci\u00f3n m\u00e1s r\u00e1pido que el mercado. Y puede ayudar a coordinar respuestas si toma decisiones o comparte la informaci\u00f3n a tiempo. Se llama pol\u00edtica p\u00fablica de salud&#8221;.<\/p>\n","protected":false},"excerpt":{"rendered":"\n<div class=\"media_block\"><img decoding=\"async\" src=\"http:\/\/latecordoba.com\/wp-content\/uploads\/2024\/04\/ante-el-brote-de-dengue-en-el-gobierno-de-kicillof-reclaman-que-milei-intervenga-en-la-produccion-de-repelentes.jpg\"><\/div>\n<p>Kreplak dijo que deber\u00eda interceder el Estado nacional para aumentar la producci\u00f3n o fabricarlos. Ya hay m\u00e1s de 180 mil contagios. El AMBA, la regi\u00f3n m\u00e1s afectada.  <\/p>\n","protected":false},"author":1,"featured_media":21734,"comment_status":"closed","ping_status":"closed","sticky":false,"template":"","format":"standard","meta":[],"categories":[18],"tags":[],"_links":{"self":[{"href":"https:\/\/latecordoba.com\/index.php\/wp-json\/wp\/v2\/posts\/21733"}],"collection":[{"href":"https:\/\/latecordoba.com\/index.php\/wp-json\/wp\/v2\/posts"}],"about":[{"href":"https:\/\/latecordoba.com\/index.php\/wp-json\/wp\/v2\/types\/post"}],"author":[{"embeddable":true,"href":"https:\/\/latecordoba.com\/index.php\/wp-json\/wp\/v2\/users\/1"}],"replies":[{"embeddable":true,"href":"https:\/\/latecordoba.com\/index.php\/wp-json\/wp\/v2\/comments?post=21733"}],"version-history":[{"count":0,"href":"https:\/\/latecordoba.com\/index.php\/wp-json\/wp\/v2\/posts\/21733\/revisions"}],"wp:featuredmedia":[{"embeddable":true,"href":"https:\/\/latecordoba.com\/index.php\/wp-json\/wp\/v2\/media\/21734"}],"wp:attachment":[{"href":"https:\/\/latecordoba.com\/index.php\/wp-json\/wp\/v2\/media?parent=21733"}],"wp:term":[{"taxonomy":"category","embeddable":true,"href":"https:\/\/latecordoba.com\/index.php\/wp-json\/wp\/v2\/categories?post=21733"},{"taxonomy":"post_tag","embeddable":true,"href":"https:\/\/latecordoba.com\/index.php\/wp-json\/wp\/v2\/tags?post=21733"}],"curies":[{"name":"wp","href":"https:\/\/api.w.org\/{rel}","templated":true}]}}