{"id":21731,"date":"2024-04-02T20:28:05","date_gmt":"2024-04-02T20:28:05","guid":{"rendered":"https:\/\/viapais.com.ar\/arroyito\/este-martes-2-en-el-nuevo-savatero-se-juega-el-clasico-entre-el-cultural-y-el-sportivo-24\/"},"modified":"2024-04-02T20:28:05","modified_gmt":"2024-04-02T20:28:05","slug":"el-cultural-le-gano-en-reserva-al-sportivo-por-1-a-0-y-empatan-en-cero-en-el-clasico-en-primera-division","status":"publish","type":"post","link":"https:\/\/latecordoba.com\/index.php\/2024\/04\/02\/el-cultural-le-gano-en-reserva-al-sportivo-por-1-a-0-y-empatan-en-cero-en-el-clasico-en-primera-division\/","title":{"rendered":"El Cultural le gan\u00f3 en reserva al Sportivo por 1 a 0 y empatan en cero en el cl\u00e1sico en Primera Divisi\u00f3n"},"content":{"rendered":"\n<p>En nuestra ciudad es tiempo de cl\u00e1sico,<b> el Deportivo y Cultural recibe al Sportivo 24 de Septiembre. <\/b>Desde las <b>14 hs. se disput\u00f3 en categor\u00eda reserva<\/b> donde<b> la Verde<\/b> se hizo due\u00f1o del Cl\u00e1sico <b>por 1 a 0 con gol de Federico Illarra. Desde las 16 hs. y ya finalizado el primer tiempo empatan en 0 en primera<\/b><\/p>\n<figure><picture><img alt=\"F\u00fatbol Deportivo y Cultural Arroyito reserva\" class=\" block \" src=\"http:\/\/latecordoba.com\/wp-content\/uploads\/2024\/04\/el-cultural-le-gano-en-reserva-al-sportivo-por-1-a-0-y-empatan-en-cero-en-el-clasico-en-primera-division.jpg\" sizes=\"auto\" loading=\"lazy\" data-src=\"http:\/\/latecordoba.com\/wp-content\/uploads\/2024\/04\/el-cultural-le-gano-en-reserva-al-sportivo-por-1-a-0-y-empatan-en-cero-en-el-clasico-en-primera-division.jpg\" width=\"1023px\" fetchpriority=\"low\" decoding=\"async\" height=\"689px\"><\/picture><figcaption class>F\u00fatbol Deportivo y Cultural Arroyito reserva Foto: Arroyito Deportivo<\/figcaption><\/figure>\n<p><b>El inicio de la sexta jornada del torneo<\/b> que organiza la Liga Regional de F\u00fatbol San Francisco se dio el domingo con los <b>triunfos de Belgrano de R\u00edo Primero<\/b> sobre Pueblos Unidos de La Tordilla <b>por 2-1 <\/b>y la victoria de <b>Sarmiento por el mismo resultado<\/b> sobre el Ateneo de Santa Rosa. <\/p>\n<p>Adem\u00e1s, este martes 2 juegan tambi\u00e9n <b>en Tr\u00e1nsito la V\u00e9lez ante Rivadavia<\/b>. Los horarios de son el de las <b>14 hs. en reserva y las 16 hs. el partido de primera.<\/b><\/p>\n<p>Vale decir que entre <b>mi\u00e9rcoles y jueves se desarroll\u00f3 la Fecha 5<\/b> del mismo certamen, donde el <b>Sportivo 24 de Septiembre perdi\u00f3 con la V\u00e9lez de Tr\u00e1nsito por 1-0<\/b>, el <b>Cultural fue derrotado en La Tordilla por el CAPU por 1 a 0,<\/b> Rivadavia en R\u00edo Primero le gan\u00f3 2-0 a Sarmiento y el Atl\u00e9tico Santa Rosa gole\u00f3 por 3-0 a Belgrano de R\u00edo Primero.<\/p>\n<p>Hasta aqu\u00ed <b>con dos partidos por jugar <\/b>la clasificaci\u00f3n tiene a <b>3 l\u00edderes, el Atl\u00e9tico de Santa Rosa, Rivadavia y Belgrano de R\u00edo Primero <\/b>con 12 puntos, Pueblos Unidos sumando 10 unidades, el <b>Cultural Arroyito con 6 puntos<\/b>, 4 puntos para el Ateneo y Sarmiento, el equipo de Tr\u00e1nsito tiene 3 unidades y <b>el Sportivo 24 acumula un punto.<\/b><\/p>\n<p><i>Foto: gentileza Arroyito Deportivo.<\/i><\/p>\n","protected":false},"excerpt":{"rendered":"<p>En nuestra ciudad es tiempo de cl\u00e1sico, el Deportivo y Cultural recibe al Sportivo 24 de Septiembre. Desde las 14 hs. se disput\u00f3 en categor\u00eda reserva donde la Verde se hizo due\u00f1o del Cl\u00e1sico por 1 a 0 con gol de Federico Illarra. Desde las 16 hs. y ya finalizado el primer tiempo empatan en [&hellip;]<\/p>\n","protected":false},"author":1,"featured_media":21732,"comment_status":"closed","ping_status":"closed","sticky":false,"template":"","format":"standard","meta":[],"categories":[15],"tags":[],"_links":{"self":[{"href":"https:\/\/latecordoba.com\/index.php\/wp-json\/wp\/v2\/posts\/21731"}],"collection":[{"href":"https:\/\/latecordoba.com\/index.php\/wp-json\/wp\/v2\/posts"}],"about":[{"href":"https:\/\/latecordoba.com\/index.php\/wp-json\/wp\/v2\/types\/post"}],"author":[{"embeddable":true,"href":"https:\/\/latecordoba.com\/index.php\/wp-json\/wp\/v2\/users\/1"}],"replies":[{"embeddable":true,"href":"https:\/\/latecordoba.com\/index.php\/wp-json\/wp\/v2\/comments?post=21731"}],"version-history":[{"count":0,"href":"https:\/\/latecordoba.com\/index.php\/wp-json\/wp\/v2\/posts\/21731\/revisions"}],"wp:featuredmedia":[{"embeddable":true,"href":"https:\/\/latecordoba.com\/index.php\/wp-json\/wp\/v2\/media\/21732"}],"wp:attachment":[{"href":"https:\/\/latecordoba.com\/index.php\/wp-json\/wp\/v2\/media?parent=21731"}],"wp:term":[{"taxonomy":"category","embeddable":true,"href":"https:\/\/latecordoba.com\/index.php\/wp-json\/wp\/v2\/categories?post=21731"},{"taxonomy":"post_tag","embeddable":true,"href":"https:\/\/latecordoba.com\/index.php\/wp-json\/wp\/v2\/tags?post=21731"}],"curies":[{"name":"wp","href":"https:\/\/api.w.org\/{rel}","templated":true}]}}