{"id":21729,"date":"2024-04-02T09:54:00","date_gmt":"2024-04-02T09:54:00","guid":{"rendered":"https:\/\/viapais.com.ar\/carlos-paz\/actividades-por-un-nuevo-aniversario-de-malvinas\/"},"modified":"2024-04-02T09:54:00","modified_gmt":"2024-04-02T09:54:00","slug":"actividades-por-un-nuevo-aniversario-de-malvinas","status":"publish","type":"post","link":"https:\/\/latecordoba.com\/index.php\/2024\/04\/02\/actividades-por-un-nuevo-aniversario-de-malvinas\/","title":{"rendered":"Actividades por un nuevo aniversario de Malvinas"},"content":{"rendered":"\n<div><img decoding=\"async\" src=\"http:\/\/latecordoba.com\/wp-content\/uploads\/2024\/04\/actividades-por-un-nuevo-aniversario-de-malvinas.jpg\" class=\"ff-og-image-inserted\"><\/div>\n<section readability=\"24\">\n<p>Con motivo de conmemorarse <i><b>42 a\u00f1os de la Gesta de Malvinas<\/b><\/i>, el Municipio invit\u00f3 a participar de las actividades que se llevr\u00e1n adelante en la ciudad. <\/p>\n<p>En tanto, este lunes<b> 1 de abril<\/b> se realiz\u00f3 una Vigilia conmemorativa junto a <i><b>Veteranos de guerra y homenaje a los Ca\u00eddos.<\/b><\/i><\/p>\n<p><i><b>Actividades martes 2 de abril: <\/b><\/i><\/p>\n<p>La jornada comenzar\u00e1 a las<i><b> 10:00 horas<\/b><\/i> con el izamiento de la bandera en la plaza del <i><b>Club Argentino de Servicio (CAS)<\/b><\/i>, ubicada en Av. San Mart\u00edn. <\/p>\n<p>A continuaci\u00f3n, a las<i><b> 10:20 horas,<\/b><\/i> se realizar\u00e1 una caminata hacia la Plaza My. Fernando Casado.<\/p>\n<p>A las <i><b>10:45 horas,<\/b><\/i> se llevar\u00e1 a cabo un<i><b> acto de homenaje a los veteranos de guerra de la ciudad y a los ca\u00eddos en la Guerra de Malvinas<\/b><\/i>, en un emotivo encuentro que busca recordar y valorar el sacrificio de aquellos que lucharon por la soberan\u00eda nacional en las Islas Malvinas.<\/p>\n<\/section>\n","protected":false},"excerpt":{"rendered":"<p>Con motivo de conmemorarse 42 a\u00f1os de la Gesta de Malvinas, el Municipio invit\u00f3 a participar de las actividades que se llevr\u00e1n adelante en la ciudad. En tanto, este lunes 1 de abril se realiz\u00f3 una Vigilia conmemorativa junto a Veteranos de guerra y homenaje a los Ca\u00eddos. Actividades martes 2 de abril: La jornada [&hellip;]<\/p>\n","protected":false},"author":1,"featured_media":21730,"comment_status":"closed","ping_status":"closed","sticky":false,"template":"","format":"standard","meta":[],"categories":[15],"tags":[],"_links":{"self":[{"href":"https:\/\/latecordoba.com\/index.php\/wp-json\/wp\/v2\/posts\/21729"}],"collection":[{"href":"https:\/\/latecordoba.com\/index.php\/wp-json\/wp\/v2\/posts"}],"about":[{"href":"https:\/\/latecordoba.com\/index.php\/wp-json\/wp\/v2\/types\/post"}],"author":[{"embeddable":true,"href":"https:\/\/latecordoba.com\/index.php\/wp-json\/wp\/v2\/users\/1"}],"replies":[{"embeddable":true,"href":"https:\/\/latecordoba.com\/index.php\/wp-json\/wp\/v2\/comments?post=21729"}],"version-history":[{"count":0,"href":"https:\/\/latecordoba.com\/index.php\/wp-json\/wp\/v2\/posts\/21729\/revisions"}],"wp:featuredmedia":[{"embeddable":true,"href":"https:\/\/latecordoba.com\/index.php\/wp-json\/wp\/v2\/media\/21730"}],"wp:attachment":[{"href":"https:\/\/latecordoba.com\/index.php\/wp-json\/wp\/v2\/media?parent=21729"}],"wp:term":[{"taxonomy":"category","embeddable":true,"href":"https:\/\/latecordoba.com\/index.php\/wp-json\/wp\/v2\/categories?post=21729"},{"taxonomy":"post_tag","embeddable":true,"href":"https:\/\/latecordoba.com\/index.php\/wp-json\/wp\/v2\/tags?post=21729"}],"curies":[{"name":"wp","href":"https:\/\/api.w.org\/{rel}","templated":true}]}}